{"id":1225,"date":"2019-04-05T09:55:06","date_gmt":"2019-04-05T07:55:06","guid":{"rendered":"http:\/\/blog.mein-pflegejob.com\/?p=1225"},"modified":"2021-08-03T11:30:02","modified_gmt":"2021-08-03T09:30:02","slug":"anschreiben","status":"publish","type":"post","link":"https:\/\/www.mein-pflegejob.de\/blog\/anschreiben\/","title":{"rendered":"Das Anschreiben"},"content":{"rendered":"<div class=\"fusion-fullwidth fullwidth-box fusion-builder-row-1 fusion-flex-container nonhundred-percent-fullwidth non-hundred-percent-height-scrolling\" style=\"--awb-border-radius-top-left:0px;--awb-border-radius-top-right:0px;--awb-border-radius-bottom-right:0px;--awb-border-radius-bottom-left:0px;--awb-flex-wrap:wrap;\" ><div class=\"fusion-builder-row fusion-row fusion-flex-align-items-flex-start fusion-flex-content-wrap\" style=\"max-width:93.6%;margin-left: calc(-4% \/ 2 );margin-right: calc(-4% \/ 2 );\"><div class=\"fusion-layout-column fusion_builder_column fusion-builder-column-0 fusion_builder_column_1_1 1_1 fusion-flex-column\" style=\"--awb-bg-blend:overlay;--awb-bg-size:cover;--awb-width-large:100%;--awb-margin-top-large:20px;--awb-spacing-right-large:1.92%;--awb-margin-bottom-large:20px;--awb-spacing-left-large:1.92%;--awb-width-medium:100%;--awb-spacing-right-medium:1.92%;--awb-spacing-left-medium:1.92%;--awb-width-small:100%;--awb-spacing-right-small:1.92%;--awb-spacing-left-small:1.92%;\"><div class=\"fusion-column-wrapper fusion-flex-justify-content-flex-start fusion-content-layout-column\"><div class=\"fusion-widget fusion-widget-element fusion-widget-area fusion-content-widget-area wpWidget-1 fusion-widget-align-center fusion-widget-mobile-align-center bcn_widget\" style=\"--awb-fusion-border-size:0px;--awb-fusion-border-style:solid;\"><div class=\"widget widget_breadcrumb_navxt\"><div class=\"breadcrumbs\" itemscope itemtype=\"https:\/\/schema.org\/BreadcrumbList\"><!-- Breadcrumb NavXT 7.4.1 -->\n<span property=\"itemListElement\" typeof=\"ListItem\">\r\n<a property=\"item\" typeof=\"WebPage\" title=\"Gehe zur Startseite.\" href=\"https:\/\/www.mein-pflegejob.de\/blog\/\" class=\"home\" aria-current=\"page\"><span property=\"name\">Startseite<\/span><\/a>\r\n<meta property=\"position\" content=\"1\"><\/span><\/div><\/div><\/div><\/div><\/div><div class=\"fusion-layout-column fusion_builder_column fusion-builder-column-1 fusion_builder_column_1_6 1_6 fusion-flex-column\" style=\"--awb-bg-size:cover;--awb-width-large:16.666666666667%;--awb-margin-top-large:20px;--awb-spacing-right-large:11.52%;--awb-margin-bottom-large:20px;--awb-spacing-left-large:11.52%;--awb-width-medium:100%;--awb-spacing-right-medium:1.92%;--awb-spacing-left-medium:1.92%;--awb-width-small:100%;--awb-spacing-right-small:1.92%;--awb-spacing-left-small:1.92%;\"><div class=\"fusion-column-wrapper fusion-column-has-shadow fusion-flex-justify-content-flex-start fusion-content-layout-column\"><\/div><\/div><div class=\"fusion-layout-column fusion_builder_column fusion-builder-column-2 fusion_builder_column_2_3 2_3 fusion-flex-column\" style=\"--awb-bg-size:cover;--awb-width-large:66.666666666667%;--awb-margin-top-large:20px;--awb-spacing-right-large:2.88%;--awb-margin-bottom-large:20px;--awb-spacing-left-large:2.88%;--awb-width-medium:100%;--awb-spacing-right-medium:1.92%;--awb-spacing-left-medium:1.92%;--awb-width-small:100%;--awb-spacing-right-small:1.92%;--awb-spacing-left-small:1.92%;\"><div class=\"fusion-column-wrapper fusion-column-has-shadow fusion-flex-justify-content-flex-start fusion-content-layout-column\"><div class=\"fusion-text fusion-text-1\"><p>Das Anschreiben ist das Herzst\u00fcck einer Bewerbung. Dies gilt auch f\u00fcr Berufe in der der Pflege. Oft entscheidet das Schreiben dar\u00fcber, ob der Personaler sich weiter mit der Bewerbung befasst oder diese gleich wieder aus der Hand legt.<\/p>\n<p>Neben inhaltlichen Eigenheiten entscheiden auch der Zustand der Bewerbung sowie die Form \u00fcber die Chancen auf den angestrebten Beruf. Ist ein Anschreiben oder auch die gesamte Bewerbung auf unsauberem Papier gedruckt, enth\u00e4lt viele Rechtschreibfehler oder hat Eselsohren, so wirft dies auch auf den Bewerber kein gutes Licht und f\u00fchrt h\u00e4ufig zu einer Absage. Doch auch inhaltlich gilt es einiges zu beachten.<\/p>\n<h2 id=\"inhaltsverzeichnis\">Inhaltsverzeichnis<\/h2>\n<ul>\n<li><a href=\"#strategie\">Eine Strategie entwickeln<\/a><\/li>\n<li><a href=\"#form\">Auf die Form achten<\/a><\/li>\n<li><a href=\"#formulieren\">Richtig formulieren<\/a><\/li>\n<\/ul>\n<\/div><div class=\"fusion-separator\" style=\"align-self: center;margin-left: auto;margin-right: auto;margin-top:20px;margin-bottom:20px;width:100%;max-width:500px;\"><div class=\"fusion-separator-border sep-single sep-solid\" style=\"--awb-height:20px;--awb-amount:20px;border-color:#d1d1d1;border-top-width:2px;\"><\/div><\/div><div class=\"fusion-text fusion-text-2\"><h2 id=\"strategie\">Eine Strategie entwickeln<\/h2>\n<p>Ehe mit der Formulierung des eigentlichen Anschreibens begonnen wird, sollte eine Strategie entwickelt werden. Dabei ist es hilfreich, einige f\u00fcr die Bewerbung relevante Fragen zu formulieren und diese im Vorfeld f\u00fcr sich selbst zu beantworten.<\/p>\n<div class=\"checklist\">\n<h4>Vor\u00fcberlegungen zur Strategieentwicklung<\/h4>\n<ul>\n<li>Worauf wird in diesem Unternehmen Wert gelegt? Was ist die<br \/>\nUnternehmensphilosophie?<\/li>\n<li>Nach welcher Person sucht das Unternehmen?<\/li>\n<li>An welchen Stellen der eigenen Biographie zeigt sich, dass die<br \/>\npers\u00f6nlichen Wertvorstellungen mit denen des Unternehmens \u00fcbereinstimmen?<\/li>\n<li>Gibt es pers\u00f6nliche Bez\u00fcge zum Unternehmen?<\/li>\n<li>Welche F\u00e4higkeiten und Erfahrungen werden in dieser Position verlangt?<\/li>\n<li>Inwiefern stimmen die eigenen Qualifikationen und Erfahrungen mit dem<br \/>\nStellenprofil \u00fcberein?<\/li>\n<\/ul>\n<\/div>\n<p>Ziel dieser Strategie ist es, den Personalverantwortlichen mit dem Anschreiben neugierig auf den Bewerber zu machen. Daher sollte auch im Anschreiben versucht werden, dem Personaler das Gef\u00fchl zu vermitteln, dass bereits eine intensive Besch\u00e4ftigung mit dem Unternehmen stattgefunden hat und der Bewerber gut ins Team passt. Um das zu erreichen, m\u00fcssen der Bewerber sich genau mit dem Unternehmen<br \/>\nund den Anforderungen der Stelle auseinandersetzen.<\/p>\n<\/div><div class=\"fusion-separator\" style=\"align-self: center;margin-left: auto;margin-right: auto;margin-top:20px;margin-bottom:20px;width:100%;max-width:500px;\"><div class=\"fusion-separator-border sep-single sep-solid\" style=\"--awb-height:20px;--awb-amount:20px;border-color:#d1d1d1;border-top-width:2px;\"><\/div><\/div><div class=\"fusion-text fusion-text-3\"><h2 id=\"form\">Auf die Form achten<\/h2>\n<p>Neben Inhalt und Formulierung spielt auch die Form des Anschreibens eine entscheidende Rolle bei der Bewerbung. Daher sollte darauf geachtet werden, dass bei dem Verfassen des Anschreibens die Form eines f\u00f6rmlichen Briefs eingehalten wird.<\/p>\n<p>Dieser enth\u00e4lt folgende Punkte:<\/p>\n<div class=\"checklist\">\n<ul>\n<li>Absender- und Empf\u00e4ngeradresse werden oben links eingef\u00fcgt.<\/li>\n<li>Ort und Datum werden rechtsb\u00fcndig eingesetzt.<\/li>\n<li>Der Betreff sollte in einer Zeile das Anliegen schildern \u2013 dabei<br \/>\nd\u00fcrfen gerne kreative Formulierungen genutzt werden, um aus der Masse<br \/>\nherauszustechen: Beispielsweise statt einer g\u00e4ngigen Floskel wie \u201eBewerbung<br \/>\nals Pflegefachkraft\u201c den Betreff \u201eEngagierte Pflegerin m\u00f6chte Ihr Team<br \/>\nverst\u00e4rken\u201c w\u00e4hlen.<\/li>\n<li>Mit der pers\u00f6nlichen Anrede beginnt das eigentliche Anschreiben.<\/li>\n<li>Im ersten Teil wird der Grund des Schreibens dargelegt.<\/li>\n<li>Darauf folgt eine Darstellung der eigenen Qualifikationen und<br \/>\nErfahrungen, dabei kann auf die Vor\u00fcberlegungen zur\u00fcckgegriffen werden.<\/li>\n<li>Die Schlussformel rundet das Anschreiben ab.<\/li>\n<\/ul>\n<\/div>\n<p>Ist das Anschreiben in der passenden Form formuliert, wirft dies ein positives Licht auf den Bewerber. So kann dieser damit bereits eine ordentliche und strukturierte Arbeitsweise unter Beweis stellen und zudem das hohe Interesse an der freien Stelle zum Ausdruck bringen.<\/p>\n<\/div><div class=\"fusion-separator\" style=\"align-self: center;margin-left: auto;margin-right: auto;margin-top:20px;margin-bottom:20px;width:100%;max-width:500px;\"><div class=\"fusion-separator-border sep-single sep-solid\" style=\"--awb-height:20px;--awb-amount:20px;border-color:#d1d1d1;border-top-width:2px;\"><\/div><\/div><div class=\"fusion-text fusion-text-4\"><h2 id=\"formulieren\">Richtig formulieren<\/h2>\n<p>Steht die \u00e4u\u00dfere Form, so kann mit der Formulierung begonnen werden. Dabei ist die passende Formulierung des Anschreibens das A und O. Vor allem darauf an, den richtigen Ton zu treffen. Ein Anschreiben sollte pers\u00f6nlich formuliert werden und stets darauf abzielen, die eigenen St\u00e4rken hervorzutun.<\/p>\n<div class=\"infobox\">\n<h4>Tipp<\/h4>\n<p>Ein Anschreiben sollte immer pers\u00f6nlich und individuell formuliert werden. Daher sollte darauf verzichtet werden, auf vorformulierte Floskeln aus<br \/>\nVorlagen aus dem Internet zur\u00fcckzugreifen.<\/p>\n<\/div>\n<p>In der Anrede sollte nicht auf eine allgemeine Ansprache wie \u201eSehr geehrte Damen und Herrn\u201c zur\u00fcckgegriffen werden. Stattdessen empfiehlt es sich, den Personalverantwortlichen direkt mit seinem Namen anzusprechen. Auf diese Weise kann direkt mit Beginn des Anschreibens eine Beziehung aufgebaut werden. Zudem sticht der Bewerber aus der Masse heraus.<\/p>\n<p>Der erste Teil des Anschreibens kann dazu genutzt werden, eine Verbindung zur ausgeschriebenen Stelle und zum Unternehmen herzustellen. So kann an dieser Stelle auf die Stellenanzeige verwiesen werden sowie auf eventuelle Kontaktaufnahmen, die der eigentlichen Bewerbung vorausgegangen sind. Au\u00dferdem kann die Wahl des Unternehmens begr\u00fcndet werden. Beispielsweise k\u00f6nnen Punkte aufgef\u00fchrt werden, die dem Bewerber am jeweiligen Unternehmen besonders zusagen.<\/p>\n<h4>Beispiel<\/h4>\n<p>Sehr geehrter Herr M\u00fcller,<br \/>\nnach dem pers\u00f6nlichen Gespr\u00e4ch am Tag der offenen T\u00fcr mit Ihrer Kollegin<br \/>\nFrau Schmidt m\u00f6chte ich mich nun offiziell um die von Ihnen ausgeschriebene<br \/>\nStelle als Altenpflegerin bewerben. Am Tag der offenen T\u00fcr konnte ich bereits<br \/>\neinige Kontakte zu dem Team Ihres Pflegeheims kn\u00fcpfen und habe mich direkt<br \/>\nsehr wohl gef\u00fchlt. Zudem gef\u00e4llt mir die Integration des Heims in das regionale<br \/>\nLeben sowie dessen Zusammenarbeit mit ortsans\u00e4ssigen Vereinen.<\/p>\n<p>Der zweite Teil des Anschreibens, der den Hauptteil des Briefes bildet, dient dazu, die eigenen Qualifikationen und Kompetenzen herauszustellen, die den Bewerber f\u00fcr die zu besetzende Stelle qualifizieren. Dabei sollte im Optimalfall Bezug auf die Stellenausschreibung genommen werden.<\/p>\n<h4>Beispiel<\/h4>\n<p>In der Stellenausschreibung wird nach einer freundlichen Person gesucht,<br \/>\nf\u00fcr die N\u00e4chstenliebe und Verantwortung zentrale Werte darstellen.<\/p>\n<p>Im Anschreiben kann der Bewerber sich auf diese Anforderungen beziehen und<br \/>\nauf die eigene Person \u00fcbertragen:<\/p>\n<p>Als aktives Mitglied einer Kirchengemeinde ist N\u00e4chstenliebe ein zentraler<br \/>\nWert in meinem Leben und Handeln. Dieser kommt auch in meiner Jugendarbeit als<br \/>\nGruppenleiter einer Kindergruppe der Ministranten zum Ausdruck. Diese T\u00e4tigkeit<br \/>\nerfordert gleichzeitig ein hohes Verantwortungsbewusstsein, da ich in der Zeit<br \/>\nder w\u00f6chentlichen Gruppenstunde f\u00fcr das Wohlergehen und die Freizeitgestaltung<br \/>\nder Gruppenkinder zust\u00e4ndig bin.<\/p>\n<p>Wer seine St\u00e4rken und Wertvorstellungen durch private oder berufliche T\u00e4tigkeiten beweisen kann, ist klar im Vorteil und zeigt zudem, dass er die abstrakten Anforderungen mit praktischen Anwendungen verbinden kann.<\/p>\n<p>Eine blo\u00dfe Auflistung der Stichw\u00f6rter aus der Stellenanzeige ist dagegen wenig \u00fcberzeugend. Daher sollte der Bewerber die seiner Meinung nach wichtigsten Eigenschaften heraussuchen und sich auf diese konzentrieren. Es ist dabei allerdings kaum m\u00f6glich und auch nicht sinnvoll, detailliert auf jede Qualifikation einzugehen.<\/p>\n<p>Die Schlussformel kann nochmals dazu genutzt werden, das Interesse am Unternehmen zu bekunden und die Neugier des Personalers auf den Bewerber zu wecken. Zudem kann ein pers\u00f6nliches Vorstellungsgespr\u00e4ch angeboten werden, in dem Qualifikationen ausf\u00fchrlich besprochen werden k\u00f6nnen. Das bietet beiden Seiten im Vorstellungsgespr\u00e4ch einen guten Aufh\u00e4nger, der leicht eine Br\u00fccke zu detaillierteren Fragen der beruflichen Erfahrungen schl\u00e4gt. Zum Schluss ist es zudem \u00fcblich, den fr\u00fchestm\u00f6glichen Einstiegstermin zu nennen. Wenn in der Stellenanzeige ausdr\u00fccklich darum gebeten wird, nennt man auch die Gehaltsvorstellungen.<\/p>\n<p>Letztlich sollte das Anschreiben mit dem vollst\u00e4ndigen Namen und der pers\u00f6nlichen Unterschrift abgeschlossen werden.<\/p>\n<p>Das Anschreiben ist der Kern einer Bewerbung und kann T\u00fcren \u00f6ffnen. Daher ist es wichtig, sich f\u00fcr die Formulierung ausreichend Zeit zu nehmen und den Inhalt bestm\u00f6glich auszufeilen. So steigen auch die Chancen, zu einem Vorstellungsgespr\u00e4ch eingeladen zu werden.<\/p>\n<\/div><\/div><\/div><div class=\"fusion-layout-column fusion_builder_column fusion-builder-column-3 fusion_builder_column_1_6 1_6 fusion-flex-column\" style=\"--awb-bg-size:cover;--awb-width-large:16.666666666667%;--awb-margin-top-large:20px;--awb-spacing-right-large:11.52%;--awb-margin-bottom-large:20px;--awb-spacing-left-large:11.52%;--awb-width-medium:100%;--awb-spacing-right-medium:1.92%;--awb-spacing-left-medium:1.92%;--awb-width-small:100%;--awb-spacing-right-small:1.92%;--awb-spacing-left-small:1.92%;\"><div class=\"fusion-column-wrapper fusion-column-has-shadow fusion-flex-justify-content-flex-start fusion-content-layout-column\"><\/div><\/div><\/div><\/div>\n","protected":false},"excerpt":{"rendered":"","protected":false},"author":1,"featured_media":2564,"comment_status":"open","ping_status":"closed","sticky":false,"template":"","format":"standard","meta":{"footnotes":""},"categories":[12],"tags":[],"yoast_head":"<!-- This site is optimized with the Yoast SEO plugin v23.4 - https:\/\/yoast.com\/wordpress\/plugins\/seo\/ -->\n<title>Das Anschreiben - Magazin Mein Pflegejob<\/title>\n<meta name=\"robots\" content=\"index, follow, max-snippet:-1, max-image-preview:large, max-video-preview:-1\" \/>\n<link rel=\"canonical\" href=\"https:\/\/www.mein-pflegejob.de\/blog\/anschreiben\/\" \/>\n<meta property=\"og:locale\" content=\"de_DE\" \/>\n<meta property=\"og:type\" content=\"article\" \/>\n<meta property=\"og:title\" content=\"Das Anschreiben - Magazin Mein Pflegejob\" \/>\n<meta property=\"og:url\" content=\"https:\/\/www.mein-pflegejob.de\/blog\/anschreiben\/\" \/>\n<meta property=\"og:site_name\" content=\"Magazin Mein Pflegejob\" \/>\n<meta property=\"article:publisher\" content=\"https:\/\/www.facebook.com\/meinpflegejob.meintraumjob\/\" \/>\n<meta property=\"article:published_time\" content=\"2019-04-05T07:55:06+00:00\" \/>\n<meta property=\"article:modified_time\" content=\"2021-08-03T09:30:02+00:00\" \/>\n<meta property=\"og:image\" content=\"https:\/\/www.mein-pflegejob.de\/blog\/media\/hello.jpg\" \/>\n\t<meta property=\"og:image:width\" content=\"994\" \/>\n\t<meta property=\"og:image:height\" content=\"663\" \/>\n\t<meta property=\"og:image:type\" content=\"image\/jpeg\" \/>\n<meta name=\"author\" content=\"Isabel\" \/>\n<meta name=\"twitter:card\" content=\"summary_large_image\" \/>\n<meta name=\"twitter:creator\" content=\"@mein_pflegejob\" \/>\n<meta name=\"twitter:site\" content=\"@mein_pflegejob\" \/>\n<script type=\"application\/ld+json\" class=\"yoast-schema-graph\">{\"@context\":\"https:\/\/schema.org\",\"@graph\":[{\"@type\":\"Article\",\"@id\":\"https:\/\/www.mein-pflegejob.de\/blog\/anschreiben\/#article\",\"isPartOf\":{\"@id\":\"https:\/\/www.mein-pflegejob.de\/blog\/anschreiben\/\"},\"author\":{\"name\":\"Isabel\",\"@id\":\"https:\/\/www.mein-pflegejob.de\/blog\/#\/schema\/person\/ff30bbd0c3f8ce574c42841b6dbef780\"},\"headline\":\"Das Anschreiben\",\"datePublished\":\"2019-04-05T07:55:06+00:00\",\"dateModified\":\"2021-08-03T09:30:02+00:00\",\"mainEntityOfPage\":{\"@id\":\"https:\/\/www.mein-pflegejob.de\/blog\/anschreiben\/\"},\"wordCount\":1855,\"commentCount\":0,\"publisher\":{\"@id\":\"https:\/\/www.mein-pflegejob.de\/blog\/#organization\"},\"image\":{\"@id\":\"https:\/\/www.mein-pflegejob.de\/blog\/anschreiben\/#primaryimage\"},\"thumbnailUrl\":\"https:\/\/www.mein-pflegejob.de\/blog\/media\/hello.jpg\",\"articleSection\":[\"Erfolgreich bewerben\"],\"inLanguage\":\"de\",\"potentialAction\":[{\"@type\":\"CommentAction\",\"name\":\"Comment\",\"target\":[\"https:\/\/www.mein-pflegejob.de\/blog\/anschreiben\/#respond\"]}]},{\"@type\":\"WebPage\",\"@id\":\"https:\/\/www.mein-pflegejob.de\/blog\/anschreiben\/\",\"url\":\"https:\/\/www.mein-pflegejob.de\/blog\/anschreiben\/\",\"name\":\"Das Anschreiben - Magazin Mein Pflegejob\",\"isPartOf\":{\"@id\":\"https:\/\/www.mein-pflegejob.de\/blog\/#website\"},\"primaryImageOfPage\":{\"@id\":\"https:\/\/www.mein-pflegejob.de\/blog\/anschreiben\/#primaryimage\"},\"image\":{\"@id\":\"https:\/\/www.mein-pflegejob.de\/blog\/anschreiben\/#primaryimage\"},\"thumbnailUrl\":\"https:\/\/www.mein-pflegejob.de\/blog\/media\/hello.jpg\",\"datePublished\":\"2019-04-05T07:55:06+00:00\",\"dateModified\":\"2021-08-03T09:30:02+00:00\",\"breadcrumb\":{\"@id\":\"https:\/\/www.mein-pflegejob.de\/blog\/anschreiben\/#breadcrumb\"},\"inLanguage\":\"de\",\"potentialAction\":[{\"@type\":\"ReadAction\",\"target\":[\"https:\/\/www.mein-pflegejob.de\/blog\/anschreiben\/\"]}]},{\"@type\":\"ImageObject\",\"inLanguage\":\"de\",\"@id\":\"https:\/\/www.mein-pflegejob.de\/blog\/anschreiben\/#primaryimage\",\"url\":\"https:\/\/www.mein-pflegejob.de\/blog\/media\/hello.jpg\",\"contentUrl\":\"https:\/\/www.mein-pflegejob.de\/blog\/media\/hello.jpg\",\"caption\":\"Hallo! (Quelle: pexels rawpixel -alphabet-arms-raised-balloons-1389101)\"},{\"@type\":\"BreadcrumbList\",\"@id\":\"https:\/\/www.mein-pflegejob.de\/blog\/anschreiben\/#breadcrumb\",\"itemListElement\":[{\"@type\":\"ListItem\",\"position\":1,\"name\":\"Home\",\"item\":\"https:\/\/www.mein-pflegejob.de\/blog\/\"},{\"@type\":\"ListItem\",\"position\":2,\"name\":\"Das Anschreiben\"}]},{\"@type\":\"WebSite\",\"@id\":\"https:\/\/www.mein-pflegejob.de\/blog\/#website\",\"url\":\"https:\/\/www.mein-pflegejob.de\/blog\/\",\"name\":\"Magazin Mein Pflegejob\",\"description\":\"Der Stellenmarkt f\u00fcr die Pflegebranche\",\"publisher\":{\"@id\":\"https:\/\/www.mein-pflegejob.de\/blog\/#organization\"},\"potentialAction\":[{\"@type\":\"SearchAction\",\"target\":{\"@type\":\"EntryPoint\",\"urlTemplate\":\"https:\/\/www.mein-pflegejob.de\/blog\/?s={search_term_string}\"},\"query-input\":{\"@type\":\"PropertyValueSpecification\",\"valueRequired\":true,\"valueName\":\"search_term_string\"}}],\"inLanguage\":\"de\"},{\"@type\":\"Organization\",\"@id\":\"https:\/\/www.mein-pflegejob.de\/blog\/#organization\",\"name\":\"mein-pflegejob\",\"url\":\"https:\/\/www.mein-pflegejob.de\/blog\/\",\"logo\":{\"@type\":\"ImageObject\",\"inLanguage\":\"de\",\"@id\":\"https:\/\/www.mein-pflegejob.de\/blog\/#\/schema\/logo\/image\/\",\"url\":\"https:\/\/www.mein-pflegejob.de\/blog\/media\/Logo_klein.png\",\"contentUrl\":\"https:\/\/www.mein-pflegejob.de\/blog\/media\/Logo_klein.png\",\"width\":256,\"height\":80,\"caption\":\"mein-pflegejob\"},\"image\":{\"@id\":\"https:\/\/www.mein-pflegejob.de\/blog\/#\/schema\/logo\/image\/\"},\"sameAs\":[\"https:\/\/www.facebook.com\/meinpflegejob.meintraumjob\/\",\"https:\/\/x.com\/mein_pflegejob\",\"https:\/\/www.instagram.com\/meinpflegejob\/\",\"https:\/\/www.linkedin.com\/company\/mein-pflegejob-de\/\"]},{\"@type\":\"Person\",\"@id\":\"https:\/\/www.mein-pflegejob.de\/blog\/#\/schema\/person\/ff30bbd0c3f8ce574c42841b6dbef780\",\"name\":\"Isabel\"}]}<\/script>\n<!-- \/ Yoast SEO plugin. -->","yoast_head_json":{"title":"Das Anschreiben - Magazin Mein Pflegejob","robots":{"index":"index","follow":"follow","max-snippet":"max-snippet:-1","max-image-preview":"max-image-preview:large","max-video-preview":"max-video-preview:-1"},"canonical":"https:\/\/www.mein-pflegejob.de\/blog\/anschreiben\/","og_locale":"de_DE","og_type":"article","og_title":"Das Anschreiben - Magazin Mein Pflegejob","og_url":"https:\/\/www.mein-pflegejob.de\/blog\/anschreiben\/","og_site_name":"Magazin Mein Pflegejob","article_publisher":"https:\/\/www.facebook.com\/meinpflegejob.meintraumjob\/","article_published_time":"2019-04-05T07:55:06+00:00","article_modified_time":"2021-08-03T09:30:02+00:00","og_image":[{"width":994,"height":663,"url":"https:\/\/www.mein-pflegejob.de\/blog\/media\/hello.jpg","type":"image\/jpeg"}],"author":"Isabel","twitter_card":"summary_large_image","twitter_creator":"@mein_pflegejob","twitter_site":"@mein_pflegejob","schema":{"@context":"https:\/\/schema.org","@graph":[{"@type":"Article","@id":"https:\/\/www.mein-pflegejob.de\/blog\/anschreiben\/#article","isPartOf":{"@id":"https:\/\/www.mein-pflegejob.de\/blog\/anschreiben\/"},"author":{"name":"Isabel","@id":"https:\/\/www.mein-pflegejob.de\/blog\/#\/schema\/person\/ff30bbd0c3f8ce574c42841b6dbef780"},"headline":"Das Anschreiben","datePublished":"2019-04-05T07:55:06+00:00","dateModified":"2021-08-03T09:30:02+00:00","mainEntityOfPage":{"@id":"https:\/\/www.mein-pflegejob.de\/blog\/anschreiben\/"},"wordCount":1855,"commentCount":0,"publisher":{"@id":"https:\/\/www.mein-pflegejob.de\/blog\/#organization"},"image":{"@id":"https:\/\/www.mein-pflegejob.de\/blog\/anschreiben\/#primaryimage"},"thumbnailUrl":"https:\/\/www.mein-pflegejob.de\/blog\/media\/hello.jpg","articleSection":["Erfolgreich bewerben"],"inLanguage":"de","potentialAction":[{"@type":"CommentAction","name":"Comment","target":["https:\/\/www.mein-pflegejob.de\/blog\/anschreiben\/#respond"]}]},{"@type":"WebPage","@id":"https:\/\/www.mein-pflegejob.de\/blog\/anschreiben\/","url":"https:\/\/www.mein-pflegejob.de\/blog\/anschreiben\/","name":"Das Anschreiben - Magazin Mein Pflegejob","isPartOf":{"@id":"https:\/\/www.mein-pflegejob.de\/blog\/#website"},"primaryImageOfPage":{"@id":"https:\/\/www.mein-pflegejob.de\/blog\/anschreiben\/#primaryimage"},"image":{"@id":"https:\/\/www.mein-pflegejob.de\/blog\/anschreiben\/#primaryimage"},"thumbnailUrl":"https:\/\/www.mein-pflegejob.de\/blog\/media\/hello.jpg","datePublished":"2019-04-05T07:55:06+00:00","dateModified":"2021-08-03T09:30:02+00:00","breadcrumb":{"@id":"https:\/\/www.mein-pflegejob.de\/blog\/anschreiben\/#breadcrumb"},"inLanguage":"de","potentialAction":[{"@type":"ReadAction","target":["https:\/\/www.mein-pflegejob.de\/blog\/anschreiben\/"]}]},{"@type":"ImageObject","inLanguage":"de","@id":"https:\/\/www.mein-pflegejob.de\/blog\/anschreiben\/#primaryimage","url":"https:\/\/www.mein-pflegejob.de\/blog\/media\/hello.jpg","contentUrl":"https:\/\/www.mein-pflegejob.de\/blog\/media\/hello.jpg","caption":"Hallo! (Quelle: pexels rawpixel -alphabet-arms-raised-balloons-1389101)"},{"@type":"BreadcrumbList","@id":"https:\/\/www.mein-pflegejob.de\/blog\/anschreiben\/#breadcrumb","itemListElement":[{"@type":"ListItem","position":1,"name":"Home","item":"https:\/\/www.mein-pflegejob.de\/blog\/"},{"@type":"ListItem","position":2,"name":"Das Anschreiben"}]},{"@type":"WebSite","@id":"https:\/\/www.mein-pflegejob.de\/blog\/#website","url":"https:\/\/www.mein-pflegejob.de\/blog\/","name":"Magazin Mein Pflegejob","description":"Der Stellenmarkt f\u00fcr die Pflegebranche","publisher":{"@id":"https:\/\/www.mein-pflegejob.de\/blog\/#organization"},"potentialAction":[{"@type":"SearchAction","target":{"@type":"EntryPoint","urlTemplate":"https:\/\/www.mein-pflegejob.de\/blog\/?s={search_term_string}"},"query-input":{"@type":"PropertyValueSpecification","valueRequired":true,"valueName":"search_term_string"}}],"inLanguage":"de"},{"@type":"Organization","@id":"https:\/\/www.mein-pflegejob.de\/blog\/#organization","name":"mein-pflegejob","url":"https:\/\/www.mein-pflegejob.de\/blog\/","logo":{"@type":"ImageObject","inLanguage":"de","@id":"https:\/\/www.mein-pflegejob.de\/blog\/#\/schema\/logo\/image\/","url":"https:\/\/www.mein-pflegejob.de\/blog\/media\/Logo_klein.png","contentUrl":"https:\/\/www.mein-pflegejob.de\/blog\/media\/Logo_klein.png","width":256,"height":80,"caption":"mein-pflegejob"},"image":{"@id":"https:\/\/www.mein-pflegejob.de\/blog\/#\/schema\/logo\/image\/"},"sameAs":["https:\/\/www.facebook.com\/meinpflegejob.meintraumjob\/","https:\/\/x.com\/mein_pflegejob","https:\/\/www.instagram.com\/meinpflegejob\/","https:\/\/www.linkedin.com\/company\/mein-pflegejob-de\/"]},{"@type":"Person","@id":"https:\/\/www.mein-pflegejob.de\/blog\/#\/schema\/person\/ff30bbd0c3f8ce574c42841b6dbef780","name":"Isabel"}]}},"_links":{"self":[{"href":"https:\/\/www.mein-pflegejob.de\/blog\/wp-json\/wp\/v2\/posts\/1225"}],"collection":[{"href":"https:\/\/www.mein-pflegejob.de\/blog\/wp-json\/wp\/v2\/posts"}],"about":[{"href":"https:\/\/www.mein-pflegejob.de\/blog\/wp-json\/wp\/v2\/types\/post"}],"author":[{"embeddable":true,"href":"https:\/\/www.mein-pflegejob.de\/blog\/wp-json\/wp\/v2\/users\/1"}],"replies":[{"embeddable":true,"href":"https:\/\/www.mein-pflegejob.de\/blog\/wp-json\/wp\/v2\/comments?post=1225"}],"version-history":[{"count":3,"href":"https:\/\/www.mein-pflegejob.de\/blog\/wp-json\/wp\/v2\/posts\/1225\/revisions"}],"predecessor-version":[{"id":5447,"href":"https:\/\/www.mein-pflegejob.de\/blog\/wp-json\/wp\/v2\/posts\/1225\/revisions\/5447"}],"wp:featuredmedia":[{"embeddable":true,"href":"https:\/\/www.mein-pflegejob.de\/blog\/wp-json\/wp\/v2\/media\/2564"}],"wp:attachment":[{"href":"https:\/\/www.mein-pflegejob.de\/blog\/wp-json\/wp\/v2\/media?parent=1225"}],"wp:term":[{"taxonomy":"category","embeddable":true,"href":"https:\/\/www.mein-pflegejob.de\/blog\/wp-json\/wp\/v2\/categories?post=1225"},{"taxonomy":"post_tag","embeddable":true,"href":"https:\/\/www.mein-pflegejob.de\/blog\/wp-json\/wp\/v2\/tags?post=1225"}],"curies":[{"name":"wp","href":"https:\/\/api.w.org\/{rel}","templated":true}]}}