{"id":1297,"date":"2019-04-08T10:55:29","date_gmt":"2019-04-08T08:55:29","guid":{"rendered":"http:\/\/blog.mein-pflegejob.com\/?p=1297"},"modified":"2021-08-03T11:28:58","modified_gmt":"2021-08-03T09:28:58","slug":"lebenslauf","status":"publish","type":"post","link":"https:\/\/www.mein-pflegejob.de\/blog\/lebenslauf\/","title":{"rendered":"Der Lebenslauf"},"content":{"rendered":"<div class=\"fusion-fullwidth fullwidth-box fusion-builder-row-1 fusion-flex-container nonhundred-percent-fullwidth non-hundred-percent-height-scrolling\" style=\"--awb-border-radius-top-left:0px;--awb-border-radius-top-right:0px;--awb-border-radius-bottom-right:0px;--awb-border-radius-bottom-left:0px;--awb-flex-wrap:wrap;\" ><div class=\"fusion-builder-row fusion-row fusion-flex-align-items-flex-start fusion-flex-content-wrap\" style=\"max-width:93.6%;margin-left: calc(-4% \/ 2 );margin-right: calc(-4% \/ 2 );\"><div class=\"fusion-layout-column fusion_builder_column fusion-builder-column-0 fusion_builder_column_1_1 1_1 fusion-flex-column\" style=\"--awb-bg-blend:overlay;--awb-bg-size:cover;--awb-width-large:100%;--awb-margin-top-large:20px;--awb-spacing-right-large:1.92%;--awb-margin-bottom-large:20px;--awb-spacing-left-large:1.92%;--awb-width-medium:100%;--awb-spacing-right-medium:1.92%;--awb-spacing-left-medium:1.92%;--awb-width-small:100%;--awb-spacing-right-small:1.92%;--awb-spacing-left-small:1.92%;\"><div class=\"fusion-column-wrapper fusion-flex-justify-content-flex-start fusion-content-layout-column\"><div class=\"fusion-widget fusion-widget-element fusion-widget-area fusion-content-widget-area wpWidget-1 fusion-widget-align-center fusion-widget-mobile-align-center bcn_widget\" style=\"--awb-fusion-border-size:0px;--awb-fusion-border-style:solid;\"><div class=\"widget widget_breadcrumb_navxt\"><div class=\"breadcrumbs\" itemscope itemtype=\"https:\/\/schema.org\/BreadcrumbList\"><!-- Breadcrumb NavXT 7.4.1 -->\n<span property=\"itemListElement\" typeof=\"ListItem\">\r\n<a property=\"item\" typeof=\"WebPage\" title=\"Gehe zur Startseite.\" href=\"https:\/\/www.mein-pflegejob.de\/blog\/\" class=\"home\" aria-current=\"page\"><span property=\"name\">Startseite<\/span><\/a>\r\n<meta property=\"position\" content=\"1\"><\/span><\/div><\/div><\/div><\/div><\/div><div class=\"fusion-layout-column fusion_builder_column fusion-builder-column-1 fusion_builder_column_1_6 1_6 fusion-flex-column\" style=\"--awb-bg-size:cover;--awb-width-large:16.666666666667%;--awb-margin-top-large:20px;--awb-spacing-right-large:11.52%;--awb-margin-bottom-large:20px;--awb-spacing-left-large:11.52%;--awb-width-medium:100%;--awb-spacing-right-medium:1.92%;--awb-spacing-left-medium:1.92%;--awb-width-small:100%;--awb-spacing-right-small:1.92%;--awb-spacing-left-small:1.92%;\"><div class=\"fusion-column-wrapper fusion-column-has-shadow fusion-flex-justify-content-flex-start fusion-content-layout-column\"><\/div><\/div><div class=\"fusion-layout-column fusion_builder_column fusion-builder-column-2 fusion_builder_column_2_3 2_3 fusion-flex-column\" style=\"--awb-bg-size:cover;--awb-width-large:66.666666666667%;--awb-margin-top-large:20px;--awb-spacing-right-large:2.88%;--awb-margin-bottom-large:20px;--awb-spacing-left-large:2.88%;--awb-width-medium:100%;--awb-spacing-right-medium:1.92%;--awb-spacing-left-medium:1.92%;--awb-width-small:100%;--awb-spacing-right-small:1.92%;--awb-spacing-left-small:1.92%;\"><div class=\"fusion-column-wrapper fusion-column-has-shadow fusion-flex-justify-content-flex-start fusion-content-layout-column\"><div class=\"fusion-text fusion-text-1\"><p>Der Lebenslauf bildet gemeinsam mit dem Anschreiben den Kern einer Bewerbung. W\u00e4hrend im Anschreiben der Darstellung der eigenen Person Pluspunkte gesammelt werden k\u00f6nnen, sprechen im Lebenslauf Fakten f\u00fcr sich. Daher ist es besonders wichtig, sich Gliederung und Inhalt des Lebenslaufs im Vorfeld genau zu \u00fcberlegen.<\/p>\n<h2 id=\"inhaltsverzeichnis\">Inhaltsverzeichnis<\/h2>\n<ul>\n<li><a href=\"#gliederung\">1. Die Gliederung: Welche Punkte sollten enthalten sein?<\/a><\/li>\n<li><a href=\"#inhalt\">2. Der Inhalt: Was muss in den Lebenslauf?<\/a><\/li>\n<li><a href=\"#layout\">3. Layout: Gestalterische Vorgaben<\/a><\/li>\n<li><a href=\"#foto\">4. Foto: Im Ged\u00e4chtnis bleiben<\/a><\/li>\n<li><a href=\"#regeln\">5. Die goldenen Regeln f\u00fcr den Lebenslauf<\/a><\/li>\n<\/ul>\n<\/div><div class=\"fusion-separator\" style=\"align-self: center;margin-left: auto;margin-right: auto;margin-top:20px;margin-bottom:20px;width:100%;max-width:500px;\"><div class=\"fusion-separator-border sep-single sep-solid\" style=\"--awb-height:20px;--awb-amount:20px;border-color:#d1d1d1;border-top-width:2px;\"><\/div><\/div><div class=\"fusion-text fusion-text-2\"><h2 id=\"gliederung\">1. Die Gliederung: Welche Punkte sollten enthalten sein?<\/h2>\n<p>Ehe mit dem Verfassen des eigentlichen Lebenslaufs begonnen werden kann, sollte zuerst das grobe Ger\u00fcst stehen. Dabei ist es hilfreich, sich Gedanken \u00fcber eine m\u00f6gliche Gliederung zu machen. Welche Punkte sollten enthalten sein? Welche nicht?<\/p>\n<p>Wichtig ist vor allem, dass alle Gliederungspunkte klar erkennbar sind. Das bedeutet: Eindeutige \u00dcberschriften f\u00fcr die einzelnen Abschnitte w\u00e4hlen und diese durch Leerzeilen deutlich voneinander trennen. Eine gute Gliederung ist leserfreundlich und l\u00e4sst den Inhalt klar \u00fcberblicken.<\/p>\n<h4>Punkte, die im Lebenslauf enthalten sein sollten<\/h4>\n<ul>\n<li>1. \u00dcberschrift<\/li>\n<li>2. Angaben zur Person<\/li>\n<li>3. Ausbildung<\/li>\n<li>4. Berufserfahrung<\/li>\n<li>5. Zusatzqualifikationen<\/li>\n<li>6. Fort- und Weiterbildungen<\/li>\n<li>7. Hobbys \/ Engagement<\/li>\n<li>8. Ort, Datum und Unterschrift<\/li>\n<\/ul>\n<p>Mit der <strong>\u00dcberschrift<\/strong> beginnt der Lebenslauf und markiert diesen deutlich als solchen. Dabei kann der Bewerber selbst entscheiden, ob er den Titel \u201eLebenslauf\u201c oder die etwas ausgefallenere Variante \u201eCurriculum Vitae\u201c w\u00e4hlt. Wichtig ist nur, dass die \u00dcberschrift sich deutlich abhebt.<\/p>\n<p>Danach folgen die <strong>Angaben zur eignen Person<\/strong>. Dazu z\u00e4hlen der Vor- wie auch der Familienname, die Adresse, die Festnetz- und Mobiltelefonnummer, eine E-Mail-Adresse, das Geburtsdatum, der Geburtsort sowie der Familienstand.<\/p>\n<p>Angaben zur Religionszugeh\u00f6rigkeit sind in modernen Bewerbungen eher un\u00fcblich und nur dann von Belang, wenn die Bewerbung zum Beispiel um eine Stelle bei einer kirchlichen Institution erfolgt. Sollte der Bewerber kein deutscher Staatsangeh\u00f6riger sein, geben wird die Staatsangeh\u00f6rigkeit ebenfalls angegeben.<\/p>\n<p>Nicht alle dieser Angaben wie etwa da Geburtsdatum sind verpflichtend. Nichtsdestotrotz empfiehlt es sich, diese dem Lebenslauf beizuf\u00fcgen, da sie die Vertrauensw\u00fcrdigkeit des Bewerbers deutlich erh\u00f6hen.<\/p>\n<p>Danach folgt der Abschnitt zur <strong>Ausbildung<\/strong>. Unter diesen fallen alle Angaben zu Schule, Lehre, Praktikum und Studium. An dieser Stelle muss eine Entscheidung getroffen werden, denn der Lebenslauf kann entweder in chronologischer Reihenfolge vorw\u00e4rts oder r\u00fcckw\u00e4rts verfasst werden.<\/p>\n<p>Bewerbern mit Berufserfahrung empfiehlt es sich, mit den letzten T\u00e4tigkeiten zu beginnen, um diese in den Vordergrund zu stellen. Wer keine oder nur \u00fcber geringe Berufserfahrung verf\u00fcgt, kann hingegen die eigene Entwicklung hervorheben und mit der Schulbildung als erstem Punkt beginnen.<\/p>\n<p>Generell gilt: In der ersten Zeile sollte der sowie die exakte Bezeichnung der Ausbildungsst\u00e4tte und der Ausbildungsort aufgef\u00fchrt werden. Darauf folgen bei den Angaben zu der schulischen Laufbahn in der zweiten Zeile das Datum und die Note des Abschlusszeugnisses. Bei Angaben zu Ausbildung oder Praktika werden in der zweiten Zeile die Bereiche, in denen Sie die Ausbildung absolviert wurde. Wer Angaben zum Studium macht, gibt in Zeile zwei die Schwerpunkte seines Studiums sowie das Thema der Abschlussarbeit an. In allen F\u00e4llen erfolgt die Angabe des Datums und der Note des Abschlusszeugnisses folglich in der dritten Zeile.<\/p>\n<p>Im n\u00e4chsten Abschnitt geben gibt der Bewerber Auskunft \u00fcber seine <strong>Berufserfahrung<\/strong>. Auch hier werden der Arbeitszeitraum, der Arbeitgeber in korrekter Rechtsform und der Ort in der ersten Zeile angegeben, die Abteilung und Position in der zweiten sowie zwei bis f\u00fcnf T\u00e4tigkeitsmerkmale stichpunktartig in der dritten Zeile.<\/p>\n<p><strong>Zusatzqualifikationen<\/strong> bilden ebenfalls einen eigenen Absatz: Sprachkenntnisse erfolgen mit Angabe des jeweiligen Kenntnisstands &#8222;muttersprachliches Niveau\u201c, \u201eflie\u00dfend in Wort und Schrift\u201c, \u201egute Kenntnisse\u201c oder \u201eGrundkenntnisse\u201c. Auch Computerkenntnisse wie Office oder Programmiersprachen werden mit Qualifikationsstand angegeben. An dieser Stelle k\u00f6nnen auch besondere F\u00fchrerscheine, die in der angestrebten Stelle von Nutzen sind, aufgez\u00e4hlt werden.<\/p>\n<p><strong>Fort- und Weiterbildungen<\/strong> werden nur von Berufserfahrenen mit Datum, Bezeichnung der Fort- oder Weiterbildung, Dozent, Einrichtung und Ort aufgef\u00fchrt. Berufliche Auslandsaufenthalte sowie Auslandsaufenthalte von mehr als einem Monat werden ebenfalls mit Zeitraum und Grund des Aufenthalts angegeben.<\/p>\n<p>Ob die eigenen <strong>Hobbys oder besonderes Engagement<\/strong> zur Sprache gebracht werden sollen, muss von Fall zu Fall entschieden werden. Wer sich zum Beispiel als Erzieher bewirbt, unterst\u00fctzt seine Bewerbung mit der Angabe, sich in der Jugendgruppe seines \u00f6rtlichen Reitvereins zu engagieren. Haben Hobby und Stellenwunsch nichts miteinander gemein, sollte der Absatz lieber ausgelassen werden, da er zu wenig aussagekr\u00e4ftig ist.<\/p>\n<p>Den Abschluss des Dokuments bildet die Angabe von <strong>Ort, Datum und Unterschrift<\/strong>.<\/p>\n<\/div><div class=\"fusion-separator\" style=\"align-self: center;margin-left: auto;margin-right: auto;margin-top:20px;margin-bottom:20px;width:100%;max-width:500px;\"><div class=\"fusion-separator-border sep-single sep-solid\" style=\"--awb-height:20px;--awb-amount:20px;border-color:#d1d1d1;border-top-width:2px;\"><\/div><\/div><div class=\"fusion-text fusion-text-3\"><h2 id=\"inhalt\">2. Der Inhalt: Was muss in den Lebenslauf?<\/h2>\n<p>Auch wenn die Gliederung steht, sollte nicht wahllos das gesamte Vorleben im Lebenslauf abgebildet werden. Vor allem sollte die Vitae individuell auf das jeweilige Jobangebot angepasst werden, um so nicht den Personaler mit \u00fcberfl\u00fcssigen<br \/>\nInformationen zu vergraulen.<\/p>\n<p>Besonders gut kann dies umgesetzt werden, indem bei der Erstellung des Lebenslaufes auf die entsprechende Stellenausschreibung eingegangen wird. Dabei kann es hilfreich sein, sich zu \u00fcberlegen, welche Anforderungen mit den pers\u00f6nlichen Qualifikationen \u00fcbereinstimmen und bei welcher Gelegenheit diese Qualifikation schon einmal erbracht wurde. Durch das Aufgreifen von Schl\u00fcsselworten aus dem Stellengesuch kann dar\u00fcber hinaus gezeigt werden, dass der Bewerber sich mit der Stelle auseinandergesetzt hat und der Lebenslauf kein Standardschreiben ist, welches jeder Bewerbung beigelegt wird. Dies hinterl\u00e4sst einen guten Eindruck bei dem zust\u00e4ndigen Personaler.<\/p>\n<p>Zudem sollten bei der \u00dcberlegung, welche Informationen f\u00fcr die Bewerbung relevant sind, Schwerpunkte gesetzt werden. Dies bedeutet, dass im Lebenslauf lediglich Punkte aufgegriffen werden, die f\u00fcr die Stelle relevant sind.<\/p>\n<p>Geht es um Berufserfahrungen oder Ausbildungen, sollten diese stets t\u00e4tigkeitsbezogen geschildert werden. Dabei sollten vor allem konkrete Projekte, an denen der Bewerber beteiligt war wie auch Erfolge der Arbeit aufgez\u00e4hlt werden und nicht nur die Positionen, die er dabei innehatte. An dieser Stelle k\u00f6nnen Fachbegriffe aufgegriffen werden, die in der Branche \u00fcblich sind. So kann der Bewerber zeigen, dass er sich in der Fachwelt auskennt.<\/p>\n<p>Grunds\u00e4tzlich gilt: Weniger ist mehr! Nicht jeder Teil der Ausbildung und nicht jede Zusatzqualifikation sind zwangsl\u00e4ufig auch f\u00fcr die jeweilige Bewerbung von Belang. Zudem muss auch nicht jedes Arbeitszeugnis vorgelegt werden. Das aktuellste Zeugnis sollte selbstverst\u00e4ndlich beigef\u00fcgt sein. Dar\u00fcber hinaus gen\u00fcgt eine Auswahl der Zeugnisse, die f\u00fcr die Bewerbung relevant sind und die zur ausgeschriebenen Stelle passen.<\/p>\n<p>Zuletzt sollte die Bewerbung auf ihre Fehlerfreiheit \u00fcberpr\u00fcft werden. Rechtschreib- und sonstige Fehler sollten ausgemerzt werden und die Daten von Lebenslauf und Arbeitszeugnissen abgeglichen werden<\/p>\n<p>.<\/p>\n<\/div><div class=\"fusion-separator\" style=\"align-self: center;margin-left: auto;margin-right: auto;margin-top:20px;margin-bottom:20px;width:100%;max-width:500px;\"><div class=\"fusion-separator-border sep-single sep-solid\" style=\"--awb-height:20px;--awb-amount:20px;border-color:#d1d1d1;border-top-width:2px;\"><\/div><\/div><div class=\"fusion-text fusion-text-4\"><h2 id=\"layout\">3. Layout: Gestalterische Vorgaben<\/h2>\n<p>Ein Lebenslauf sollte zwar stets individuell verfasst und auf die Stellenausschreibung abgestimmt werden, dennoch gibt es einige Punkte, die<br \/>\nbeachtet werden sollten.<\/p>\n<p>Ein Lebenslauf wird in der Regel in tabellarischer Form verfasst. Bei der L\u00e4nge des Dokuments gilt als Faustregel: Berufserfahrene sollten maximal drei Seiten, Berufseinsteiger knapp zwei Seiten einreichen. Zus\u00e4tzlich kann man eine Leistungsbilanz \u2013 als Ausbildungssuchender eine Motivationsseite \u2013 beilegen.<\/p>\n<p>Auf au\u00dfergew\u00f6hnliche Schriftarten wie beispielsweise Comic Sans MS sollte in der Bewerbung verzichtet werden. Einen seri\u00f6sen Eindruck dagegen machen klare, gut lesbare Schriften wie Times New Roman, Arial, Palatino Linotype und Garamond.<\/p>\n<p>Die Schriftgr\u00f6\u00dfe sollte zwischen 10pt und 12pt liegen. Der Schriftgrad sollte normal sein. Daten werden fett hervorgehoben. Positionen und Noten k\u00f6nnen zur besseren Orientierung im Text unterstrichen werden.<\/p>\n<h4>Tipp<\/h4>\n<p>Der Lebenslauf sollte auf keinen Fall durch die Gr\u00f6\u00dfe der Schrift<br \/>\nbeeinflusst werden, um ihn zu strecken oder zu verk\u00fcrzen.<\/p>\n<\/div><div class=\"fusion-separator\" style=\"align-self: center;margin-left: auto;margin-right: auto;margin-top:20px;margin-bottom:20px;width:100%;max-width:500px;\"><div class=\"fusion-separator-border sep-single sep-solid\" style=\"--awb-height:20px;--awb-amount:20px;border-color:#d1d1d1;border-top-width:2px;\"><\/div><\/div><div class=\"fusion-text fusion-text-5\"><h2 id=\"foto\">4. Foto: Im Ged\u00e4chtnis bleiben<\/h2>\n<p>Auch wenn es keine Pflicht ist, dem Lebenslauf ein Foto beizuf\u00fcgen, ist es dennoch ratsam. Auf diese Weise kann ein anonymisiertes Blatt Papier mit einem Gesicht verkn\u00fcpft werden. So bleibt man als Bewerber besser im Ged\u00e4chtnis. Zudem<br \/>\nk\u00f6nnen noch vor der ersten pers\u00f6nlichen Begegnung durch ein passendes Foto erste Sympathiepunkte gewonnen werden. Bei der Auswahl des Fotos sollte beachtet werden, dass es sich um ein professionelles Bewerbungsfoto handelt. Dies sollte am besten von einem Fotografen<br \/>\naufgenommen werden. Ein schlichtes Hemd oder eine schlichte Bluse wecken den Eindruck von Seriosit\u00e4t, mit einem leichten L\u00e4cheln auf den Lippen k\u00f6nnen Sympathien geweckt werden.<\/p>\n<h4>Tipp<\/h4>\n<p>Urlaubsfotos oder Selfies \u2013 so sch\u00f6n sie auch sein m\u00f6gen \u2013 eignen sich<br \/>\nnicht f\u00fcr eine Bewerbung. Ein Besuch beim Fotografen ist schon f\u00fcr einen<br \/>\ngeringen Preis m\u00f6glich und zudem gut investiertes Geld.<\/p>\n<p>In der Bewerbung wird das Foto dem Lebenslauf beigef\u00fcgt. Dabei wird das Bild mit einer B\u00fcroklammer am oberen rechten Rand des Lebenslaufs befestigt. Alternativ kann es rechts oben leicht mit einem Klebestift befestigt werden.<\/p>\n<\/div><div class=\"fusion-separator\" style=\"align-self: center;margin-left: auto;margin-right: auto;margin-top:20px;margin-bottom:20px;width:100%;max-width:500px;\"><div class=\"fusion-separator-border sep-single sep-solid\" style=\"--awb-height:20px;--awb-amount:20px;border-color:#d1d1d1;border-top-width:2px;\"><\/div><\/div><div class=\"fusion-text fusion-text-6\"><h2 id=\"regeln\">5. Die goldenen Regeln f\u00fcr den Lebenslauf<\/h2>\n<p>Neben den allgemeinen Punkten, die beim Lebenslauf beachtet werden sollten, gibt es weitere goldene Regeln, die die Chance auf ein Vorstellungsgespr\u00e4ch deutlich erh\u00f6hen k\u00f6nnen.<\/p>\n<p>Zudem gibt es auch einige Tricks, die die M\u00f6glichkeit geben, eventuell negative Punkte zu besch\u00f6nigen. Wer beispielsweise schlechte Noten hat, sollte diese nicht unter den Tisch kehren, sondern offen damit umgehen. Gleichzeitig ist es aber wichtig, dass die praktischen F\u00e4higkeiten in den Vordergrund zu stellen. Dabei k\u00f6nnen T\u00e4tigkeiten und Projekte genannt werden, an denen der Bewerber sich beteiligt hat. Am besten spricht man schlechte Noten und andere negative Eintr\u00e4ge im Vorstellungsgespr\u00e4ch von sich aus an, so nimmt man dem Gegen\u00fcber den Wind aus den Segeln und zeigt zugleich, dass man sich seinen Schw\u00e4chen genauso bewusst ist wie seinen St\u00e4rken.<\/p>\n<p>Arbeitslosigkeit von ein bis zwei Monaten kann man ruhigen Gewissens als \u201eStellensuche\u201c oder \u201eBewerbungszeit\u201c angeben. Bei mehr als drei Monaten empfiehlt es sich, die Arbeitslosigkeit zu begr\u00fcnden, zum Beispiel mit einem Erziehungsjahr, einem Auslandsaufenthalt oder einem Krankheits- bzw. Pflegefall in der Familie. Dabei sollte aktiv beschrieben werden, was in dieser Zeit geleistet wurde. Vielleicht hat der Bewerber den Haushalt f\u00fcr die eigene Familie \u00fcbernommen, die Eltern gepflegt oder sich intensiv den Kindern gewidmet. \u201eSoft Skills\u201c wie Belastbarkeit und Zeitmanagement, die durch diese T\u00e4tigkeiten ausgebildet und unter Beweis gestellt werden, kann der Bewerber selbstbewusst aufz\u00e4hlen. Auf keinen Fall sollten hingegen T\u00e4tigkeiten erfunden werden, nur um unangenehme L\u00fccken zu f\u00fcllen.<\/p>\n<p>Dar\u00fcber hinaus gibt es f\u00fcnf goldene Regeln, die beim Lebenslauf immer erf\u00fcllt werden oder nie passieren sollten.<\/p>\n<h4>5 Goldene Regeln f\u00fcr den Lebenslauf<\/h4>\n<p><strong>Immer:<\/strong><\/p>\n<ul>\n<li>T\u00e4tigkeitsbezogen und aktiv formulieren<\/li>\n<li>Schl\u00fcsselw\u00f6rter aus der Stellenanzeige und dem Unternehmensbild einf\u00fcgen<\/li>\n<li>Eine gut lesbare Schrift (Times New Roman, Arial, Palatino Linotype,<br \/>\nGaramond) in 10-12pt verwenden<\/li>\n<li>Hervorhebung durch Fettdruck nur f\u00fcr Daten, Erfolge und Abschl\u00fcsse,<br \/>\ndurch Unterstreichen nur f\u00fcr \u00dcberschriften einsetzen<\/li>\n<li>Auf zwei, bei langj\u00e4hriger Berufserfahrung auf drei, Seiten beschr\u00e4nken<\/li>\n<\/ul>\n<p>Niemals:<\/p>\n<ul>\n<li>In ganzen S\u00e4tzen schreiben<\/li>\n<li>L\u00fccken im Lebenslauf durch erfundene T\u00e4tigkeiten f\u00fcllen<\/li>\n<li>Als Bewerbungsfoto Urlaubsschnappsch\u00fcsse, Aufnahmen mit dem Automaten,<br \/>\nHandy, Polaroid-Kamera oder eingescannte Bilder verwenden<\/li>\n<li>Kontaktdaten wie Telefonnummer oder E-Mail-Adresse vergessen<\/li>\n<li>Die chronologische Gliederung \u00e4ndern: Entweder schreibt der Bewerber<br \/>\nals Berufserfahrener chronologisch r\u00fcckw\u00e4rts oder als Berufseinsteiger<br \/>\nchronologisch vorw\u00e4rts<\/li>\n<\/ul>\n<p>&nbsp;<\/p>\n<p>Auch wenn es auf den ersten Blick viel erscheint, ist ein Lebenslauf doch schneller formuliert als gedacht. Werden dabei noch einige wichtige Punkte beachtet, steht einem Vorstellungsgespr\u00e4ch nichts mehr im Wege und der Traumjob kann kommen!<\/p>\n<\/div><\/div><\/div><div class=\"fusion-layout-column fusion_builder_column fusion-builder-column-3 fusion_builder_column_1_6 1_6 fusion-flex-column\" style=\"--awb-bg-size:cover;--awb-width-large:16.666666666667%;--awb-margin-top-large:20px;--awb-spacing-right-large:11.52%;--awb-margin-bottom-large:20px;--awb-spacing-left-large:11.52%;--awb-width-medium:100%;--awb-spacing-right-medium:1.92%;--awb-spacing-left-medium:1.92%;--awb-width-small:100%;--awb-spacing-right-small:1.92%;--awb-spacing-left-small:1.92%;\"><div class=\"fusion-column-wrapper fusion-column-has-shadow fusion-flex-justify-content-flex-start fusion-content-layout-column\"><\/div><\/div><\/div><\/div>\n","protected":false},"excerpt":{"rendered":"","protected":false},"author":1,"featured_media":2373,"comment_status":"open","ping_status":"closed","sticky":false,"template":"","format":"standard","meta":{"footnotes":""},"categories":[12],"tags":[],"yoast_head":"<!-- This site is optimized with the Yoast SEO plugin v23.4 - https:\/\/yoast.com\/wordpress\/plugins\/seo\/ -->\n<title>Der Lebenslauf - Magazin Mein Pflegejob<\/title>\n<meta name=\"robots\" content=\"index, follow, max-snippet:-1, max-image-preview:large, max-video-preview:-1\" \/>\n<link rel=\"canonical\" href=\"https:\/\/www.mein-pflegejob.de\/blog\/lebenslauf\/\" \/>\n<meta property=\"og:locale\" content=\"de_DE\" \/>\n<meta property=\"og:type\" content=\"article\" \/>\n<meta property=\"og:title\" content=\"Der Lebenslauf - Magazin Mein Pflegejob\" \/>\n<meta property=\"og:url\" content=\"https:\/\/www.mein-pflegejob.de\/blog\/lebenslauf\/\" \/>\n<meta property=\"og:site_name\" content=\"Magazin Mein Pflegejob\" \/>\n<meta property=\"article:publisher\" content=\"https:\/\/www.facebook.com\/meinpflegejob.meintraumjob\/\" \/>\n<meta property=\"article:published_time\" content=\"2019-04-08T08:55:29+00:00\" \/>\n<meta property=\"article:modified_time\" content=\"2021-08-03T09:28:58+00:00\" \/>\n<meta property=\"og:image\" content=\"https:\/\/www.mein-pflegejob.de\/blog\/media\/stift.jpg\" \/>\n\t<meta property=\"og:image:width\" content=\"1338\" \/>\n\t<meta property=\"og:image:height\" content=\"892\" \/>\n\t<meta property=\"og:image:type\" content=\"image\/jpeg\" \/>\n<meta name=\"author\" content=\"Isabel\" \/>\n<meta name=\"twitter:card\" content=\"summary_large_image\" \/>\n<meta name=\"twitter:creator\" content=\"@mein_pflegejob\" \/>\n<meta name=\"twitter:site\" content=\"@mein_pflegejob\" \/>\n<script type=\"application\/ld+json\" class=\"yoast-schema-graph\">{\"@context\":\"https:\/\/schema.org\",\"@graph\":[{\"@type\":\"Article\",\"@id\":\"https:\/\/www.mein-pflegejob.de\/blog\/lebenslauf\/#article\",\"isPartOf\":{\"@id\":\"https:\/\/www.mein-pflegejob.de\/blog\/lebenslauf\/\"},\"author\":{\"name\":\"Isabel\",\"@id\":\"https:\/\/www.mein-pflegejob.de\/blog\/#\/schema\/person\/ff30bbd0c3f8ce574c42841b6dbef780\"},\"headline\":\"Der Lebenslauf\",\"datePublished\":\"2019-04-08T08:55:29+00:00\",\"dateModified\":\"2021-08-03T09:28:58+00:00\",\"mainEntityOfPage\":{\"@id\":\"https:\/\/www.mein-pflegejob.de\/blog\/lebenslauf\/\"},\"wordCount\":2695,\"commentCount\":0,\"publisher\":{\"@id\":\"https:\/\/www.mein-pflegejob.de\/blog\/#organization\"},\"image\":{\"@id\":\"https:\/\/www.mein-pflegejob.de\/blog\/lebenslauf\/#primaryimage\"},\"thumbnailUrl\":\"https:\/\/www.mein-pflegejob.de\/blog\/media\/stift.jpg\",\"articleSection\":[\"Erfolgreich bewerben\"],\"inLanguage\":\"de\",\"potentialAction\":[{\"@type\":\"CommentAction\",\"name\":\"Comment\",\"target\":[\"https:\/\/www.mein-pflegejob.de\/blog\/lebenslauf\/#respond\"]}]},{\"@type\":\"WebPage\",\"@id\":\"https:\/\/www.mein-pflegejob.de\/blog\/lebenslauf\/\",\"url\":\"https:\/\/www.mein-pflegejob.de\/blog\/lebenslauf\/\",\"name\":\"Der Lebenslauf - Magazin Mein Pflegejob\",\"isPartOf\":{\"@id\":\"https:\/\/www.mein-pflegejob.de\/blog\/#website\"},\"primaryImageOfPage\":{\"@id\":\"https:\/\/www.mein-pflegejob.de\/blog\/lebenslauf\/#primaryimage\"},\"image\":{\"@id\":\"https:\/\/www.mein-pflegejob.de\/blog\/lebenslauf\/#primaryimage\"},\"thumbnailUrl\":\"https:\/\/www.mein-pflegejob.de\/blog\/media\/stift.jpg\",\"datePublished\":\"2019-04-08T08:55:29+00:00\",\"dateModified\":\"2021-08-03T09:28:58+00:00\",\"breadcrumb\":{\"@id\":\"https:\/\/www.mein-pflegejob.de\/blog\/lebenslauf\/#breadcrumb\"},\"inLanguage\":\"de\",\"potentialAction\":[{\"@type\":\"ReadAction\",\"target\":[\"https:\/\/www.mein-pflegejob.de\/blog\/lebenslauf\/\"]}]},{\"@type\":\"ImageObject\",\"inLanguage\":\"de\",\"@id\":\"https:\/\/www.mein-pflegejob.de\/blog\/lebenslauf\/#primaryimage\",\"url\":\"https:\/\/www.mein-pflegejob.de\/blog\/media\/stift.jpg\",\"contentUrl\":\"https:\/\/www.mein-pflegejob.de\/blog\/media\/stift.jpg\",\"caption\":\"Der Lebenslauf ist das Herzst\u00fcck der Bewerbung (Quelle: pexels:pixabay,com art-close-up-color-159731)\"},{\"@type\":\"BreadcrumbList\",\"@id\":\"https:\/\/www.mein-pflegejob.de\/blog\/lebenslauf\/#breadcrumb\",\"itemListElement\":[{\"@type\":\"ListItem\",\"position\":1,\"name\":\"Home\",\"item\":\"https:\/\/www.mein-pflegejob.de\/blog\/\"},{\"@type\":\"ListItem\",\"position\":2,\"name\":\"Der Lebenslauf\"}]},{\"@type\":\"WebSite\",\"@id\":\"https:\/\/www.mein-pflegejob.de\/blog\/#website\",\"url\":\"https:\/\/www.mein-pflegejob.de\/blog\/\",\"name\":\"Magazin Mein Pflegejob\",\"description\":\"Der Stellenmarkt f\u00fcr die Pflegebranche\",\"publisher\":{\"@id\":\"https:\/\/www.mein-pflegejob.de\/blog\/#organization\"},\"potentialAction\":[{\"@type\":\"SearchAction\",\"target\":{\"@type\":\"EntryPoint\",\"urlTemplate\":\"https:\/\/www.mein-pflegejob.de\/blog\/?s={search_term_string}\"},\"query-input\":{\"@type\":\"PropertyValueSpecification\",\"valueRequired\":true,\"valueName\":\"search_term_string\"}}],\"inLanguage\":\"de\"},{\"@type\":\"Organization\",\"@id\":\"https:\/\/www.mein-pflegejob.de\/blog\/#organization\",\"name\":\"mein-pflegejob\",\"url\":\"https:\/\/www.mein-pflegejob.de\/blog\/\",\"logo\":{\"@type\":\"ImageObject\",\"inLanguage\":\"de\",\"@id\":\"https:\/\/www.mein-pflegejob.de\/blog\/#\/schema\/logo\/image\/\",\"url\":\"https:\/\/www.mein-pflegejob.de\/blog\/media\/Logo_klein.png\",\"contentUrl\":\"https:\/\/www.mein-pflegejob.de\/blog\/media\/Logo_klein.png\",\"width\":256,\"height\":80,\"caption\":\"mein-pflegejob\"},\"image\":{\"@id\":\"https:\/\/www.mein-pflegejob.de\/blog\/#\/schema\/logo\/image\/\"},\"sameAs\":[\"https:\/\/www.facebook.com\/meinpflegejob.meintraumjob\/\",\"https:\/\/x.com\/mein_pflegejob\",\"https:\/\/www.instagram.com\/meinpflegejob\/\",\"https:\/\/www.linkedin.com\/company\/mein-pflegejob-de\/\"]},{\"@type\":\"Person\",\"@id\":\"https:\/\/www.mein-pflegejob.de\/blog\/#\/schema\/person\/ff30bbd0c3f8ce574c42841b6dbef780\",\"name\":\"Isabel\"}]}<\/script>\n<!-- \/ Yoast SEO plugin. -->","yoast_head_json":{"title":"Der Lebenslauf - Magazin Mein Pflegejob","robots":{"index":"index","follow":"follow","max-snippet":"max-snippet:-1","max-image-preview":"max-image-preview:large","max-video-preview":"max-video-preview:-1"},"canonical":"https:\/\/www.mein-pflegejob.de\/blog\/lebenslauf\/","og_locale":"de_DE","og_type":"article","og_title":"Der Lebenslauf - Magazin Mein Pflegejob","og_url":"https:\/\/www.mein-pflegejob.de\/blog\/lebenslauf\/","og_site_name":"Magazin Mein Pflegejob","article_publisher":"https:\/\/www.facebook.com\/meinpflegejob.meintraumjob\/","article_published_time":"2019-04-08T08:55:29+00:00","article_modified_time":"2021-08-03T09:28:58+00:00","og_image":[{"width":1338,"height":892,"url":"https:\/\/www.mein-pflegejob.de\/blog\/media\/stift.jpg","type":"image\/jpeg"}],"author":"Isabel","twitter_card":"summary_large_image","twitter_creator":"@mein_pflegejob","twitter_site":"@mein_pflegejob","schema":{"@context":"https:\/\/schema.org","@graph":[{"@type":"Article","@id":"https:\/\/www.mein-pflegejob.de\/blog\/lebenslauf\/#article","isPartOf":{"@id":"https:\/\/www.mein-pflegejob.de\/blog\/lebenslauf\/"},"author":{"name":"Isabel","@id":"https:\/\/www.mein-pflegejob.de\/blog\/#\/schema\/person\/ff30bbd0c3f8ce574c42841b6dbef780"},"headline":"Der Lebenslauf","datePublished":"2019-04-08T08:55:29+00:00","dateModified":"2021-08-03T09:28:58+00:00","mainEntityOfPage":{"@id":"https:\/\/www.mein-pflegejob.de\/blog\/lebenslauf\/"},"wordCount":2695,"commentCount":0,"publisher":{"@id":"https:\/\/www.mein-pflegejob.de\/blog\/#organization"},"image":{"@id":"https:\/\/www.mein-pflegejob.de\/blog\/lebenslauf\/#primaryimage"},"thumbnailUrl":"https:\/\/www.mein-pflegejob.de\/blog\/media\/stift.jpg","articleSection":["Erfolgreich bewerben"],"inLanguage":"de","potentialAction":[{"@type":"CommentAction","name":"Comment","target":["https:\/\/www.mein-pflegejob.de\/blog\/lebenslauf\/#respond"]}]},{"@type":"WebPage","@id":"https:\/\/www.mein-pflegejob.de\/blog\/lebenslauf\/","url":"https:\/\/www.mein-pflegejob.de\/blog\/lebenslauf\/","name":"Der Lebenslauf - Magazin Mein Pflegejob","isPartOf":{"@id":"https:\/\/www.mein-pflegejob.de\/blog\/#website"},"primaryImageOfPage":{"@id":"https:\/\/www.mein-pflegejob.de\/blog\/lebenslauf\/#primaryimage"},"image":{"@id":"https:\/\/www.mein-pflegejob.de\/blog\/lebenslauf\/#primaryimage"},"thumbnailUrl":"https:\/\/www.mein-pflegejob.de\/blog\/media\/stift.jpg","datePublished":"2019-04-08T08:55:29+00:00","dateModified":"2021-08-03T09:28:58+00:00","breadcrumb":{"@id":"https:\/\/www.mein-pflegejob.de\/blog\/lebenslauf\/#breadcrumb"},"inLanguage":"de","potentialAction":[{"@type":"ReadAction","target":["https:\/\/www.mein-pflegejob.de\/blog\/lebenslauf\/"]}]},{"@type":"ImageObject","inLanguage":"de","@id":"https:\/\/www.mein-pflegejob.de\/blog\/lebenslauf\/#primaryimage","url":"https:\/\/www.mein-pflegejob.de\/blog\/media\/stift.jpg","contentUrl":"https:\/\/www.mein-pflegejob.de\/blog\/media\/stift.jpg","caption":"Der Lebenslauf ist das Herzst\u00fcck der Bewerbung (Quelle: pexels:pixabay,com art-close-up-color-159731)"},{"@type":"BreadcrumbList","@id":"https:\/\/www.mein-pflegejob.de\/blog\/lebenslauf\/#breadcrumb","itemListElement":[{"@type":"ListItem","position":1,"name":"Home","item":"https:\/\/www.mein-pflegejob.de\/blog\/"},{"@type":"ListItem","position":2,"name":"Der Lebenslauf"}]},{"@type":"WebSite","@id":"https:\/\/www.mein-pflegejob.de\/blog\/#website","url":"https:\/\/www.mein-pflegejob.de\/blog\/","name":"Magazin Mein Pflegejob","description":"Der Stellenmarkt f\u00fcr die Pflegebranche","publisher":{"@id":"https:\/\/www.mein-pflegejob.de\/blog\/#organization"},"potentialAction":[{"@type":"SearchAction","target":{"@type":"EntryPoint","urlTemplate":"https:\/\/www.mein-pflegejob.de\/blog\/?s={search_term_string}"},"query-input":{"@type":"PropertyValueSpecification","valueRequired":true,"valueName":"search_term_string"}}],"inLanguage":"de"},{"@type":"Organization","@id":"https:\/\/www.mein-pflegejob.de\/blog\/#organization","name":"mein-pflegejob","url":"https:\/\/www.mein-pflegejob.de\/blog\/","logo":{"@type":"ImageObject","inLanguage":"de","@id":"https:\/\/www.mein-pflegejob.de\/blog\/#\/schema\/logo\/image\/","url":"https:\/\/www.mein-pflegejob.de\/blog\/media\/Logo_klein.png","contentUrl":"https:\/\/www.mein-pflegejob.de\/blog\/media\/Logo_klein.png","width":256,"height":80,"caption":"mein-pflegejob"},"image":{"@id":"https:\/\/www.mein-pflegejob.de\/blog\/#\/schema\/logo\/image\/"},"sameAs":["https:\/\/www.facebook.com\/meinpflegejob.meintraumjob\/","https:\/\/x.com\/mein_pflegejob","https:\/\/www.instagram.com\/meinpflegejob\/","https:\/\/www.linkedin.com\/company\/mein-pflegejob-de\/"]},{"@type":"Person","@id":"https:\/\/www.mein-pflegejob.de\/blog\/#\/schema\/person\/ff30bbd0c3f8ce574c42841b6dbef780","name":"Isabel"}]}},"_links":{"self":[{"href":"https:\/\/www.mein-pflegejob.de\/blog\/wp-json\/wp\/v2\/posts\/1297"}],"collection":[{"href":"https:\/\/www.mein-pflegejob.de\/blog\/wp-json\/wp\/v2\/posts"}],"about":[{"href":"https:\/\/www.mein-pflegejob.de\/blog\/wp-json\/wp\/v2\/types\/post"}],"author":[{"embeddable":true,"href":"https:\/\/www.mein-pflegejob.de\/blog\/wp-json\/wp\/v2\/users\/1"}],"replies":[{"embeddable":true,"href":"https:\/\/www.mein-pflegejob.de\/blog\/wp-json\/wp\/v2\/comments?post=1297"}],"version-history":[{"count":2,"href":"https:\/\/www.mein-pflegejob.de\/blog\/wp-json\/wp\/v2\/posts\/1297\/revisions"}],"predecessor-version":[{"id":5445,"href":"https:\/\/www.mein-pflegejob.de\/blog\/wp-json\/wp\/v2\/posts\/1297\/revisions\/5445"}],"wp:featuredmedia":[{"embeddable":true,"href":"https:\/\/www.mein-pflegejob.de\/blog\/wp-json\/wp\/v2\/media\/2373"}],"wp:attachment":[{"href":"https:\/\/www.mein-pflegejob.de\/blog\/wp-json\/wp\/v2\/media?parent=1297"}],"wp:term":[{"taxonomy":"category","embeddable":true,"href":"https:\/\/www.mein-pflegejob.de\/blog\/wp-json\/wp\/v2\/categories?post=1297"},{"taxonomy":"post_tag","embeddable":true,"href":"https:\/\/www.mein-pflegejob.de\/blog\/wp-json\/wp\/v2\/tags?post=1297"}],"curies":[{"name":"wp","href":"https:\/\/api.w.org\/{rel}","templated":true}]}}