{"id":1736,"date":"2019-08-23T10:18:49","date_gmt":"2019-08-23T08:18:49","guid":{"rendered":"http:\/\/blog.mein-pflegejob.com\/?p=1736"},"modified":"2022-07-20T11:50:45","modified_gmt":"2022-07-20T09:50:45","slug":"alltagsbegleiter","status":"publish","type":"post","link":"https:\/\/www.mein-pflegejob.de\/blog\/alltagsbegleiter\/","title":{"rendered":"Alltagsbegleitung \/ Betreuungsassistenz (m\/w\/d)"},"content":{"rendered":"<p><div class=\"fusion-fullwidth fullwidth-box fusion-builder-row-1 fusion-flex-container nonhundred-percent-fullwidth non-hundred-percent-height-scrolling\" style=\"--awb-border-radius-top-left:0px;--awb-border-radius-top-right:0px;--awb-border-radius-bottom-right:0px;--awb-border-radius-bottom-left:0px;--awb-flex-wrap:wrap;\" ><div class=\"fusion-builder-row fusion-row fusion-flex-align-items-flex-start fusion-flex-content-wrap\" style=\"max-width:93.6%;margin-left: calc(-4% \/ 2 );margin-right: calc(-4% \/ 2 );\"><div class=\"fusion-layout-column fusion_builder_column fusion-builder-column-0 fusion_builder_column_1_1 1_1 fusion-flex-column\" style=\"--awb-bg-size:cover;--awb-width-large:100%;--awb-margin-top-large:20px;--awb-spacing-right-large:1.92%;--awb-margin-bottom-large:20px;--awb-spacing-left-large:1.92%;--awb-width-medium:100%;--awb-order-medium:0;--awb-spacing-right-medium:1.92%;--awb-spacing-left-medium:1.92%;--awb-width-small:100%;--awb-order-small:0;--awb-spacing-right-small:1.92%;--awb-spacing-left-small:1.92%;\"><div class=\"fusion-column-wrapper fusion-column-has-shadow fusion-flex-justify-content-flex-start fusion-content-layout-column\"><div class=\"fusion-widget fusion-widget-element fusion-widget-area fusion-content-widget-area wpWidget-1 fusion-widget-align-center bcn_widget\" style=\"--awb-fusion-border-size:0px;--awb-fusion-border-style:solid;\"><div class=\"widget widget_breadcrumb_navxt\"><div class=\"breadcrumbs\" itemscope itemtype=\"https:\/\/schema.org\/BreadcrumbList\"><!-- Breadcrumb NavXT 7.4.1 -->\n<span property=\"itemListElement\" typeof=\"ListItem\">\r\n<a property=\"item\" typeof=\"WebPage\" title=\"Gehe zur Startseite.\" href=\"https:\/\/www.mein-pflegejob.de\/blog\/\" class=\"home\" aria-current=\"page\"><span property=\"name\">Startseite<\/span><\/a>\r\n<meta property=\"position\" content=\"1\"><\/span><\/div><\/div><\/div><\/div><\/div><div class=\"fusion-layout-column fusion_builder_column fusion-builder-column-1 fusion_builder_column_1_6 1_6 fusion-flex-column\" style=\"--awb-bg-size:cover;--awb-width-large:16.666666666667%;--awb-margin-top-large:20px;--awb-spacing-right-large:11.52%;--awb-margin-bottom-large:20px;--awb-spacing-left-large:11.52%;--awb-width-medium:100%;--awb-spacing-right-medium:1.92%;--awb-spacing-left-medium:1.92%;--awb-width-small:100%;--awb-spacing-right-small:1.92%;--awb-spacing-left-small:1.92%;\"><div class=\"fusion-column-wrapper fusion-column-has-shadow fusion-flex-justify-content-flex-start fusion-content-layout-column\"><\/div><\/div><div class=\"fusion-layout-column fusion_builder_column fusion-builder-column-2 fusion_builder_column_2_3 2_3 fusion-flex-column\" style=\"--awb-bg-size:cover;--awb-width-large:66.666666666667%;--awb-margin-top-large:20px;--awb-spacing-right-large:2.88%;--awb-margin-bottom-large:20px;--awb-spacing-left-large:2.88%;--awb-width-medium:100%;--awb-spacing-right-medium:1.92%;--awb-spacing-left-medium:1.92%;--awb-width-small:100%;--awb-spacing-right-small:1.92%;--awb-spacing-left-small:1.92%;\"><div class=\"fusion-column-wrapper fusion-column-has-shadow fusion-flex-justify-content-flex-start fusion-content-layout-column\"><div class=\"fusion-separator fusion-full-width-sep\" style=\"align-self: center;margin-left: auto;margin-right: auto;margin-top:20px;margin-bottom:20px;width:100%;\"><\/div><div class=\"fusion-text fusion-text-1\"><p>Alltagsbegleiter (w\/m\/d) sind f\u00fcr die soziale Betreuung alter oder pflegebed\u00fcrftiger Menschen zust\u00e4ndig. In station\u00e4ren Einrichtungen arbeiten Alltagshelfer (w\/m\/d) insbesondere mit Menschen, die an Demenz erkrankt sind oder anderweitige psychische Einschr\u00e4nkungen haben.<\/p>\n<ul>\n<li><a href=\"#aufgaben\">Aufgaben von Alltagsbegleitern<\/a><\/li>\n<li><a href=\"#wie\">Wie kann ich Alltagsbegleiter (w\/m\/d) werden?<\/a><\/li>\n<li><a href=\"#wo\">Wo werden Alltagsbegleiter (w\/m\/d) eingesetzt?<\/a><\/li>\n<\/ul>\n<\/div><div class=\"fusion-image-element \" style=\"--awb-caption-title-font-family:var(--h2_typography-font-family);--awb-caption-title-font-weight:var(--h2_typography-font-weight);--awb-caption-title-font-style:var(--h2_typography-font-style);--awb-caption-title-size:var(--h2_typography-font-size);--awb-caption-title-transform:var(--h2_typography-text-transform);--awb-caption-title-line-height:var(--h2_typography-line-height);--awb-caption-title-letter-spacing:var(--h2_typography-letter-spacing);\"><span class=\" fusion-imageframe imageframe-none imageframe-1 hover-type-none\"><img decoding=\"async\" width=\"1024\" height=\"1024\" alt=\"Alltagsbegleiter \/ Betreuungsassistenz (m\/w\/d) | Quelle: Karin &amp; Uwe Annas - Adobe Stock\" title=\"Alltagsbegleiter \/ Betreuungsassistenz (m\/w\/d) | Quelle: Karin &#038; Uwe Annas &#8211; Adobe Stock\" src=\"https:\/\/www.mein-pflegejob.de\/blog\/media\/Alltagsbegleiter.jpg\" data-orig-src=\"https:\/\/www.mein-pflegejob.de\/blog\/media\/Alltagsbegleiter.jpg\" class=\"lazyload img-responsive wp-image-4389\" srcset=\"data:image\/svg+xml,%3Csvg%20xmlns%3D%27http%3A%2F%2Fwww.w3.org%2F2000%2Fsvg%27%20width%3D%271024%27%20height%3D%271024%27%20viewBox%3D%270%200%201024%201024%27%3E%3Crect%20width%3D%271024%27%20height%3D%271024%27%20fill-opacity%3D%220%22%2F%3E%3C%2Fsvg%3E\" data-srcset=\"https:\/\/www.mein-pflegejob.de\/blog\/media\/Alltagsbegleiter-200x200.jpg 200w, https:\/\/www.mein-pflegejob.de\/blog\/media\/Alltagsbegleiter-400x400.jpg 400w, https:\/\/www.mein-pflegejob.de\/blog\/media\/Alltagsbegleiter-600x600.jpg 600w, https:\/\/www.mein-pflegejob.de\/blog\/media\/Alltagsbegleiter-800x800.jpg 800w, https:\/\/www.mein-pflegejob.de\/blog\/media\/Alltagsbegleiter.jpg 1024w\" data-sizes=\"auto\" data-orig-sizes=\"(max-width: 1024px) 100vw, (max-width: 640px) 100vw, 1024px\" \/><\/span><\/div><div class=\"fusion-text fusion-text-2\"><p style=\"text-align: center;\">Alltagsbegleiter \/ Betreuungsassistenz (m\/w\/d) | Quelle: Karin &amp; Uwe Annas &#8211; Adobe Stock<\/p>\n<\/div><div class=\"fusion-separator\" style=\"align-self: center;margin-left: auto;margin-right: auto;margin-top:20px;margin-bottom:20px;width:100%;max-width:500px;\"><div class=\"fusion-separator-border sep-single sep-solid\" style=\"--awb-height:20px;--awb-amount:20px;border-color:#d1d1d1;border-top-width:2px;\"><\/div><\/div><div class=\"fusion-text fusion-text-3\"><h2 id=\"aufgaben\">Aufgaben von Alltagsbegleitern (w\/m\/d)<\/h2>\n<p>Zu den Aufgaben von Alltagsbegleitern (w\/m\/d) geh\u00f6ren sowohl hauswirtschaftliche T\u00e4tigkeiten wie Kochen, Putzen und Aufr\u00e4umen als auch die Hilfestellung beim Essen, der K\u00f6rperpflege und der Durchf\u00fchrung von therapeutischen Ma\u00dfnahmen. Besch\u00e4ftigungsangebote werden ebenso von Alltagshelfern durchgef\u00fchrt. Dazu z\u00e4hlen:<\/p>\n<ul>\n<li>Theater- und Ausstellungsbesuche<\/li>\n<li>Spazierg\u00e4nge<\/li>\n<li>Ausfl\u00fcge<\/li>\n<li>Bastelarbeiten<\/li>\n<li>Musizieren<\/li>\n<li>und so weiter<\/li>\n<\/ul>\n<p>Ziel der Freizeitaktivit\u00e4ten ist die F\u00f6rderung von Kreativit\u00e4t und Beweglichkeit sowie die psychische Stabilisierung des Betreuten. Organisatorische Arbeiten fallen bei der Planung von Aktivit\u00e4ten, dem Dokumentieren von Pflegeleistungen und der individuellen Alltagsgestaltung des Hilfsbed\u00fcrftigen an. Dar\u00fcber hinaus sind sie Ansprechpartner f\u00fcr Angeh\u00f6rige der betreuten Person.<\/p>\n<\/div><div class=\"fusion-separator\" style=\"align-self: center;margin-left: auto;margin-right: auto;margin-top:20px;margin-bottom:20px;width:100%;max-width:500px;\"><div class=\"fusion-separator-border sep-single sep-solid\" style=\"--awb-height:20px;--awb-amount:20px;border-color:#d1d1d1;border-top-width:2px;\"><\/div><\/div><div class=\"fusion-text fusion-text-4\"><h2 id=\"wie\">Wie kann ich Alltagsbegleiter (w\/m\/d) werden?<\/h2>\n<p>Alltagsbegleiter (w\/m\/d) beziehungsweise Fachkraft f\u00fcr Betreuung ist eine gesetzlich geregelte Aus- bzw. Weiterbildung. Bewerber m\u00fcssen das 18. Lebensjahr vollendet haben und ausgepr\u00e4gte Sozialkompetenzen aufweisen. Konnten zuvor noch keine Erfahrungen im sozialen Bereich gesammelt werden, ist ein f\u00fcnft\u00e4giges Orientierungspraktikum zu leisten. Der Lehrgang umfasst einen 160-st\u00fcndige theoretische Ausbildung zur Betreuungsarbeit sowie ein zweiw\u00f6chiges Betriebspraktikum in einer Einrichtung. Die Kosten f\u00fcr den Lehrgang m\u00fcssen vom Kursteilnehmer selbst oder dem jeweiligen Arbeitgeber bezahlt werden.<\/p>\n<\/div><div class=\"fusion-separator\" style=\"align-self: center;margin-left: auto;margin-right: auto;margin-top:20px;margin-bottom:20px;width:100%;max-width:500px;\"><div class=\"fusion-separator-border sep-single sep-solid\" style=\"--awb-height:20px;--awb-amount:20px;border-color:#d1d1d1;border-top-width:2px;\"><\/div><\/div><div class=\"fusion-text fusion-text-5\"><h2 id=\"wo\">Wo werden Alltagsbegleiter (w\/m\/d) eingesetzt?<\/h2>\n<p>Alltagsbegleiter (w\/m\/d) k\u00f6nnen im Sozialwesen oder in privaten Haushalten arbeiten. Im \u00f6ffentlichen Bereich sind sie h\u00e4ufig in Seniorenresidenzen, Pflege- und Behindertenwohnheimen, in der ambulanten Betreuung oder bei Beratungsstellen und Verb\u00e4nden t\u00e4tig. Private Senioren- oder Behindertenwohngemeinschaften stellen neben der Betreuung von pflegebed\u00fcrftigen Familienangeh\u00f6rigen den zweiten Einsatzbereich von Alltagsbegleitern (w\/m\/d) dar.<\/p>\n<\/div><\/div><\/div><div class=\"fusion-layout-column fusion_builder_column fusion-builder-column-3 fusion_builder_column_1_6 1_6 fusion-flex-column\" style=\"--awb-bg-size:cover;--awb-width-large:16.666666666667%;--awb-margin-top-large:20px;--awb-spacing-right-large:11.52%;--awb-margin-bottom-large:20px;--awb-spacing-left-large:11.52%;--awb-width-medium:100%;--awb-spacing-right-medium:1.92%;--awb-spacing-left-medium:1.92%;--awb-width-small:100%;--awb-spacing-right-small:1.92%;--awb-spacing-left-small:1.92%;\"><div class=\"fusion-column-wrapper fusion-column-has-shadow fusion-flex-justify-content-flex-start fusion-content-layout-column\"><\/div><\/div><\/div><\/div><div class=\"fusion-fullwidth fullwidth-box fusion-builder-row-2 fusion-flex-container nonhundred-percent-fullwidth non-hundred-percent-height-scrolling\" style=\"--awb-border-radius-top-left:0px;--awb-border-radius-top-right:0px;--awb-border-radius-bottom-right:0px;--awb-border-radius-bottom-left:0px;--awb-flex-wrap:wrap;\" ><div class=\"fusion-builder-row fusion-row fusion-flex-align-items-flex-start fusion-flex-content-wrap\" style=\"max-width:93.6%;margin-left: calc(-4% \/ 2 );margin-right: calc(-4% \/ 2 );\"><div class=\"fusion-layout-column fusion_builder_column fusion-builder-column-4 fusion_builder_column_1_6 1_6 fusion-flex-column\" style=\"--awb-bg-size:cover;--awb-width-large:16.666666666667%;--awb-margin-top-large:20px;--awb-spacing-right-large:11.52%;--awb-margin-bottom-large:20px;--awb-spacing-left-large:11.52%;--awb-width-medium:100%;--awb-spacing-right-medium:1.92%;--awb-spacing-left-medium:1.92%;--awb-width-small:100%;--awb-spacing-right-small:1.92%;--awb-spacing-left-small:1.92%;\"><div class=\"fusion-column-wrapper fusion-column-has-shadow fusion-flex-justify-content-flex-start fusion-content-layout-column\"><\/div><\/div><div class=\"fusion-layout-column fusion_builder_column fusion-builder-column-5 fusion_builder_column_2_3 2_3 fusion-flex-column\" style=\"--awb-bg-size:cover;--awb-width-large:66.666666666667%;--awb-margin-top-large:20px;--awb-spacing-right-large:2.88%;--awb-margin-bottom-large:20px;--awb-spacing-left-large:2.88%;--awb-width-medium:100%;--awb-spacing-right-medium:1.92%;--awb-spacing-left-medium:1.92%;--awb-width-small:100%;--awb-spacing-right-small:1.92%;--awb-spacing-left-small:1.92%;\"><div class=\"fusion-column-wrapper fusion-column-has-shadow fusion-flex-justify-content-flex-start fusion-content-layout-column\"><div class=\"fusion-separator fusion-full-width-sep\" style=\"align-self: center;margin-left: auto;margin-right: auto;margin-top:20px;margin-bottom:20px;width:100%;\"><\/div><div style=\"text-align:center;\"><a class=\"fusion-button button-flat fusion-button-default-size button-default fusion-button-default button-1 fusion-button-default-span fusion-button-default-type\" target=\"_self\" href=\"https:\/\/www.mein-pflegejob.de\/suche\/alltagsbegleiter\"><span class=\"fusion-button-text\">Stellenangebote als Alltagsbegleiter<\/span><\/a><\/div><\/div><\/div><div class=\"fusion-layout-column fusion_builder_column fusion-builder-column-6 fusion_builder_column_1_6 1_6 fusion-flex-column\" style=\"--awb-bg-size:cover;--awb-width-large:16.666666666667%;--awb-margin-top-large:20px;--awb-spacing-right-large:11.52%;--awb-margin-bottom-large:20px;--awb-spacing-left-large:11.52%;--awb-width-medium:100%;--awb-spacing-right-medium:1.92%;--awb-spacing-left-medium:1.92%;--awb-width-small:100%;--awb-spacing-right-small:1.92%;--awb-spacing-left-small:1.92%;\"><div class=\"fusion-column-wrapper fusion-column-has-shadow fusion-flex-justify-content-flex-start fusion-content-layout-column\"><\/div><\/div><\/div><\/div><\/p>\n","protected":false},"excerpt":{"rendered":"","protected":false},"author":3,"featured_media":4389,"comment_status":"open","ping_status":"closed","sticky":false,"template":"","format":"standard","meta":{"footnotes":""},"categories":[19],"tags":[],"yoast_head":"<!-- This site is optimized with the Yoast SEO plugin v23.4 - https:\/\/yoast.com\/wordpress\/plugins\/seo\/ -->\n<title>Alltagsbegleitung \/ Betreuungsassistenz (m\/w\/d) - Magazin Mein Pflegejob<\/title>\n<meta name=\"description\" content=\"Alltagsbegleiter (w\/m\/d) sind f\u00fcr die soziale Betreuung alter oder pflegebed\u00fcrftiger Menschen zust\u00e4ndig. \u25b6 Weitere Infos.\" \/>\n<meta name=\"robots\" content=\"index, follow, max-snippet:-1, max-image-preview:large, max-video-preview:-1\" \/>\n<link rel=\"canonical\" href=\"https:\/\/www.mein-pflegejob.de\/blog\/alltagsbegleiter\/\" \/>\n<meta property=\"og:locale\" content=\"de_DE\" \/>\n<meta property=\"og:type\" content=\"article\" \/>\n<meta property=\"og:title\" content=\"Alltagsbegleitung \/ Betreuungsassistenz (m\/w\/d) - Magazin Mein Pflegejob\" \/>\n<meta property=\"og:description\" content=\"Alltagsbegleiter (w\/m\/d) sind f\u00fcr die soziale Betreuung alter oder pflegebed\u00fcrftiger Menschen zust\u00e4ndig. \u25b6 Weitere Infos.\" \/>\n<meta property=\"og:url\" content=\"https:\/\/www.mein-pflegejob.de\/blog\/alltagsbegleiter\/\" \/>\n<meta property=\"og:site_name\" content=\"Magazin Mein Pflegejob\" \/>\n<meta property=\"article:publisher\" content=\"https:\/\/www.facebook.com\/meinpflegejob.meintraumjob\/\" \/>\n<meta property=\"article:published_time\" content=\"2019-08-23T08:18:49+00:00\" \/>\n<meta property=\"article:modified_time\" content=\"2022-07-20T09:50:45+00:00\" \/>\n<meta property=\"og:image\" content=\"https:\/\/www.mein-pflegejob.de\/blog\/media\/Alltagsbegleiter.jpg\" \/>\n\t<meta property=\"og:image:width\" content=\"1024\" \/>\n\t<meta property=\"og:image:height\" content=\"1024\" \/>\n\t<meta property=\"og:image:type\" content=\"image\/jpeg\" \/>\n<meta name=\"author\" content=\"Sabrina\" \/>\n<meta name=\"twitter:card\" content=\"summary_large_image\" \/>\n<meta name=\"twitter:creator\" content=\"@mein_pflegejob\" \/>\n<meta name=\"twitter:site\" content=\"@mein_pflegejob\" \/>\n<script type=\"application\/ld+json\" class=\"yoast-schema-graph\">{\"@context\":\"https:\/\/schema.org\",\"@graph\":[{\"@type\":\"Article\",\"@id\":\"https:\/\/www.mein-pflegejob.de\/blog\/alltagsbegleiter\/#article\",\"isPartOf\":{\"@id\":\"https:\/\/www.mein-pflegejob.de\/blog\/alltagsbegleiter\/\"},\"author\":{\"name\":\"Sabrina\",\"@id\":\"https:\/\/www.mein-pflegejob.de\/blog\/#\/schema\/person\/4b4d498e104c0b51009f902030789809\"},\"headline\":\"Alltagsbegleitung \/ Betreuungsassistenz (m\/w\/d)\",\"datePublished\":\"2019-08-23T08:18:49+00:00\",\"dateModified\":\"2022-07-20T09:50:45+00:00\",\"mainEntityOfPage\":{\"@id\":\"https:\/\/www.mein-pflegejob.de\/blog\/alltagsbegleiter\/\"},\"wordCount\":2193,\"commentCount\":0,\"publisher\":{\"@id\":\"https:\/\/www.mein-pflegejob.de\/blog\/#organization\"},\"image\":{\"@id\":\"https:\/\/www.mein-pflegejob.de\/blog\/alltagsbegleiter\/#primaryimage\"},\"thumbnailUrl\":\"https:\/\/www.mein-pflegejob.de\/blog\/media\/Alltagsbegleiter.jpg\",\"articleSection\":[\"Pflegeberufe\"],\"inLanguage\":\"de\",\"potentialAction\":[{\"@type\":\"CommentAction\",\"name\":\"Comment\",\"target\":[\"https:\/\/www.mein-pflegejob.de\/blog\/alltagsbegleiter\/#respond\"]}]},{\"@type\":\"WebPage\",\"@id\":\"https:\/\/www.mein-pflegejob.de\/blog\/alltagsbegleiter\/\",\"url\":\"https:\/\/www.mein-pflegejob.de\/blog\/alltagsbegleiter\/\",\"name\":\"Alltagsbegleitung \/ Betreuungsassistenz (m\/w\/d) - Magazin Mein Pflegejob\",\"isPartOf\":{\"@id\":\"https:\/\/www.mein-pflegejob.de\/blog\/#website\"},\"primaryImageOfPage\":{\"@id\":\"https:\/\/www.mein-pflegejob.de\/blog\/alltagsbegleiter\/#primaryimage\"},\"image\":{\"@id\":\"https:\/\/www.mein-pflegejob.de\/blog\/alltagsbegleiter\/#primaryimage\"},\"thumbnailUrl\":\"https:\/\/www.mein-pflegejob.de\/blog\/media\/Alltagsbegleiter.jpg\",\"datePublished\":\"2019-08-23T08:18:49+00:00\",\"dateModified\":\"2022-07-20T09:50:45+00:00\",\"description\":\"Alltagsbegleiter (w\/m\/d) sind f\u00fcr die soziale Betreuung alter oder pflegebed\u00fcrftiger Menschen zust\u00e4ndig. \u25b6 Weitere Infos.\",\"breadcrumb\":{\"@id\":\"https:\/\/www.mein-pflegejob.de\/blog\/alltagsbegleiter\/#breadcrumb\"},\"inLanguage\":\"de\",\"potentialAction\":[{\"@type\":\"ReadAction\",\"target\":[\"https:\/\/www.mein-pflegejob.de\/blog\/alltagsbegleiter\/\"]}]},{\"@type\":\"ImageObject\",\"inLanguage\":\"de\",\"@id\":\"https:\/\/www.mein-pflegejob.de\/blog\/alltagsbegleiter\/#primaryimage\",\"url\":\"https:\/\/www.mein-pflegejob.de\/blog\/media\/Alltagsbegleiter.jpg\",\"contentUrl\":\"https:\/\/www.mein-pflegejob.de\/blog\/media\/Alltagsbegleiter.jpg\",\"width\":1024,\"height\":1024,\"caption\":\"Alltagsbegleiter \/ Betreuungsassistenz (m\/w\/d) | Quelle: Karin & Uwe Annas - Adobe Stock\"},{\"@type\":\"BreadcrumbList\",\"@id\":\"https:\/\/www.mein-pflegejob.de\/blog\/alltagsbegleiter\/#breadcrumb\",\"itemListElement\":[{\"@type\":\"ListItem\",\"position\":1,\"name\":\"Home\",\"item\":\"https:\/\/www.mein-pflegejob.de\/blog\/\"},{\"@type\":\"ListItem\",\"position\":2,\"name\":\"Alltagsbegleitung \/ Betreuungsassistenz\"}]},{\"@type\":\"WebSite\",\"@id\":\"https:\/\/www.mein-pflegejob.de\/blog\/#website\",\"url\":\"https:\/\/www.mein-pflegejob.de\/blog\/\",\"name\":\"Magazin Mein Pflegejob\",\"description\":\"Der Stellenmarkt f\u00fcr die Pflegebranche\",\"publisher\":{\"@id\":\"https:\/\/www.mein-pflegejob.de\/blog\/#organization\"},\"potentialAction\":[{\"@type\":\"SearchAction\",\"target\":{\"@type\":\"EntryPoint\",\"urlTemplate\":\"https:\/\/www.mein-pflegejob.de\/blog\/?s={search_term_string}\"},\"query-input\":{\"@type\":\"PropertyValueSpecification\",\"valueRequired\":true,\"valueName\":\"search_term_string\"}}],\"inLanguage\":\"de\"},{\"@type\":\"Organization\",\"@id\":\"https:\/\/www.mein-pflegejob.de\/blog\/#organization\",\"name\":\"mein-pflegejob\",\"url\":\"https:\/\/www.mein-pflegejob.de\/blog\/\",\"logo\":{\"@type\":\"ImageObject\",\"inLanguage\":\"de\",\"@id\":\"https:\/\/www.mein-pflegejob.de\/blog\/#\/schema\/logo\/image\/\",\"url\":\"https:\/\/www.mein-pflegejob.de\/blog\/media\/Logo_klein.png\",\"contentUrl\":\"https:\/\/www.mein-pflegejob.de\/blog\/media\/Logo_klein.png\",\"width\":256,\"height\":80,\"caption\":\"mein-pflegejob\"},\"image\":{\"@id\":\"https:\/\/www.mein-pflegejob.de\/blog\/#\/schema\/logo\/image\/\"},\"sameAs\":[\"https:\/\/www.facebook.com\/meinpflegejob.meintraumjob\/\",\"https:\/\/x.com\/mein_pflegejob\",\"https:\/\/www.instagram.com\/meinpflegejob\/\",\"https:\/\/www.linkedin.com\/company\/mein-pflegejob-de\/\"]},{\"@type\":\"Person\",\"@id\":\"https:\/\/www.mein-pflegejob.de\/blog\/#\/schema\/person\/4b4d498e104c0b51009f902030789809\",\"name\":\"Sabrina\"}]}<\/script>\n<!-- \/ Yoast SEO plugin. -->","yoast_head_json":{"title":"Alltagsbegleitung \/ Betreuungsassistenz (m\/w\/d) - Magazin Mein Pflegejob","description":"Alltagsbegleiter (w\/m\/d) sind f\u00fcr die soziale Betreuung alter oder pflegebed\u00fcrftiger Menschen zust\u00e4ndig. \u25b6 Weitere Infos.","robots":{"index":"index","follow":"follow","max-snippet":"max-snippet:-1","max-image-preview":"max-image-preview:large","max-video-preview":"max-video-preview:-1"},"canonical":"https:\/\/www.mein-pflegejob.de\/blog\/alltagsbegleiter\/","og_locale":"de_DE","og_type":"article","og_title":"Alltagsbegleitung \/ Betreuungsassistenz (m\/w\/d) - Magazin Mein Pflegejob","og_description":"Alltagsbegleiter (w\/m\/d) sind f\u00fcr die soziale Betreuung alter oder pflegebed\u00fcrftiger Menschen zust\u00e4ndig. \u25b6 Weitere Infos.","og_url":"https:\/\/www.mein-pflegejob.de\/blog\/alltagsbegleiter\/","og_site_name":"Magazin Mein Pflegejob","article_publisher":"https:\/\/www.facebook.com\/meinpflegejob.meintraumjob\/","article_published_time":"2019-08-23T08:18:49+00:00","article_modified_time":"2022-07-20T09:50:45+00:00","og_image":[{"width":1024,"height":1024,"url":"https:\/\/www.mein-pflegejob.de\/blog\/media\/Alltagsbegleiter.jpg","type":"image\/jpeg"}],"author":"Sabrina","twitter_card":"summary_large_image","twitter_creator":"@mein_pflegejob","twitter_site":"@mein_pflegejob","schema":{"@context":"https:\/\/schema.org","@graph":[{"@type":"Article","@id":"https:\/\/www.mein-pflegejob.de\/blog\/alltagsbegleiter\/#article","isPartOf":{"@id":"https:\/\/www.mein-pflegejob.de\/blog\/alltagsbegleiter\/"},"author":{"name":"Sabrina","@id":"https:\/\/www.mein-pflegejob.de\/blog\/#\/schema\/person\/4b4d498e104c0b51009f902030789809"},"headline":"Alltagsbegleitung \/ Betreuungsassistenz (m\/w\/d)","datePublished":"2019-08-23T08:18:49+00:00","dateModified":"2022-07-20T09:50:45+00:00","mainEntityOfPage":{"@id":"https:\/\/www.mein-pflegejob.de\/blog\/alltagsbegleiter\/"},"wordCount":2193,"commentCount":0,"publisher":{"@id":"https:\/\/www.mein-pflegejob.de\/blog\/#organization"},"image":{"@id":"https:\/\/www.mein-pflegejob.de\/blog\/alltagsbegleiter\/#primaryimage"},"thumbnailUrl":"https:\/\/www.mein-pflegejob.de\/blog\/media\/Alltagsbegleiter.jpg","articleSection":["Pflegeberufe"],"inLanguage":"de","potentialAction":[{"@type":"CommentAction","name":"Comment","target":["https:\/\/www.mein-pflegejob.de\/blog\/alltagsbegleiter\/#respond"]}]},{"@type":"WebPage","@id":"https:\/\/www.mein-pflegejob.de\/blog\/alltagsbegleiter\/","url":"https:\/\/www.mein-pflegejob.de\/blog\/alltagsbegleiter\/","name":"Alltagsbegleitung \/ Betreuungsassistenz (m\/w\/d) - Magazin Mein Pflegejob","isPartOf":{"@id":"https:\/\/www.mein-pflegejob.de\/blog\/#website"},"primaryImageOfPage":{"@id":"https:\/\/www.mein-pflegejob.de\/blog\/alltagsbegleiter\/#primaryimage"},"image":{"@id":"https:\/\/www.mein-pflegejob.de\/blog\/alltagsbegleiter\/#primaryimage"},"thumbnailUrl":"https:\/\/www.mein-pflegejob.de\/blog\/media\/Alltagsbegleiter.jpg","datePublished":"2019-08-23T08:18:49+00:00","dateModified":"2022-07-20T09:50:45+00:00","description":"Alltagsbegleiter (w\/m\/d) sind f\u00fcr die soziale Betreuung alter oder pflegebed\u00fcrftiger Menschen zust\u00e4ndig. \u25b6 Weitere Infos.","breadcrumb":{"@id":"https:\/\/www.mein-pflegejob.de\/blog\/alltagsbegleiter\/#breadcrumb"},"inLanguage":"de","potentialAction":[{"@type":"ReadAction","target":["https:\/\/www.mein-pflegejob.de\/blog\/alltagsbegleiter\/"]}]},{"@type":"ImageObject","inLanguage":"de","@id":"https:\/\/www.mein-pflegejob.de\/blog\/alltagsbegleiter\/#primaryimage","url":"https:\/\/www.mein-pflegejob.de\/blog\/media\/Alltagsbegleiter.jpg","contentUrl":"https:\/\/www.mein-pflegejob.de\/blog\/media\/Alltagsbegleiter.jpg","width":1024,"height":1024,"caption":"Alltagsbegleiter \/ Betreuungsassistenz (m\/w\/d) | Quelle: Karin & Uwe Annas - Adobe Stock"},{"@type":"BreadcrumbList","@id":"https:\/\/www.mein-pflegejob.de\/blog\/alltagsbegleiter\/#breadcrumb","itemListElement":[{"@type":"ListItem","position":1,"name":"Home","item":"https:\/\/www.mein-pflegejob.de\/blog\/"},{"@type":"ListItem","position":2,"name":"Alltagsbegleitung \/ Betreuungsassistenz"}]},{"@type":"WebSite","@id":"https:\/\/www.mein-pflegejob.de\/blog\/#website","url":"https:\/\/www.mein-pflegejob.de\/blog\/","name":"Magazin Mein Pflegejob","description":"Der Stellenmarkt f\u00fcr die Pflegebranche","publisher":{"@id":"https:\/\/www.mein-pflegejob.de\/blog\/#organization"},"potentialAction":[{"@type":"SearchAction","target":{"@type":"EntryPoint","urlTemplate":"https:\/\/www.mein-pflegejob.de\/blog\/?s={search_term_string}"},"query-input":{"@type":"PropertyValueSpecification","valueRequired":true,"valueName":"search_term_string"}}],"inLanguage":"de"},{"@type":"Organization","@id":"https:\/\/www.mein-pflegejob.de\/blog\/#organization","name":"mein-pflegejob","url":"https:\/\/www.mein-pflegejob.de\/blog\/","logo":{"@type":"ImageObject","inLanguage":"de","@id":"https:\/\/www.mein-pflegejob.de\/blog\/#\/schema\/logo\/image\/","url":"https:\/\/www.mein-pflegejob.de\/blog\/media\/Logo_klein.png","contentUrl":"https:\/\/www.mein-pflegejob.de\/blog\/media\/Logo_klein.png","width":256,"height":80,"caption":"mein-pflegejob"},"image":{"@id":"https:\/\/www.mein-pflegejob.de\/blog\/#\/schema\/logo\/image\/"},"sameAs":["https:\/\/www.facebook.com\/meinpflegejob.meintraumjob\/","https:\/\/x.com\/mein_pflegejob","https:\/\/www.instagram.com\/meinpflegejob\/","https:\/\/www.linkedin.com\/company\/mein-pflegejob-de\/"]},{"@type":"Person","@id":"https:\/\/www.mein-pflegejob.de\/blog\/#\/schema\/person\/4b4d498e104c0b51009f902030789809","name":"Sabrina"}]}},"_links":{"self":[{"href":"https:\/\/www.mein-pflegejob.de\/blog\/wp-json\/wp\/v2\/posts\/1736"}],"collection":[{"href":"https:\/\/www.mein-pflegejob.de\/blog\/wp-json\/wp\/v2\/posts"}],"about":[{"href":"https:\/\/www.mein-pflegejob.de\/blog\/wp-json\/wp\/v2\/types\/post"}],"author":[{"embeddable":true,"href":"https:\/\/www.mein-pflegejob.de\/blog\/wp-json\/wp\/v2\/users\/3"}],"replies":[{"embeddable":true,"href":"https:\/\/www.mein-pflegejob.de\/blog\/wp-json\/wp\/v2\/comments?post=1736"}],"version-history":[{"count":16,"href":"https:\/\/www.mein-pflegejob.de\/blog\/wp-json\/wp\/v2\/posts\/1736\/revisions"}],"predecessor-version":[{"id":6505,"href":"https:\/\/www.mein-pflegejob.de\/blog\/wp-json\/wp\/v2\/posts\/1736\/revisions\/6505"}],"wp:featuredmedia":[{"embeddable":true,"href":"https:\/\/www.mein-pflegejob.de\/blog\/wp-json\/wp\/v2\/media\/4389"}],"wp:attachment":[{"href":"https:\/\/www.mein-pflegejob.de\/blog\/wp-json\/wp\/v2\/media?parent=1736"}],"wp:term":[{"taxonomy":"category","embeddable":true,"href":"https:\/\/www.mein-pflegejob.de\/blog\/wp-json\/wp\/v2\/categories?post=1736"},{"taxonomy":"post_tag","embeddable":true,"href":"https:\/\/www.mein-pflegejob.de\/blog\/wp-json\/wp\/v2\/tags?post=1736"}],"curies":[{"name":"wp","href":"https:\/\/api.w.org\/{rel}","templated":true}]}}