{"id":1809,"date":"2019-08-23T10:16:33","date_gmt":"2019-08-23T08:16:33","guid":{"rendered":"http:\/\/blog.mein-pflegejob.de\/?p=1809"},"modified":"2022-08-18T09:10:08","modified_gmt":"2022-08-18T07:10:08","slug":"pflegemanager","status":"publish","type":"post","link":"https:\/\/www.mein-pflegejob.de\/blog\/pflegemanager\/","title":{"rendered":"Pflegemanager (m\/w\/d)"},"content":{"rendered":"<p><div class=\"fusion-fullwidth fullwidth-box fusion-builder-row-1 fusion-flex-container nonhundred-percent-fullwidth non-hundred-percent-height-scrolling\" style=\"--awb-border-radius-top-left:0px;--awb-border-radius-top-right:0px;--awb-border-radius-bottom-right:0px;--awb-border-radius-bottom-left:0px;--awb-flex-wrap:wrap;\" ><div class=\"fusion-builder-row fusion-row fusion-flex-align-items-flex-start fusion-flex-content-wrap\" style=\"max-width:93.6%;margin-left: calc(-4% \/ 2 );margin-right: calc(-4% \/ 2 );\"><div class=\"fusion-layout-column fusion_builder_column fusion-builder-column-0 fusion_builder_column_1_1 1_1 fusion-flex-column\" style=\"--awb-bg-blend:overlay;--awb-bg-size:cover;--awb-width-large:100%;--awb-margin-top-large:20px;--awb-spacing-right-large:1.92%;--awb-margin-bottom-large:20px;--awb-spacing-left-large:1.92%;--awb-width-medium:100%;--awb-spacing-right-medium:1.92%;--awb-spacing-left-medium:1.92%;--awb-width-small:100%;--awb-spacing-right-small:1.92%;--awb-spacing-left-small:1.92%;\"><div class=\"fusion-column-wrapper fusion-flex-justify-content-flex-start fusion-content-layout-column\"><div class=\"fusion-widget fusion-widget-element fusion-widget-area fusion-content-widget-area wpWidget-1 fusion-widget-align-center fusion-widget-mobile-align-center bcn_widget\" style=\"--awb-fusion-border-size:0px;--awb-fusion-border-style:solid;\"><div class=\"widget widget_breadcrumb_navxt\"><div class=\"breadcrumbs\" itemscope itemtype=\"https:\/\/schema.org\/BreadcrumbList\"><!-- Breadcrumb NavXT 7.4.1 -->\n<span property=\"itemListElement\" typeof=\"ListItem\">\r\n<a property=\"item\" typeof=\"WebPage\" title=\"Gehe zur Startseite.\" href=\"https:\/\/www.mein-pflegejob.de\/blog\/\" class=\"home\" aria-current=\"page\"><span property=\"name\">Startseite<\/span><\/a>\r\n<meta property=\"position\" content=\"1\"><\/span><\/div><\/div><\/div><\/div><\/div><div class=\"fusion-layout-column fusion_builder_column fusion-builder-column-1 fusion_builder_column_1_6 1_6 fusion-flex-column\" style=\"--awb-bg-size:cover;--awb-width-large:16.666666666667%;--awb-margin-top-large:20px;--awb-spacing-right-large:11.52%;--awb-margin-bottom-large:20px;--awb-spacing-left-large:11.52%;--awb-width-medium:100%;--awb-spacing-right-medium:1.92%;--awb-spacing-left-medium:1.92%;--awb-width-small:100%;--awb-spacing-right-small:1.92%;--awb-spacing-left-small:1.92%;\"><div class=\"fusion-column-wrapper fusion-column-has-shadow fusion-flex-justify-content-flex-start fusion-content-layout-column\"><\/div><\/div><div class=\"fusion-layout-column fusion_builder_column fusion-builder-column-2 fusion_builder_column_2_3 2_3 fusion-flex-column\" style=\"--awb-bg-size:cover;--awb-width-large:66.666666666667%;--awb-margin-top-large:20px;--awb-spacing-right-large:2.88%;--awb-margin-bottom-large:20px;--awb-spacing-left-large:2.88%;--awb-width-medium:100%;--awb-spacing-right-medium:1.92%;--awb-spacing-left-medium:1.92%;--awb-width-small:100%;--awb-spacing-right-small:1.92%;--awb-spacing-left-small:1.92%;\"><div class=\"fusion-column-wrapper fusion-column-has-shadow fusion-flex-justify-content-flex-start fusion-content-layout-column\"><div class=\"fusion-text fusion-text-1\"><p>Durch die Ausbildung zum Pflegemanager k\u00f6nnen sich beispielsweise Alten- und Krankenpfleger f\u00fcr F\u00fchrungsaufgaben qualifizieren. Es handelt sich also um keine gesonderte Ausbildung, sondern eine Weiterbildung innerhalb eines Pflegeberufs. Doch auch \u00fcber einen eigenen Studiengang kann der Beruf des Pflegemanagers erreicht werden.<\/p>\n<ul>\n<li><a href=\"#aufgaben\">Aufgaben von Pflegemanagern<\/a><\/li>\n<li><a href=\"#ausbildung\">Wie kann ich Pflegemanager werden?<\/a><\/li>\n<li><a href=\"#einsatz\">Wo werden Pflegemanager eingesetzt?<\/a><\/li>\n<\/ul>\n<\/div><div class=\"fusion-image-element \" style=\"--awb-caption-title-font-family:var(--h2_typography-font-family);--awb-caption-title-font-weight:var(--h2_typography-font-weight);--awb-caption-title-font-style:var(--h2_typography-font-style);--awb-caption-title-size:var(--h2_typography-font-size);--awb-caption-title-transform:var(--h2_typography-text-transform);--awb-caption-title-line-height:var(--h2_typography-line-height);--awb-caption-title-letter-spacing:var(--h2_typography-letter-spacing);\"><span class=\" fusion-imageframe imageframe-none imageframe-1 hover-type-none\"><img decoding=\"async\" width=\"1024\" height=\"683\" alt=\"Pflegemanager (m\/w\/d) | Quelle: luchschenF - Adobe Stock\" title=\"Pflegemanager (m\/w\/d) | Quelle: luchschenF &#8211; Adobe Stock\" src=\"https:\/\/www.mein-pflegejob.de\/blog\/media\/Pflegekraft-3.jpg\" data-orig-src=\"https:\/\/www.mein-pflegejob.de\/blog\/media\/Pflegekraft-3.jpg\" class=\"lazyload img-responsive wp-image-4382\" srcset=\"data:image\/svg+xml,%3Csvg%20xmlns%3D%27http%3A%2F%2Fwww.w3.org%2F2000%2Fsvg%27%20width%3D%271024%27%20height%3D%27683%27%20viewBox%3D%270%200%201024%20683%27%3E%3Crect%20width%3D%271024%27%20height%3D%27683%27%20fill-opacity%3D%220%22%2F%3E%3C%2Fsvg%3E\" data-srcset=\"https:\/\/www.mein-pflegejob.de\/blog\/media\/Pflegekraft-3-200x133.jpg 200w, https:\/\/www.mein-pflegejob.de\/blog\/media\/Pflegekraft-3-400x267.jpg 400w, https:\/\/www.mein-pflegejob.de\/blog\/media\/Pflegekraft-3-600x400.jpg 600w, https:\/\/www.mein-pflegejob.de\/blog\/media\/Pflegekraft-3-800x534.jpg 800w, https:\/\/www.mein-pflegejob.de\/blog\/media\/Pflegekraft-3.jpg 1024w\" data-sizes=\"auto\" data-orig-sizes=\"(max-width: 1024px) 100vw, (max-width: 640px) 100vw, 1024px\" \/><\/span><\/div><div class=\"fusion-text fusion-text-2\"><p style=\"text-align: center;\">Pflegemanager (m\/w\/d) | Quelle: luchschenF &#8211; Adobe Stock<\/p>\n<\/div><div class=\"fusion-separator\" style=\"align-self: center;margin-left: auto;margin-right: auto;margin-top:20px;margin-bottom:20px;width:100%;max-width:500px;\"><div class=\"fusion-separator-border sep-single sep-solid\" style=\"--awb-height:20px;--awb-amount:20px;border-color:#d1d1d1;border-top-width:2px;\"><\/div><\/div><div class=\"fusion-text fusion-text-3\"><h2 id=\"aufgaben\">Aufgaben von Pflegemanagern<\/h2>\n<p>Pflegemanager \u00fcbernehmen vor allem Management- und Verwaltungst\u00e4tigkeiten in der Pflege oder werden als Lehrkr\u00e4fte im Bereich der Aus- und Weiterbildung eingesetzt.<\/p>\n<\/div><div class=\"fusion-separator\" style=\"align-self: center;margin-left: auto;margin-right: auto;margin-top:20px;margin-bottom:20px;width:100%;max-width:500px;\"><div class=\"fusion-separator-border sep-single sep-solid\" style=\"--awb-height:20px;--awb-amount:20px;border-color:#d1d1d1;border-top-width:2px;\"><\/div><\/div><div class=\"fusion-text fusion-text-4\"><h2 id=\"ausbildung\">Wie kann ich Pflegemanager (w\/m\/d) werden?<\/h2>\n<p>Um als Pflegemanager (w\/m\/d) zu arbeiten, ist ein Studium der Pflegewissenschaften notwendig, innerhalb dessen der Schwerpunkt auf den Bereich Management oder P\u00e4dagogik gelegt wird.<\/p>\n<p>Das Studium kann in berufsqualifizierender, berufsbegleitender oder dualer, ausbildungsintegrierter Form geleistet werden. W\u00e4hrend des grundst\u00e4ndigen Studiums werden Grundlagenkenntnisse in Management, Betriebswirtschaft, Sozial- und Pflegerecht, Gesundheit und Pflegewissenschaft vermittelt.<\/p>\n<p>Die Regelstudienzeit betr\u00e4gt sechs bis acht Semester. W\u00e4hrend f\u00fcr das Studium an Universit\u00e4ten die allgemeine oder fachgebundene Hochschulreife vorausgesetzt wird, gen\u00fcgt an Fachhochschulen die Fachhochschulreife.<\/p>\n<p>In einigen Bundesl\u00e4ndern kann unter bestimmten Umst\u00e4nden ohne klassischer Hochschulzugangsberechtigung studiert werden \u2013 beispielsweise im Falle von einer abgeschlossenen Ausbildung im Pflegebereich mit mehrj\u00e4hriger Berufserfahrung oder zus\u00e4tzlich geleisteten Weiterbildungen.<\/p>\n<\/div><div class=\"fusion-separator\" style=\"align-self: center;margin-left: auto;margin-right: auto;margin-top:20px;margin-bottom:20px;width:100%;max-width:500px;\"><div class=\"fusion-separator-border sep-single sep-solid\" style=\"--awb-height:20px;--awb-amount:20px;border-color:#d1d1d1;border-top-width:2px;\"><\/div><\/div><div class=\"fusion-text fusion-text-5\"><h2 id=\"einsatz\">Wo werden Pflegemanager (w\/m\/d) eingesetzt?<\/h2>\n<p>In Abh\u00e4ngigkeit von gesetzten Schwerpunkten arbeiten Pflegemanager (w\/m\/d) im Gesundheits- oder Qualit\u00e4tsmanagement, in der Patientenberatung, als Sachverst\u00e4ndiger in Gesundheitsorganisationen, in leitender Position in Versorgungseinrichtungen und als Lehrkr\u00e4fte im Bereich der Weiterbildung oder an Hochschulen.<\/p>\n<p>Dar\u00fcber hinaus k\u00f6nnen sie freiberuflich arbeiten oder journalistisch t\u00e4tig werden. M\u00f6glich ist auch ein weiterf\u00fchrendes Studium in den Bereichen Pflegemanagement und -wissenschaft, Pflegep\u00e4dagogik oder Gesundheits\u00f6konomie.<\/p>\n<\/div><\/div><\/div><div class=\"fusion-layout-column fusion_builder_column fusion-builder-column-3 fusion_builder_column_1_6 1_6 fusion-flex-column\" style=\"--awb-bg-size:cover;--awb-width-large:16.666666666667%;--awb-margin-top-large:20px;--awb-spacing-right-large:11.52%;--awb-margin-bottom-large:20px;--awb-spacing-left-large:11.52%;--awb-width-medium:100%;--awb-spacing-right-medium:1.92%;--awb-spacing-left-medium:1.92%;--awb-width-small:100%;--awb-spacing-right-small:1.92%;--awb-spacing-left-small:1.92%;\"><div class=\"fusion-column-wrapper fusion-column-has-shadow fusion-flex-justify-content-flex-start fusion-content-layout-column\"><\/div><\/div><\/div><\/div><div class=\"fusion-fullwidth fullwidth-box fusion-builder-row-2 fusion-flex-container nonhundred-percent-fullwidth non-hundred-percent-height-scrolling\" style=\"--awb-border-radius-top-left:0px;--awb-border-radius-top-right:0px;--awb-border-radius-bottom-right:0px;--awb-border-radius-bottom-left:0px;--awb-flex-wrap:wrap;\" ><div class=\"fusion-builder-row fusion-row fusion-flex-align-items-flex-start fusion-flex-content-wrap\" style=\"max-width:93.6%;margin-left: calc(-4% \/ 2 );margin-right: calc(-4% \/ 2 );\"><div class=\"fusion-layout-column fusion_builder_column fusion-builder-column-4 fusion_builder_column_1_6 1_6 fusion-flex-column\" style=\"--awb-bg-size:cover;--awb-width-large:16.666666666667%;--awb-margin-top-large:20px;--awb-spacing-right-large:11.52%;--awb-margin-bottom-large:20px;--awb-spacing-left-large:11.52%;--awb-width-medium:100%;--awb-spacing-right-medium:1.92%;--awb-spacing-left-medium:1.92%;--awb-width-small:100%;--awb-spacing-right-small:1.92%;--awb-spacing-left-small:1.92%;\"><div class=\"fusion-column-wrapper fusion-column-has-shadow fusion-flex-justify-content-flex-start fusion-content-layout-column\"><\/div><\/div><div class=\"fusion-layout-column fusion_builder_column fusion-builder-column-5 fusion_builder_column_2_3 2_3 fusion-flex-column\" style=\"--awb-bg-size:cover;--awb-width-large:66.666666666667%;--awb-margin-top-large:20px;--awb-spacing-right-large:2.88%;--awb-margin-bottom-large:20px;--awb-spacing-left-large:2.88%;--awb-width-medium:100%;--awb-spacing-right-medium:1.92%;--awb-spacing-left-medium:1.92%;--awb-width-small:100%;--awb-spacing-right-small:1.92%;--awb-spacing-left-small:1.92%;\"><div class=\"fusion-column-wrapper fusion-column-has-shadow fusion-flex-justify-content-flex-start fusion-content-layout-column\"><div class=\"fusion-separator fusion-full-width-sep\" style=\"align-self: center;margin-left: auto;margin-right: auto;margin-top:20px;margin-bottom:20px;width:100%;\"><\/div><div style=\"text-align:center;\"><a class=\"fusion-button button-flat fusion-button-default-size button-default fusion-button-default button-1 fusion-button-default-span fusion-button-default-type\" target=\"_self\" href=\"https:\/\/www.mein-pflegejob.de\/suche\"><span class=\"fusion-button-text\">Pflegejob finden<\/span><\/a><\/div><\/div><\/div><div class=\"fusion-layout-column fusion_builder_column fusion-builder-column-6 fusion_builder_column_1_6 1_6 fusion-flex-column\" style=\"--awb-bg-size:cover;--awb-width-large:16.666666666667%;--awb-margin-top-large:20px;--awb-spacing-right-large:11.52%;--awb-margin-bottom-large:20px;--awb-spacing-left-large:11.52%;--awb-width-medium:100%;--awb-spacing-right-medium:1.92%;--awb-spacing-left-medium:1.92%;--awb-width-small:100%;--awb-spacing-right-small:1.92%;--awb-spacing-left-small:1.92%;\"><div class=\"fusion-column-wrapper fusion-column-has-shadow fusion-flex-justify-content-flex-start fusion-content-layout-column\"><\/div><\/div><\/div><\/div><\/p>\n","protected":false},"excerpt":{"rendered":"","protected":false},"author":3,"featured_media":4382,"comment_status":"open","ping_status":"closed","sticky":false,"template":"","format":"standard","meta":{"footnotes":""},"categories":[19],"tags":[],"yoast_head":"<!-- This site is optimized with the Yoast SEO plugin v23.4 - https:\/\/yoast.com\/wordpress\/plugins\/seo\/ -->\n<title>Pflegemanager (m\/w\/d) - Magazin Mein Pflegejob<\/title>\n<meta name=\"robots\" content=\"index, follow, max-snippet:-1, max-image-preview:large, max-video-preview:-1\" \/>\n<link rel=\"canonical\" href=\"https:\/\/www.mein-pflegejob.de\/blog\/pflegemanager\/\" \/>\n<meta property=\"og:locale\" content=\"de_DE\" \/>\n<meta property=\"og:type\" content=\"article\" \/>\n<meta property=\"og:title\" content=\"Pflegemanager (m\/w\/d) - Magazin Mein Pflegejob\" \/>\n<meta property=\"og:url\" content=\"https:\/\/www.mein-pflegejob.de\/blog\/pflegemanager\/\" \/>\n<meta property=\"og:site_name\" content=\"Magazin Mein Pflegejob\" \/>\n<meta property=\"article:publisher\" content=\"https:\/\/www.facebook.com\/meinpflegejob.meintraumjob\/\" \/>\n<meta property=\"article:published_time\" content=\"2019-08-23T08:16:33+00:00\" \/>\n<meta property=\"article:modified_time\" content=\"2022-08-18T07:10:08+00:00\" \/>\n<meta property=\"og:image\" content=\"https:\/\/www.mein-pflegejob.de\/blog\/media\/Pflegekraft-3.jpg\" \/>\n\t<meta property=\"og:image:width\" content=\"1024\" \/>\n\t<meta property=\"og:image:height\" content=\"683\" \/>\n\t<meta property=\"og:image:type\" content=\"image\/jpeg\" \/>\n<meta name=\"author\" content=\"Sabrina\" \/>\n<meta name=\"twitter:card\" content=\"summary_large_image\" \/>\n<meta name=\"twitter:creator\" content=\"@mein_pflegejob\" \/>\n<meta name=\"twitter:site\" content=\"@mein_pflegejob\" \/>\n<script type=\"application\/ld+json\" class=\"yoast-schema-graph\">{\"@context\":\"https:\/\/schema.org\",\"@graph\":[{\"@type\":\"Article\",\"@id\":\"https:\/\/www.mein-pflegejob.de\/blog\/pflegemanager\/#article\",\"isPartOf\":{\"@id\":\"https:\/\/www.mein-pflegejob.de\/blog\/pflegemanager\/\"},\"author\":{\"name\":\"Sabrina\",\"@id\":\"https:\/\/www.mein-pflegejob.de\/blog\/#\/schema\/person\/4b4d498e104c0b51009f902030789809\"},\"headline\":\"Pflegemanager (m\/w\/d)\",\"datePublished\":\"2019-08-23T08:16:33+00:00\",\"dateModified\":\"2022-08-18T07:10:08+00:00\",\"mainEntityOfPage\":{\"@id\":\"https:\/\/www.mein-pflegejob.de\/blog\/pflegemanager\/\"},\"wordCount\":1963,\"commentCount\":0,\"publisher\":{\"@id\":\"https:\/\/www.mein-pflegejob.de\/blog\/#organization\"},\"image\":{\"@id\":\"https:\/\/www.mein-pflegejob.de\/blog\/pflegemanager\/#primaryimage\"},\"thumbnailUrl\":\"https:\/\/www.mein-pflegejob.de\/blog\/media\/Pflegekraft-3.jpg\",\"articleSection\":[\"Pflegeberufe\"],\"inLanguage\":\"de\",\"potentialAction\":[{\"@type\":\"CommentAction\",\"name\":\"Comment\",\"target\":[\"https:\/\/www.mein-pflegejob.de\/blog\/pflegemanager\/#respond\"]}]},{\"@type\":\"WebPage\",\"@id\":\"https:\/\/www.mein-pflegejob.de\/blog\/pflegemanager\/\",\"url\":\"https:\/\/www.mein-pflegejob.de\/blog\/pflegemanager\/\",\"name\":\"Pflegemanager (m\/w\/d) - Magazin Mein Pflegejob\",\"isPartOf\":{\"@id\":\"https:\/\/www.mein-pflegejob.de\/blog\/#website\"},\"primaryImageOfPage\":{\"@id\":\"https:\/\/www.mein-pflegejob.de\/blog\/pflegemanager\/#primaryimage\"},\"image\":{\"@id\":\"https:\/\/www.mein-pflegejob.de\/blog\/pflegemanager\/#primaryimage\"},\"thumbnailUrl\":\"https:\/\/www.mein-pflegejob.de\/blog\/media\/Pflegekraft-3.jpg\",\"datePublished\":\"2019-08-23T08:16:33+00:00\",\"dateModified\":\"2022-08-18T07:10:08+00:00\",\"breadcrumb\":{\"@id\":\"https:\/\/www.mein-pflegejob.de\/blog\/pflegemanager\/#breadcrumb\"},\"inLanguage\":\"de\",\"potentialAction\":[{\"@type\":\"ReadAction\",\"target\":[\"https:\/\/www.mein-pflegejob.de\/blog\/pflegemanager\/\"]}]},{\"@type\":\"ImageObject\",\"inLanguage\":\"de\",\"@id\":\"https:\/\/www.mein-pflegejob.de\/blog\/pflegemanager\/#primaryimage\",\"url\":\"https:\/\/www.mein-pflegejob.de\/blog\/media\/Pflegekraft-3.jpg\",\"contentUrl\":\"https:\/\/www.mein-pflegejob.de\/blog\/media\/Pflegekraft-3.jpg\",\"width\":1024,\"height\":683,\"caption\":\"Pflegemanager (m\/w\/d) | Quelle: luchschenF - Adobe Stock\"},{\"@type\":\"BreadcrumbList\",\"@id\":\"https:\/\/www.mein-pflegejob.de\/blog\/pflegemanager\/#breadcrumb\",\"itemListElement\":[{\"@type\":\"ListItem\",\"position\":1,\"name\":\"Home\",\"item\":\"https:\/\/www.mein-pflegejob.de\/blog\/\"},{\"@type\":\"ListItem\",\"position\":2,\"name\":\"Pflegemanager (m\/w\/d)\"}]},{\"@type\":\"WebSite\",\"@id\":\"https:\/\/www.mein-pflegejob.de\/blog\/#website\",\"url\":\"https:\/\/www.mein-pflegejob.de\/blog\/\",\"name\":\"Magazin Mein Pflegejob\",\"description\":\"Der Stellenmarkt f\u00fcr die Pflegebranche\",\"publisher\":{\"@id\":\"https:\/\/www.mein-pflegejob.de\/blog\/#organization\"},\"potentialAction\":[{\"@type\":\"SearchAction\",\"target\":{\"@type\":\"EntryPoint\",\"urlTemplate\":\"https:\/\/www.mein-pflegejob.de\/blog\/?s={search_term_string}\"},\"query-input\":{\"@type\":\"PropertyValueSpecification\",\"valueRequired\":true,\"valueName\":\"search_term_string\"}}],\"inLanguage\":\"de\"},{\"@type\":\"Organization\",\"@id\":\"https:\/\/www.mein-pflegejob.de\/blog\/#organization\",\"name\":\"mein-pflegejob\",\"url\":\"https:\/\/www.mein-pflegejob.de\/blog\/\",\"logo\":{\"@type\":\"ImageObject\",\"inLanguage\":\"de\",\"@id\":\"https:\/\/www.mein-pflegejob.de\/blog\/#\/schema\/logo\/image\/\",\"url\":\"https:\/\/www.mein-pflegejob.de\/blog\/media\/Logo_klein.png\",\"contentUrl\":\"https:\/\/www.mein-pflegejob.de\/blog\/media\/Logo_klein.png\",\"width\":256,\"height\":80,\"caption\":\"mein-pflegejob\"},\"image\":{\"@id\":\"https:\/\/www.mein-pflegejob.de\/blog\/#\/schema\/logo\/image\/\"},\"sameAs\":[\"https:\/\/www.facebook.com\/meinpflegejob.meintraumjob\/\",\"https:\/\/x.com\/mein_pflegejob\",\"https:\/\/www.instagram.com\/meinpflegejob\/\",\"https:\/\/www.linkedin.com\/company\/mein-pflegejob-de\/\"]},{\"@type\":\"Person\",\"@id\":\"https:\/\/www.mein-pflegejob.de\/blog\/#\/schema\/person\/4b4d498e104c0b51009f902030789809\",\"name\":\"Sabrina\"}]}<\/script>\n<!-- \/ Yoast SEO plugin. -->","yoast_head_json":{"title":"Pflegemanager (m\/w\/d) - Magazin Mein Pflegejob","robots":{"index":"index","follow":"follow","max-snippet":"max-snippet:-1","max-image-preview":"max-image-preview:large","max-video-preview":"max-video-preview:-1"},"canonical":"https:\/\/www.mein-pflegejob.de\/blog\/pflegemanager\/","og_locale":"de_DE","og_type":"article","og_title":"Pflegemanager (m\/w\/d) - Magazin Mein Pflegejob","og_url":"https:\/\/www.mein-pflegejob.de\/blog\/pflegemanager\/","og_site_name":"Magazin Mein Pflegejob","article_publisher":"https:\/\/www.facebook.com\/meinpflegejob.meintraumjob\/","article_published_time":"2019-08-23T08:16:33+00:00","article_modified_time":"2022-08-18T07:10:08+00:00","og_image":[{"width":1024,"height":683,"url":"https:\/\/www.mein-pflegejob.de\/blog\/media\/Pflegekraft-3.jpg","type":"image\/jpeg"}],"author":"Sabrina","twitter_card":"summary_large_image","twitter_creator":"@mein_pflegejob","twitter_site":"@mein_pflegejob","schema":{"@context":"https:\/\/schema.org","@graph":[{"@type":"Article","@id":"https:\/\/www.mein-pflegejob.de\/blog\/pflegemanager\/#article","isPartOf":{"@id":"https:\/\/www.mein-pflegejob.de\/blog\/pflegemanager\/"},"author":{"name":"Sabrina","@id":"https:\/\/www.mein-pflegejob.de\/blog\/#\/schema\/person\/4b4d498e104c0b51009f902030789809"},"headline":"Pflegemanager (m\/w\/d)","datePublished":"2019-08-23T08:16:33+00:00","dateModified":"2022-08-18T07:10:08+00:00","mainEntityOfPage":{"@id":"https:\/\/www.mein-pflegejob.de\/blog\/pflegemanager\/"},"wordCount":1963,"commentCount":0,"publisher":{"@id":"https:\/\/www.mein-pflegejob.de\/blog\/#organization"},"image":{"@id":"https:\/\/www.mein-pflegejob.de\/blog\/pflegemanager\/#primaryimage"},"thumbnailUrl":"https:\/\/www.mein-pflegejob.de\/blog\/media\/Pflegekraft-3.jpg","articleSection":["Pflegeberufe"],"inLanguage":"de","potentialAction":[{"@type":"CommentAction","name":"Comment","target":["https:\/\/www.mein-pflegejob.de\/blog\/pflegemanager\/#respond"]}]},{"@type":"WebPage","@id":"https:\/\/www.mein-pflegejob.de\/blog\/pflegemanager\/","url":"https:\/\/www.mein-pflegejob.de\/blog\/pflegemanager\/","name":"Pflegemanager (m\/w\/d) - Magazin Mein Pflegejob","isPartOf":{"@id":"https:\/\/www.mein-pflegejob.de\/blog\/#website"},"primaryImageOfPage":{"@id":"https:\/\/www.mein-pflegejob.de\/blog\/pflegemanager\/#primaryimage"},"image":{"@id":"https:\/\/www.mein-pflegejob.de\/blog\/pflegemanager\/#primaryimage"},"thumbnailUrl":"https:\/\/www.mein-pflegejob.de\/blog\/media\/Pflegekraft-3.jpg","datePublished":"2019-08-23T08:16:33+00:00","dateModified":"2022-08-18T07:10:08+00:00","breadcrumb":{"@id":"https:\/\/www.mein-pflegejob.de\/blog\/pflegemanager\/#breadcrumb"},"inLanguage":"de","potentialAction":[{"@type":"ReadAction","target":["https:\/\/www.mein-pflegejob.de\/blog\/pflegemanager\/"]}]},{"@type":"ImageObject","inLanguage":"de","@id":"https:\/\/www.mein-pflegejob.de\/blog\/pflegemanager\/#primaryimage","url":"https:\/\/www.mein-pflegejob.de\/blog\/media\/Pflegekraft-3.jpg","contentUrl":"https:\/\/www.mein-pflegejob.de\/blog\/media\/Pflegekraft-3.jpg","width":1024,"height":683,"caption":"Pflegemanager (m\/w\/d) | Quelle: luchschenF - Adobe Stock"},{"@type":"BreadcrumbList","@id":"https:\/\/www.mein-pflegejob.de\/blog\/pflegemanager\/#breadcrumb","itemListElement":[{"@type":"ListItem","position":1,"name":"Home","item":"https:\/\/www.mein-pflegejob.de\/blog\/"},{"@type":"ListItem","position":2,"name":"Pflegemanager (m\/w\/d)"}]},{"@type":"WebSite","@id":"https:\/\/www.mein-pflegejob.de\/blog\/#website","url":"https:\/\/www.mein-pflegejob.de\/blog\/","name":"Magazin Mein Pflegejob","description":"Der Stellenmarkt f\u00fcr die Pflegebranche","publisher":{"@id":"https:\/\/www.mein-pflegejob.de\/blog\/#organization"},"potentialAction":[{"@type":"SearchAction","target":{"@type":"EntryPoint","urlTemplate":"https:\/\/www.mein-pflegejob.de\/blog\/?s={search_term_string}"},"query-input":{"@type":"PropertyValueSpecification","valueRequired":true,"valueName":"search_term_string"}}],"inLanguage":"de"},{"@type":"Organization","@id":"https:\/\/www.mein-pflegejob.de\/blog\/#organization","name":"mein-pflegejob","url":"https:\/\/www.mein-pflegejob.de\/blog\/","logo":{"@type":"ImageObject","inLanguage":"de","@id":"https:\/\/www.mein-pflegejob.de\/blog\/#\/schema\/logo\/image\/","url":"https:\/\/www.mein-pflegejob.de\/blog\/media\/Logo_klein.png","contentUrl":"https:\/\/www.mein-pflegejob.de\/blog\/media\/Logo_klein.png","width":256,"height":80,"caption":"mein-pflegejob"},"image":{"@id":"https:\/\/www.mein-pflegejob.de\/blog\/#\/schema\/logo\/image\/"},"sameAs":["https:\/\/www.facebook.com\/meinpflegejob.meintraumjob\/","https:\/\/x.com\/mein_pflegejob","https:\/\/www.instagram.com\/meinpflegejob\/","https:\/\/www.linkedin.com\/company\/mein-pflegejob-de\/"]},{"@type":"Person","@id":"https:\/\/www.mein-pflegejob.de\/blog\/#\/schema\/person\/4b4d498e104c0b51009f902030789809","name":"Sabrina"}]}},"_links":{"self":[{"href":"https:\/\/www.mein-pflegejob.de\/blog\/wp-json\/wp\/v2\/posts\/1809"}],"collection":[{"href":"https:\/\/www.mein-pflegejob.de\/blog\/wp-json\/wp\/v2\/posts"}],"about":[{"href":"https:\/\/www.mein-pflegejob.de\/blog\/wp-json\/wp\/v2\/types\/post"}],"author":[{"embeddable":true,"href":"https:\/\/www.mein-pflegejob.de\/blog\/wp-json\/wp\/v2\/users\/3"}],"replies":[{"embeddable":true,"href":"https:\/\/www.mein-pflegejob.de\/blog\/wp-json\/wp\/v2\/comments?post=1809"}],"version-history":[{"count":7,"href":"https:\/\/www.mein-pflegejob.de\/blog\/wp-json\/wp\/v2\/posts\/1809\/revisions"}],"predecessor-version":[{"id":6629,"href":"https:\/\/www.mein-pflegejob.de\/blog\/wp-json\/wp\/v2\/posts\/1809\/revisions\/6629"}],"wp:featuredmedia":[{"embeddable":true,"href":"https:\/\/www.mein-pflegejob.de\/blog\/wp-json\/wp\/v2\/media\/4382"}],"wp:attachment":[{"href":"https:\/\/www.mein-pflegejob.de\/blog\/wp-json\/wp\/v2\/media?parent=1809"}],"wp:term":[{"taxonomy":"category","embeddable":true,"href":"https:\/\/www.mein-pflegejob.de\/blog\/wp-json\/wp\/v2\/categories?post=1809"},{"taxonomy":"post_tag","embeddable":true,"href":"https:\/\/www.mein-pflegejob.de\/blog\/wp-json\/wp\/v2\/tags?post=1809"}],"curies":[{"name":"wp","href":"https:\/\/api.w.org\/{rel}","templated":true}]}}