{"id":1829,"date":"2019-09-25T13:43:26","date_gmt":"2019-09-25T11:43:26","guid":{"rendered":"http:\/\/blog.mein-pflegejob.de\/?p=1829"},"modified":"2026-02-12T14:53:22","modified_gmt":"2026-02-12T13:53:22","slug":"wahl-arbeitgeber","status":"publish","type":"post","link":"https:\/\/www.mein-pflegejob.de\/blog\/wahl-arbeitgeber\/","title":{"rendered":"Wahl des Arbeitgebers (kirchlich oder privat)"},"content":{"rendered":"<div class=\"fusion-fullwidth fullwidth-box fusion-builder-row-1 fusion-flex-container nonhundred-percent-fullwidth non-hundred-percent-height-scrolling\" style=\"--awb-border-radius-top-left:0px;--awb-border-radius-top-right:0px;--awb-border-radius-bottom-right:0px;--awb-border-radius-bottom-left:0px;--awb-flex-wrap:wrap;\" ><div class=\"fusion-builder-row fusion-row fusion-flex-align-items-flex-start fusion-flex-content-wrap\" style=\"max-width:93.6%;margin-left: calc(-4% \/ 2 );margin-right: calc(-4% \/ 2 );\"><div class=\"fusion-layout-column fusion_builder_column fusion-builder-column-0 fusion_builder_column_1_6 1_6 fusion-flex-column\" style=\"--awb-bg-size:cover;--awb-width-large:16.666666666667%;--awb-margin-top-large:20px;--awb-spacing-right-large:11.52%;--awb-margin-bottom-large:20px;--awb-spacing-left-large:11.52%;--awb-width-medium:100%;--awb-spacing-right-medium:1.92%;--awb-spacing-left-medium:1.92%;--awb-width-small:100%;--awb-spacing-right-small:1.92%;--awb-spacing-left-small:1.92%;\"><div class=\"fusion-column-wrapper fusion-column-has-shadow fusion-flex-justify-content-flex-start fusion-content-layout-column\"><\/div><\/div><div class=\"fusion-layout-column fusion_builder_column fusion-builder-column-1 fusion_builder_column_2_3 2_3 fusion-flex-column\" style=\"--awb-bg-size:cover;--awb-width-large:66.666666666667%;--awb-margin-top-large:20px;--awb-spacing-right-large:2.88%;--awb-margin-bottom-large:20px;--awb-spacing-left-large:2.88%;--awb-width-medium:100%;--awb-spacing-right-medium:1.92%;--awb-spacing-left-medium:1.92%;--awb-width-small:100%;--awb-spacing-right-small:1.92%;--awb-spacing-left-small:1.92%;\"><div class=\"fusion-column-wrapper fusion-column-has-shadow fusion-flex-justify-content-flex-start fusion-content-layout-column\"><div class=\"fusion-text fusion-text-1\"><p>Wer sich f\u00fcr einen Job bewirbt, muss auch eine Entscheidung f\u00fcr einen Arbeitgeber treffen. Welcher Arbeitgeber f\u00fcr welchen Bewerber der Richtige ist, h\u00e4ngt von vielen verschiedenen Faktoren ab. Daher sollten Bewerber im Vorfeld der Bewerbung Informationen \u00fcber die m\u00f6glichen Arbeitgeber einholen, um eine fundierte Entscheidung treffen zu k\u00f6nnen.<\/p>\n<h2 id=\"inhaltsverzeichnis\">Inhaltsverzeichnis<\/h2>\n<ul>\n<li><a href=\"#arbeitgeber\">M\u00f6gliche Arbeitgeber<\/a><\/li>\n<li><a href=\"#kirchlich\">Kirchliche Tr\u00e4ger<\/a><\/li>\n<li><a href=\"#privat\">Private Tr\u00e4ger<\/a><\/li>\n<li><a href=\"#wahl\">Einen Arbeitgeber w\u00e4hlen<\/a><\/li>\n<\/ul>\n<\/div><div class=\"fusion-separator\" style=\"align-self: center;margin-left: auto;margin-right: auto;margin-top:20px;margin-bottom:20px;width:100%;max-width:500px;\"><div class=\"fusion-separator-border sep-single sep-solid\" style=\"--awb-height:20px;--awb-amount:20px;border-color:#d1d1d1;border-top-width:2px;\"><\/div><\/div><div class=\"fusion-text fusion-text-2\"><h2 id=\"arbeitgeber\">M\u00f6gliche Arbeitgeber<\/h2>\n<p>Wer in der Pflege arbeiten m\u00f6chte, hat die Wahl zwischen verschiedenen Arbeitgebern. Bei der Auswahl spielen vor allem kirchliche sowie private Tr\u00e4ger eine Rolle. Beide Varianten bieten potenziellen Mitarbeitern sowohl Vor- als auch Nachteile.<\/p>\n<h3 id=\"kirchlich\">Kirchliche Tr\u00e4ger<\/h3>\n<p>Die christlichen Tr\u00e4gerschaften der katholischen Caritas und evangelischen Diakonie dominieren vor allem im l\u00e4ndlichen Raum das Dienstleistungs- und Arbeitsplatzangebot im Sozialwesen. Mit etwa 1,3 Millionen Besch\u00e4ftigten z\u00e4hlen die beiden Wohlfahrtsverb\u00e4nde besonders in der Kinderbetreuung, Alten- und Krankenpflege zu den gr\u00f6\u00dften Arbeitgebern Deutschlands.<\/p>\n<p>Zu beachten ist, dass beide Kirchengemeinschaften aufgrund ihres Selbstverwaltungsrechts \u00fcber ein eigenes Arbeitsrecht verf\u00fcgen, das sich in einigen Punkten wesentlich vom staatlichen Arbeitsrecht unterscheidet. Beispielsweise gibt es statt des Personal- oder Betriebsrates eine sogenannte Mitarbeitervertretung, die an betrieblichen Entscheidungen beteiligt werden soll.<\/p>\n<p>Arbeitskampfma\u00dfnahmen wie Streiks waren vor dem Urteil des Bundesarbeitsgerichts im Jahr 2012 als unvereinbar mit den kirchlichen Leits\u00e4tzen verboten. Bis heute darf nur unter ganz bestimmten Voraussetzungen gestreikt werden.<\/p>\n<p>Des Weiteren wird erwartet, dass sich der Mitarbeiter mit den Moral- und Glaubensvorstellungen der Kirche identifiziert. Verst\u00f6\u00dfe wie das Eingehen einer zweiten Ehe nach Scheidung, Eintritt in eine andere Glaubensgemeinschaft oder eine homosexuelle Ausrichtung k\u00f6nnen schnell arbeitsrechtliche Konsequenzen zur Folge haben, die nicht selten bis zur K\u00fcndigung reichen.<\/p>\n<h3 id=\"privat\">Private Tr\u00e4ger<\/h3>\n<p>Da die Kirchen ihren Schwerpunkt in der station\u00e4ren Pflege haben, kam es im Zuge der Einf\u00fchrung der Pflegeversicherung Mitte der 1990er Jahre zu einem Aufschwung von privaten, ambulanten Pflegediensten. Mit der verst\u00e4rkten Ausdehnung von privaten station\u00e4ren wie ambulanten Einrichtungen prallen zwei gegens\u00e4tzliche Modelle aufeinander.<\/p>\n<p>Kirchliche Institutionen sind dazu verpflichtet vorrangig auf die Einhaltung christlicher Werte wie N\u00e4chstenliebe, Bescheidenheit, Gemeinschaft und Dankbarkeit zu achten. Ihr Handeln darf nicht auf die Erwirtschaftung von Gewinn zielen. Bei privaten Arbeitgebern handelt es sich meist um die Betreiber kleiner Einrichtungen oder Tr\u00e4ger von gro\u00dfen Pflegeheim-Ketten.<\/p>\n<p>Im Gegensatz zu H\u00e4usern der Caritas oder Diakonie, werden diese nach dem Gesichtspunkt der Wirtschaftlichkeit betrieben und sind gewinnorientiert ausgerichtet.<\/p>\n<\/div><div class=\"fusion-separator\" style=\"align-self: center;margin-left: auto;margin-right: auto;margin-top:20px;margin-bottom:20px;width:100%;max-width:500px;\"><div class=\"fusion-separator-border sep-single sep-solid\" style=\"--awb-height:20px;--awb-amount:20px;border-color:#d1d1d1;border-top-width:2px;\"><\/div><\/div><div class=\"fusion-text fusion-text-3\"><h2 id=\"wahl\">Einen Arbeitgeber w\u00e4hlen<\/h2>\n<p>Die \u00f6ffentliche, private oder kirchliche Ausrichtung des Tr\u00e4gers kann auch hinsichtlich der Bezahlung eine Rolle spielen. Im Vergleich ist der Lohn von kirchlichen Tr\u00e4gern meist etwas h\u00f6her als das Gehalt von Einrichtungen in \u00f6ffentlicher Tr\u00e4gerschaft (z.B. Einrichtungen der Gemeinde, des Landes oder Bundes). Meist richtet sich der Verdienst bei beiden Arbeitgebern nach tariflichen Vorgaben (Regelungen des \u00f6ffentlichen Diensts bzw. Arbeitsvertragsrichtlinien der Kirche).<\/p>\n<p>Dagegen bezahlen private Tr\u00e4ger entweder nach Haustarif oder handeln das Gehalt individuell aus. Auch Berufserfahrung, Branche und Region sind entscheidende Faktoren f\u00fcr die H\u00f6he der Bezahlung.<\/p>\n<p>Sowohl kirchliche als auch private Tr\u00e4ger bieten potenziellen Arbeitnehmern jede Menge Vorteile und Chance. Welcher Tr\u00e4ger am Ende der Richtige ist, h\u00e4ngt letztlich vom jeweiligen Bewerber ab.<\/p>\n<\/div><div class=\"fusion-separator fusion-full-width-sep\" style=\"align-self: center;margin-left: auto;margin-right: auto;margin-top:30px;width:100%;\"><\/div><div style=\"text-align:center;\"><a class=\"fusion-button button-flat fusion-button-default-size button-default fusion-button-default button-1 fusion-button-default-span fusion-button-default-type\" target=\"_self\" href=\"\/blog\/pflege-gehalt\/\"><span class=\"fusion-button-text\">Geh\u00e4lter in der Pflege &#8211; Wie viel verdient die Pflegebranche?<\/span><\/a><\/div><\/div><\/div><div class=\"fusion-layout-column fusion_builder_column fusion-builder-column-2 fusion_builder_column_1_6 1_6 fusion-flex-column\" style=\"--awb-bg-size:cover;--awb-width-large:16.666666666667%;--awb-margin-top-large:20px;--awb-spacing-right-large:11.52%;--awb-margin-bottom-large:20px;--awb-spacing-left-large:11.52%;--awb-width-medium:100%;--awb-spacing-right-medium:1.92%;--awb-spacing-left-medium:1.92%;--awb-width-small:100%;--awb-spacing-right-small:1.92%;--awb-spacing-left-small:1.92%;\"><div class=\"fusion-column-wrapper fusion-column-has-shadow fusion-flex-justify-content-flex-start fusion-content-layout-column\"><\/div><\/div><\/div><\/div>\n","protected":false},"excerpt":{"rendered":"","protected":false},"author":3,"featured_media":7329,"comment_status":"open","ping_status":"closed","sticky":false,"template":"","format":"standard","meta":{"footnotes":""},"categories":[1],"tags":[],"yoast_head":"<!-- This site is optimized with the Yoast SEO plugin v23.4 - https:\/\/yoast.com\/wordpress\/plugins\/seo\/ -->\n<title>Wahl des Arbeitgebers (kirchlich oder privat) - Magazin Mein Pflegejob<\/title>\n<meta name=\"robots\" content=\"index, follow, max-snippet:-1, max-image-preview:large, max-video-preview:-1\" \/>\n<link rel=\"canonical\" href=\"https:\/\/www.mein-pflegejob.de\/blog\/wahl-arbeitgeber\/\" \/>\n<meta property=\"og:locale\" content=\"de_DE\" \/>\n<meta property=\"og:type\" content=\"article\" \/>\n<meta property=\"og:title\" content=\"Wahl des Arbeitgebers (kirchlich oder privat) - Magazin Mein Pflegejob\" \/>\n<meta property=\"og:url\" content=\"https:\/\/www.mein-pflegejob.de\/blog\/wahl-arbeitgeber\/\" \/>\n<meta property=\"og:site_name\" content=\"Magazin Mein Pflegejob\" \/>\n<meta property=\"article:publisher\" content=\"https:\/\/www.facebook.com\/meinpflegejob.meintraumjob\/\" \/>\n<meta property=\"article:published_time\" content=\"2019-09-25T11:43:26+00:00\" \/>\n<meta property=\"article:modified_time\" content=\"2026-02-12T13:53:22+00:00\" \/>\n<meta property=\"og:image\" content=\"https:\/\/www.mein-pflegejob.de\/blog\/media\/mpj1.jpg\" \/>\n\t<meta property=\"og:image:width\" content=\"388\" \/>\n\t<meta property=\"og:image:height\" content=\"315\" \/>\n\t<meta property=\"og:image:type\" content=\"image\/jpeg\" \/>\n<meta name=\"author\" content=\"Sabrina\" \/>\n<meta name=\"twitter:card\" content=\"summary_large_image\" \/>\n<meta name=\"twitter:creator\" content=\"@mein_pflegejob\" \/>\n<meta name=\"twitter:site\" content=\"@mein_pflegejob\" \/>\n<script type=\"application\/ld+json\" class=\"yoast-schema-graph\">{\"@context\":\"https:\/\/schema.org\",\"@graph\":[{\"@type\":\"Article\",\"@id\":\"https:\/\/www.mein-pflegejob.de\/blog\/wahl-arbeitgeber\/#article\",\"isPartOf\":{\"@id\":\"https:\/\/www.mein-pflegejob.de\/blog\/wahl-arbeitgeber\/\"},\"author\":{\"name\":\"Sabrina\",\"@id\":\"https:\/\/www.mein-pflegejob.de\/blog\/#\/schema\/person\/4b4d498e104c0b51009f902030789809\"},\"headline\":\"Wahl des Arbeitgebers (kirchlich oder privat)\",\"datePublished\":\"2019-09-25T11:43:26+00:00\",\"dateModified\":\"2026-02-12T13:53:22+00:00\",\"mainEntityOfPage\":{\"@id\":\"https:\/\/www.mein-pflegejob.de\/blog\/wahl-arbeitgeber\/\"},\"wordCount\":1256,\"commentCount\":0,\"publisher\":{\"@id\":\"https:\/\/www.mein-pflegejob.de\/blog\/#organization\"},\"image\":{\"@id\":\"https:\/\/www.mein-pflegejob.de\/blog\/wahl-arbeitgeber\/#primaryimage\"},\"thumbnailUrl\":\"https:\/\/www.mein-pflegejob.de\/blog\/media\/mpj1.jpg\",\"inLanguage\":\"de\",\"potentialAction\":[{\"@type\":\"CommentAction\",\"name\":\"Comment\",\"target\":[\"https:\/\/www.mein-pflegejob.de\/blog\/wahl-arbeitgeber\/#respond\"]}]},{\"@type\":\"WebPage\",\"@id\":\"https:\/\/www.mein-pflegejob.de\/blog\/wahl-arbeitgeber\/\",\"url\":\"https:\/\/www.mein-pflegejob.de\/blog\/wahl-arbeitgeber\/\",\"name\":\"Wahl des Arbeitgebers (kirchlich oder privat) - Magazin Mein Pflegejob\",\"isPartOf\":{\"@id\":\"https:\/\/www.mein-pflegejob.de\/blog\/#website\"},\"primaryImageOfPage\":{\"@id\":\"https:\/\/www.mein-pflegejob.de\/blog\/wahl-arbeitgeber\/#primaryimage\"},\"image\":{\"@id\":\"https:\/\/www.mein-pflegejob.de\/blog\/wahl-arbeitgeber\/#primaryimage\"},\"thumbnailUrl\":\"https:\/\/www.mein-pflegejob.de\/blog\/media\/mpj1.jpg\",\"datePublished\":\"2019-09-25T11:43:26+00:00\",\"dateModified\":\"2026-02-12T13:53:22+00:00\",\"breadcrumb\":{\"@id\":\"https:\/\/www.mein-pflegejob.de\/blog\/wahl-arbeitgeber\/#breadcrumb\"},\"inLanguage\":\"de\",\"potentialAction\":[{\"@type\":\"ReadAction\",\"target\":[\"https:\/\/www.mein-pflegejob.de\/blog\/wahl-arbeitgeber\/\"]}]},{\"@type\":\"ImageObject\",\"inLanguage\":\"de\",\"@id\":\"https:\/\/www.mein-pflegejob.de\/blog\/wahl-arbeitgeber\/#primaryimage\",\"url\":\"https:\/\/www.mein-pflegejob.de\/blog\/media\/mpj1.jpg\",\"contentUrl\":\"https:\/\/www.mein-pflegejob.de\/blog\/media\/mpj1.jpg\",\"width\":388,\"height\":315,\"caption\":\"Wahl des Arbeitgebers -kirchlich oder privat\"},{\"@type\":\"BreadcrumbList\",\"@id\":\"https:\/\/www.mein-pflegejob.de\/blog\/wahl-arbeitgeber\/#breadcrumb\",\"itemListElement\":[{\"@type\":\"ListItem\",\"position\":1,\"name\":\"Home\",\"item\":\"https:\/\/www.mein-pflegejob.de\/blog\/\"},{\"@type\":\"ListItem\",\"position\":2,\"name\":\"Wahl des Arbeitgebers (kirchlich oder privat)\"}]},{\"@type\":\"WebSite\",\"@id\":\"https:\/\/www.mein-pflegejob.de\/blog\/#website\",\"url\":\"https:\/\/www.mein-pflegejob.de\/blog\/\",\"name\":\"Magazin Mein Pflegejob\",\"description\":\"Der Stellenmarkt f\u00fcr die Pflegebranche\",\"publisher\":{\"@id\":\"https:\/\/www.mein-pflegejob.de\/blog\/#organization\"},\"potentialAction\":[{\"@type\":\"SearchAction\",\"target\":{\"@type\":\"EntryPoint\",\"urlTemplate\":\"https:\/\/www.mein-pflegejob.de\/blog\/?s={search_term_string}\"},\"query-input\":{\"@type\":\"PropertyValueSpecification\",\"valueRequired\":true,\"valueName\":\"search_term_string\"}}],\"inLanguage\":\"de\"},{\"@type\":\"Organization\",\"@id\":\"https:\/\/www.mein-pflegejob.de\/blog\/#organization\",\"name\":\"mein-pflegejob\",\"url\":\"https:\/\/www.mein-pflegejob.de\/blog\/\",\"logo\":{\"@type\":\"ImageObject\",\"inLanguage\":\"de\",\"@id\":\"https:\/\/www.mein-pflegejob.de\/blog\/#\/schema\/logo\/image\/\",\"url\":\"https:\/\/www.mein-pflegejob.de\/blog\/media\/Logo_klein.png\",\"contentUrl\":\"https:\/\/www.mein-pflegejob.de\/blog\/media\/Logo_klein.png\",\"width\":256,\"height\":80,\"caption\":\"mein-pflegejob\"},\"image\":{\"@id\":\"https:\/\/www.mein-pflegejob.de\/blog\/#\/schema\/logo\/image\/\"},\"sameAs\":[\"https:\/\/www.facebook.com\/meinpflegejob.meintraumjob\/\",\"https:\/\/x.com\/mein_pflegejob\",\"https:\/\/www.instagram.com\/meinpflegejob\/\",\"https:\/\/www.linkedin.com\/company\/mein-pflegejob-de\/\"]},{\"@type\":\"Person\",\"@id\":\"https:\/\/www.mein-pflegejob.de\/blog\/#\/schema\/person\/4b4d498e104c0b51009f902030789809\",\"name\":\"Sabrina\"}]}<\/script>\n<!-- \/ Yoast SEO plugin. -->","yoast_head_json":{"title":"Wahl des Arbeitgebers (kirchlich oder privat) - Magazin Mein Pflegejob","robots":{"index":"index","follow":"follow","max-snippet":"max-snippet:-1","max-image-preview":"max-image-preview:large","max-video-preview":"max-video-preview:-1"},"canonical":"https:\/\/www.mein-pflegejob.de\/blog\/wahl-arbeitgeber\/","og_locale":"de_DE","og_type":"article","og_title":"Wahl des Arbeitgebers (kirchlich oder privat) - Magazin Mein Pflegejob","og_url":"https:\/\/www.mein-pflegejob.de\/blog\/wahl-arbeitgeber\/","og_site_name":"Magazin Mein Pflegejob","article_publisher":"https:\/\/www.facebook.com\/meinpflegejob.meintraumjob\/","article_published_time":"2019-09-25T11:43:26+00:00","article_modified_time":"2026-02-12T13:53:22+00:00","og_image":[{"width":388,"height":315,"url":"https:\/\/www.mein-pflegejob.de\/blog\/media\/mpj1.jpg","type":"image\/jpeg"}],"author":"Sabrina","twitter_card":"summary_large_image","twitter_creator":"@mein_pflegejob","twitter_site":"@mein_pflegejob","schema":{"@context":"https:\/\/schema.org","@graph":[{"@type":"Article","@id":"https:\/\/www.mein-pflegejob.de\/blog\/wahl-arbeitgeber\/#article","isPartOf":{"@id":"https:\/\/www.mein-pflegejob.de\/blog\/wahl-arbeitgeber\/"},"author":{"name":"Sabrina","@id":"https:\/\/www.mein-pflegejob.de\/blog\/#\/schema\/person\/4b4d498e104c0b51009f902030789809"},"headline":"Wahl des Arbeitgebers (kirchlich oder privat)","datePublished":"2019-09-25T11:43:26+00:00","dateModified":"2026-02-12T13:53:22+00:00","mainEntityOfPage":{"@id":"https:\/\/www.mein-pflegejob.de\/blog\/wahl-arbeitgeber\/"},"wordCount":1256,"commentCount":0,"publisher":{"@id":"https:\/\/www.mein-pflegejob.de\/blog\/#organization"},"image":{"@id":"https:\/\/www.mein-pflegejob.de\/blog\/wahl-arbeitgeber\/#primaryimage"},"thumbnailUrl":"https:\/\/www.mein-pflegejob.de\/blog\/media\/mpj1.jpg","inLanguage":"de","potentialAction":[{"@type":"CommentAction","name":"Comment","target":["https:\/\/www.mein-pflegejob.de\/blog\/wahl-arbeitgeber\/#respond"]}]},{"@type":"WebPage","@id":"https:\/\/www.mein-pflegejob.de\/blog\/wahl-arbeitgeber\/","url":"https:\/\/www.mein-pflegejob.de\/blog\/wahl-arbeitgeber\/","name":"Wahl des Arbeitgebers (kirchlich oder privat) - Magazin Mein Pflegejob","isPartOf":{"@id":"https:\/\/www.mein-pflegejob.de\/blog\/#website"},"primaryImageOfPage":{"@id":"https:\/\/www.mein-pflegejob.de\/blog\/wahl-arbeitgeber\/#primaryimage"},"image":{"@id":"https:\/\/www.mein-pflegejob.de\/blog\/wahl-arbeitgeber\/#primaryimage"},"thumbnailUrl":"https:\/\/www.mein-pflegejob.de\/blog\/media\/mpj1.jpg","datePublished":"2019-09-25T11:43:26+00:00","dateModified":"2026-02-12T13:53:22+00:00","breadcrumb":{"@id":"https:\/\/www.mein-pflegejob.de\/blog\/wahl-arbeitgeber\/#breadcrumb"},"inLanguage":"de","potentialAction":[{"@type":"ReadAction","target":["https:\/\/www.mein-pflegejob.de\/blog\/wahl-arbeitgeber\/"]}]},{"@type":"ImageObject","inLanguage":"de","@id":"https:\/\/www.mein-pflegejob.de\/blog\/wahl-arbeitgeber\/#primaryimage","url":"https:\/\/www.mein-pflegejob.de\/blog\/media\/mpj1.jpg","contentUrl":"https:\/\/www.mein-pflegejob.de\/blog\/media\/mpj1.jpg","width":388,"height":315,"caption":"Wahl des Arbeitgebers -kirchlich oder privat"},{"@type":"BreadcrumbList","@id":"https:\/\/www.mein-pflegejob.de\/blog\/wahl-arbeitgeber\/#breadcrumb","itemListElement":[{"@type":"ListItem","position":1,"name":"Home","item":"https:\/\/www.mein-pflegejob.de\/blog\/"},{"@type":"ListItem","position":2,"name":"Wahl des Arbeitgebers (kirchlich oder privat)"}]},{"@type":"WebSite","@id":"https:\/\/www.mein-pflegejob.de\/blog\/#website","url":"https:\/\/www.mein-pflegejob.de\/blog\/","name":"Magazin Mein Pflegejob","description":"Der Stellenmarkt f\u00fcr die Pflegebranche","publisher":{"@id":"https:\/\/www.mein-pflegejob.de\/blog\/#organization"},"potentialAction":[{"@type":"SearchAction","target":{"@type":"EntryPoint","urlTemplate":"https:\/\/www.mein-pflegejob.de\/blog\/?s={search_term_string}"},"query-input":{"@type":"PropertyValueSpecification","valueRequired":true,"valueName":"search_term_string"}}],"inLanguage":"de"},{"@type":"Organization","@id":"https:\/\/www.mein-pflegejob.de\/blog\/#organization","name":"mein-pflegejob","url":"https:\/\/www.mein-pflegejob.de\/blog\/","logo":{"@type":"ImageObject","inLanguage":"de","@id":"https:\/\/www.mein-pflegejob.de\/blog\/#\/schema\/logo\/image\/","url":"https:\/\/www.mein-pflegejob.de\/blog\/media\/Logo_klein.png","contentUrl":"https:\/\/www.mein-pflegejob.de\/blog\/media\/Logo_klein.png","width":256,"height":80,"caption":"mein-pflegejob"},"image":{"@id":"https:\/\/www.mein-pflegejob.de\/blog\/#\/schema\/logo\/image\/"},"sameAs":["https:\/\/www.facebook.com\/meinpflegejob.meintraumjob\/","https:\/\/x.com\/mein_pflegejob","https:\/\/www.instagram.com\/meinpflegejob\/","https:\/\/www.linkedin.com\/company\/mein-pflegejob-de\/"]},{"@type":"Person","@id":"https:\/\/www.mein-pflegejob.de\/blog\/#\/schema\/person\/4b4d498e104c0b51009f902030789809","name":"Sabrina"}]}},"_links":{"self":[{"href":"https:\/\/www.mein-pflegejob.de\/blog\/wp-json\/wp\/v2\/posts\/1829"}],"collection":[{"href":"https:\/\/www.mein-pflegejob.de\/blog\/wp-json\/wp\/v2\/posts"}],"about":[{"href":"https:\/\/www.mein-pflegejob.de\/blog\/wp-json\/wp\/v2\/types\/post"}],"author":[{"embeddable":true,"href":"https:\/\/www.mein-pflegejob.de\/blog\/wp-json\/wp\/v2\/users\/3"}],"replies":[{"embeddable":true,"href":"https:\/\/www.mein-pflegejob.de\/blog\/wp-json\/wp\/v2\/comments?post=1829"}],"version-history":[{"count":5,"href":"https:\/\/www.mein-pflegejob.de\/blog\/wp-json\/wp\/v2\/posts\/1829\/revisions"}],"predecessor-version":[{"id":7330,"href":"https:\/\/www.mein-pflegejob.de\/blog\/wp-json\/wp\/v2\/posts\/1829\/revisions\/7330"}],"wp:featuredmedia":[{"embeddable":true,"href":"https:\/\/www.mein-pflegejob.de\/blog\/wp-json\/wp\/v2\/media\/7329"}],"wp:attachment":[{"href":"https:\/\/www.mein-pflegejob.de\/blog\/wp-json\/wp\/v2\/media?parent=1829"}],"wp:term":[{"taxonomy":"category","embeddable":true,"href":"https:\/\/www.mein-pflegejob.de\/blog\/wp-json\/wp\/v2\/categories?post=1829"},{"taxonomy":"post_tag","embeddable":true,"href":"https:\/\/www.mein-pflegejob.de\/blog\/wp-json\/wp\/v2\/tags?post=1829"}],"curies":[{"name":"wp","href":"https:\/\/api.w.org\/{rel}","templated":true}]}}