{"id":3874,"date":"2020-11-26T14:27:40","date_gmt":"2020-11-26T13:27:40","guid":{"rendered":"https:\/\/www.mein-pflegejob.de\/blog\/?p=3874"},"modified":"2022-07-21T09:58:38","modified_gmt":"2022-07-21T07:58:38","slug":"der-virtuelle-konferenzraum","status":"publish","type":"post","link":"https:\/\/www.mein-pflegejob.de\/blog\/der-virtuelle-konferenzraum\/","title":{"rendered":"Der virtuelle Konferenzraum  &#8211; noch schneller mit potentiellen Bewerbern verbinden"},"content":{"rendered":"<p><div class=\"fusion-fullwidth fullwidth-box fusion-builder-row-1 fusion-flex-container nonhundred-percent-fullwidth non-hundred-percent-height-scrolling\" style=\"--awb-border-radius-top-left:0px;--awb-border-radius-top-right:0px;--awb-border-radius-bottom-right:0px;--awb-border-radius-bottom-left:0px;--awb-flex-wrap:wrap;\" ><div class=\"fusion-builder-row fusion-row fusion-flex-align-items-flex-start fusion-flex-content-wrap\" style=\"max-width:93.6%;margin-left: calc(-4% \/ 2 );margin-right: calc(-4% \/ 2 );\"><div class=\"fusion-layout-column fusion_builder_column fusion-builder-column-0 fusion_builder_column_1_6 1_6 fusion-flex-column\" style=\"--awb-bg-size:cover;--awb-width-large:16.666666666667%;--awb-margin-top-large:20px;--awb-spacing-right-large:11.52%;--awb-margin-bottom-large:20px;--awb-spacing-left-large:11.52%;--awb-width-medium:100%;--awb-order-medium:0;--awb-spacing-right-medium:1.92%;--awb-spacing-left-medium:1.92%;--awb-width-small:100%;--awb-order-small:0;--awb-spacing-right-small:1.92%;--awb-spacing-left-small:1.92%;\"><div class=\"fusion-column-wrapper fusion-column-has-shadow fusion-flex-justify-content-flex-start fusion-content-layout-column\"><\/div><\/div><div class=\"fusion-layout-column fusion_builder_column fusion-builder-column-1 fusion_builder_column_2_3 2_3 fusion-flex-column\" style=\"--awb-bg-size:cover;--awb-width-large:66.666666666667%;--awb-margin-top-large:20px;--awb-spacing-right-large:2.88%;--awb-margin-bottom-large:20px;--awb-spacing-left-large:2.88%;--awb-width-medium:100%;--awb-order-medium:0;--awb-spacing-right-medium:1.92%;--awb-spacing-left-medium:1.92%;--awb-width-small:100%;--awb-order-small:0;--awb-spacing-right-small:1.92%;--awb-spacing-left-small:1.92%;\"><div class=\"fusion-column-wrapper fusion-column-has-shadow fusion-flex-justify-content-flex-start fusion-content-layout-column\"><div class=\"fusion-text fusion-text-1\"><p style=\"text-align: left;\">Wir arbeiten stets daran unseren Service f\u00fcr Sie zu optimieren, daher stellen wir Ihnen unser neuestes Tool vor: der virtuelle Konferenzraum.<br \/>\nSollten Sie eine Professional-Anzeige bei uns gebucht haben, k\u00f6nnen Sie diesen Service inklusive nutzen. Die Anwendung ist dabei ganz einfach:<\/p>\n<\/div><div class=\"fusion-image-element \" style=\"--awb-caption-title-font-family:var(--h2_typography-font-family);--awb-caption-title-font-weight:var(--h2_typography-font-weight);--awb-caption-title-font-style:var(--h2_typography-font-style);--awb-caption-title-size:var(--h2_typography-font-size);--awb-caption-title-transform:var(--h2_typography-text-transform);--awb-caption-title-line-height:var(--h2_typography-line-height);--awb-caption-title-letter-spacing:var(--h2_typography-letter-spacing);\"><span class=\" fusion-imageframe imageframe-none imageframe-1 hover-type-none\"><img decoding=\"async\" alt=\"Virtueller Konferenzraum | Quelle: pexels - cottonbro\" title=\"Virtueller Konferenzraum | Quelle: pexels &#8211; cottonbro\" src=\"data:image\/gif;base64,R0lGODlhAQABAAAAACH5BAEKAAEALAAAAAABAAEAAAICTAEAOw==\" data-orig-src=\"https:\/\/www.mein-pflegejob.de\/blog\/media\/pexels-cottonbro-3951881_komprimiert-scaled.jpg\" class=\"lazyload img-responsive wp-image-3875\"\/><\/span><\/div><div class=\"fusion-text fusion-text-2\"><h6 style=\"text-align: center;\">Virtueller Konferenzraum | Quelle: pexels &#8211; cottonbro<\/h6>\n<\/div><div class=\"fusion-text fusion-text-3\"><ul>\n<li>Loggen Sie sich in Ihr <a href=\"https:\/\/account.wohnen-im-alter.de\/stellenanzeigen?utm_medium=mail&amp;utm_source=mail&amp;utm_campaign=dach.mail.brand.institutions.professionalkunden&amp;utm_content=virtueller-konferenzraum\">Kundenkonto<\/a>\u00a0ein.<\/li>\n<li>Klicken Sie in der Seitenleiste auf &#8222;Stellenanzeigen&#8220;. Dort finden Sie die \u00dcbersicht Ihrer gebuchten Stellenanzeigen.<\/li>\n<li>Klicken Sie auf das Telefonsymbol neben der Stellenanzeige.<\/li>\n<\/ul>\n<\/div><div class=\"fusion-image-element \" style=\"text-align:center;--awb-margin-top:20px;--awb-margin-bottom:20px;--awb-caption-title-font-family:var(--h2_typography-font-family);--awb-caption-title-font-weight:var(--h2_typography-font-weight);--awb-caption-title-font-style:var(--h2_typography-font-style);--awb-caption-title-size:var(--h2_typography-font-size);--awb-caption-title-transform:var(--h2_typography-text-transform);--awb-caption-title-line-height:var(--h2_typography-line-height);--awb-caption-title-letter-spacing:var(--h2_typography-letter-spacing);\"><span class=\" fusion-imageframe imageframe-none imageframe-2 hover-type-none\"><img decoding=\"async\" title=\"Screenshot 1\" src=\"data:image\/gif;base64,R0lGODlhAQABAAAAACH5BAEKAAEALAAAAAABAAEAAAICTAEAOw==\" data-orig-src=\"https:\/\/www.mein-pflegejob.de\/blog\/media\/Screenshot-1.png\" alt class=\"lazyload img-responsive wp-image-3878\"\/><\/span><\/div><div class=\"fusion-text fusion-text-4\"><ul>\n<li style=\"text-align: left;\">Mit Klick \u00f6ffnet sich ein Modal mit einer URL, dem Benutzernamen des Organisators und einer Pin:<\/li>\n<\/ul>\n<\/div><div class=\"fusion-image-element \" style=\"text-align:center;--awb-margin-top:20px;--awb-margin-bottom:20px;--awb-caption-title-font-family:var(--h2_typography-font-family);--awb-caption-title-font-weight:var(--h2_typography-font-weight);--awb-caption-title-font-style:var(--h2_typography-font-style);--awb-caption-title-size:var(--h2_typography-font-size);--awb-caption-title-transform:var(--h2_typography-text-transform);--awb-caption-title-line-height:var(--h2_typography-line-height);--awb-caption-title-letter-spacing:var(--h2_typography-letter-spacing);\"><span class=\" fusion-imageframe imageframe-none imageframe-3 hover-type-none\"><img decoding=\"async\" width=\"465\" height=\"368\" title=\"Screenshot 2\" src=\"https:\/\/www.mein-pflegejob.de\/blog\/media\/Screenshot-2.png\" data-orig-src=\"https:\/\/www.mein-pflegejob.de\/blog\/media\/Screenshot-2.png\" alt class=\"lazyload img-responsive wp-image-3879\" srcset=\"data:image\/svg+xml,%3Csvg%20xmlns%3D%27http%3A%2F%2Fwww.w3.org%2F2000%2Fsvg%27%20width%3D%27465%27%20height%3D%27368%27%20viewBox%3D%270%200%20465%20368%27%3E%3Crect%20width%3D%27465%27%20height%3D%27368%27%20fill-opacity%3D%220%22%2F%3E%3C%2Fsvg%3E\" data-srcset=\"https:\/\/www.mein-pflegejob.de\/blog\/media\/Screenshot-2-200x158.png 200w, https:\/\/www.mein-pflegejob.de\/blog\/media\/Screenshot-2-400x317.png 400w, https:\/\/www.mein-pflegejob.de\/blog\/media\/Screenshot-2.png 465w\" data-sizes=\"auto\" data-orig-sizes=\"(max-width: 1024px) 100vw, (max-width: 640px) 100vw, 465px\" \/><\/span><\/div><div class=\"fusion-text fusion-text-5\"><ul>\n<li>Klicken Sie auf den Link, geben im Anmeldefenster Ihren Namen ein und gehen Sie auf den Button \u201eKonferenz beitreten\u201c.<\/li>\n<\/ul>\n<\/div><div class=\"fusion-image-element \" style=\"text-align:center;--awb-margin-top:20px;--awb-margin-bottom:20px;--awb-caption-title-font-family:var(--h2_typography-font-family);--awb-caption-title-font-weight:var(--h2_typography-font-weight);--awb-caption-title-font-style:var(--h2_typography-font-style);--awb-caption-title-size:var(--h2_typography-font-size);--awb-caption-title-transform:var(--h2_typography-text-transform);--awb-caption-title-line-height:var(--h2_typography-line-height);--awb-caption-title-letter-spacing:var(--h2_typography-letter-spacing);\"><span class=\" fusion-imageframe imageframe-none imageframe-4 hover-type-none\"><img decoding=\"async\" width=\"419\" height=\"173\" title=\"Screenshot 3\" src=\"https:\/\/www.mein-pflegejob.de\/blog\/media\/Screenshot-3.png\" data-orig-src=\"https:\/\/www.mein-pflegejob.de\/blog\/media\/Screenshot-3.png\" alt class=\"lazyload img-responsive wp-image-3880\" srcset=\"data:image\/svg+xml,%3Csvg%20xmlns%3D%27http%3A%2F%2Fwww.w3.org%2F2000%2Fsvg%27%20width%3D%27419%27%20height%3D%27173%27%20viewBox%3D%270%200%20419%20173%27%3E%3Crect%20width%3D%27419%27%20height%3D%27173%27%20fill-opacity%3D%220%22%2F%3E%3C%2Fsvg%3E\" data-srcset=\"https:\/\/www.mein-pflegejob.de\/blog\/media\/Screenshot-3-200x83.png 200w, https:\/\/www.mein-pflegejob.de\/blog\/media\/Screenshot-3-400x165.png 400w, https:\/\/www.mein-pflegejob.de\/blog\/media\/Screenshot-3.png 419w\" data-sizes=\"auto\" data-orig-sizes=\"(max-width: 1024px) 100vw, (max-width: 640px) 100vw, 419px\" \/><\/span><\/div><div class=\"fusion-text fusion-text-6\"><ul>\n<li>Es \u00f6ffnet sich ein weiteres Fenster. Hier best\u00e4tigen Sie, dass Sie der Organisator sind.<\/li>\n<\/ul>\n<\/div><div class=\"fusion-image-element \" style=\"text-align:center;--awb-margin-top:20px;--awb-margin-bottom:20px;--awb-caption-title-font-family:var(--h2_typography-font-family);--awb-caption-title-font-weight:var(--h2_typography-font-weight);--awb-caption-title-font-style:var(--h2_typography-font-style);--awb-caption-title-size:var(--h2_typography-font-size);--awb-caption-title-transform:var(--h2_typography-text-transform);--awb-caption-title-line-height:var(--h2_typography-line-height);--awb-caption-title-letter-spacing:var(--h2_typography-letter-spacing);\"><span class=\" fusion-imageframe imageframe-none imageframe-5 hover-type-none\"><img decoding=\"async\" width=\"550\" height=\"298\" title=\"Screenshot 4\" src=\"https:\/\/www.mein-pflegejob.de\/blog\/media\/Screenshot-4.png\" data-orig-src=\"https:\/\/www.mein-pflegejob.de\/blog\/media\/Screenshot-4.png\" alt class=\"lazyload img-responsive wp-image-3881\" srcset=\"data:image\/svg+xml,%3Csvg%20xmlns%3D%27http%3A%2F%2Fwww.w3.org%2F2000%2Fsvg%27%20width%3D%27550%27%20height%3D%27298%27%20viewBox%3D%270%200%20550%20298%27%3E%3Crect%20width%3D%27550%27%20height%3D%27298%27%20fill-opacity%3D%220%22%2F%3E%3C%2Fsvg%3E\" data-srcset=\"https:\/\/www.mein-pflegejob.de\/blog\/media\/Screenshot-4-200x108.png 200w, https:\/\/www.mein-pflegejob.de\/blog\/media\/Screenshot-4-400x217.png 400w, https:\/\/www.mein-pflegejob.de\/blog\/media\/Screenshot-4.png 550w\" data-sizes=\"auto\" data-orig-sizes=\"(max-width: 1024px) 100vw, (max-width: 640px) 100vw, 550px\" \/><\/span><\/div><div class=\"fusion-text fusion-text-7\"><ul>\n<li>Im folgenden Dialog geben Sie den Namen des Organisators und den Pincode ein. Mit Klick auf \u201eOk\u201c starten Sie die Konferenz.<\/li>\n<\/ul>\n<\/div><div class=\"fusion-image-element \" style=\"text-align:center;--awb-margin-top:20px;--awb-margin-bottom:20px;--awb-caption-title-font-family:var(--h2_typography-font-family);--awb-caption-title-font-weight:var(--h2_typography-font-weight);--awb-caption-title-font-style:var(--h2_typography-font-style);--awb-caption-title-size:var(--h2_typography-font-size);--awb-caption-title-transform:var(--h2_typography-text-transform);--awb-caption-title-line-height:var(--h2_typography-line-height);--awb-caption-title-letter-spacing:var(--h2_typography-letter-spacing);\"><span class=\" fusion-imageframe imageframe-none imageframe-6 hover-type-none\"><img decoding=\"async\" width=\"575\" height=\"341\" title=\"Screenshot 5\" src=\"https:\/\/www.mein-pflegejob.de\/blog\/media\/Screenshot-5.png\" data-orig-src=\"https:\/\/www.mein-pflegejob.de\/blog\/media\/Screenshot-5.png\" alt class=\"lazyload img-responsive wp-image-3882\" srcset=\"data:image\/svg+xml,%3Csvg%20xmlns%3D%27http%3A%2F%2Fwww.w3.org%2F2000%2Fsvg%27%20width%3D%27575%27%20height%3D%27341%27%20viewBox%3D%270%200%20575%20341%27%3E%3Crect%20width%3D%27575%27%20height%3D%27341%27%20fill-opacity%3D%220%22%2F%3E%3C%2Fsvg%3E\" data-srcset=\"https:\/\/www.mein-pflegejob.de\/blog\/media\/Screenshot-5-200x119.png 200w, https:\/\/www.mein-pflegejob.de\/blog\/media\/Screenshot-5-400x237.png 400w, https:\/\/www.mein-pflegejob.de\/blog\/media\/Screenshot-5.png 575w\" data-sizes=\"auto\" data-orig-sizes=\"(max-width: 1024px) 100vw, (max-width: 640px) 100vw, 575px\" \/><\/span><\/div><div class=\"fusion-text fusion-text-8\"><p style=\"text-align: left;\">Der Konferenzraum ist nun ge\u00f6ffnet und Ihre Videokonferenz kann starten. Andere Teilnehmer brauchen lediglich dem Link zu folgen und den Namen einzugeben.<\/p>\n<p style=\"text-align: left;\">Sollten weitere Teilnehmer, die nicht der Organisator sind, die Konferenz vor dem Organisator betreten, m\u00fcssen diese nichts weiter tun, als auf den Organisator zu warten.<\/p>\n<p style=\"text-align: left;\">Es k\u00f6nnen so viele Teilnehmer an der Konferenz teilnehmen wie n\u00f6tig. Allerdings gibt es nur einen Organisator.<\/p>\n<\/div><div class=\"fusion-text fusion-text-9\"><p><em>Dieser Service ist f\u00fcr die gesamte Laufzeit der Stellenanzeige sowie bis zu 6 Wochen nach Ende der Stellenanzeige f\u00fcr Vorstellungsgespr\u00e4che verf\u00fcgbar.<\/em><\/p>\n<\/div><div class=\"fusion-separator\" style=\"align-self: center;margin-left: auto;margin-right: auto;margin-top:20px;margin-bottom:20px;width:100%;max-width:32px;\"><div class=\"fusion-separator-border sep-single sep-solid\" style=\"--awb-height:20px;--awb-amount:20px;--awb-sep-color:#000000;border-color:#000000;border-top-width:2px;\"><\/div><\/div><\/div><\/div><div class=\"fusion-layout-column fusion_builder_column fusion-builder-column-2 fusion_builder_column_1_6 1_6 fusion-flex-column\" style=\"--awb-bg-size:cover;--awb-width-large:16.666666666667%;--awb-margin-top-large:20px;--awb-spacing-right-large:11.52%;--awb-margin-bottom-large:20px;--awb-spacing-left-large:11.52%;--awb-width-medium:100%;--awb-order-medium:0;--awb-spacing-right-medium:1.92%;--awb-spacing-left-medium:1.92%;--awb-width-small:100%;--awb-order-small:0;--awb-spacing-right-small:1.92%;--awb-spacing-left-small:1.92%;\"><div class=\"fusion-column-wrapper fusion-column-has-shadow fusion-flex-justify-content-flex-start fusion-content-layout-column\"><\/div><\/div><\/div><\/div><div class=\"fusion-fullwidth fullwidth-box fusion-builder-row-2 fusion-flex-container nonhundred-percent-fullwidth non-hundred-percent-height-scrolling\" style=\"--awb-border-radius-top-left:0px;--awb-border-radius-top-right:0px;--awb-border-radius-bottom-right:0px;--awb-border-radius-bottom-left:0px;--awb-flex-wrap:wrap;\" ><div class=\"fusion-builder-row fusion-row fusion-flex-align-items-flex-start fusion-flex-content-wrap\" style=\"max-width:93.6%;margin-left: calc(-4% \/ 2 );margin-right: calc(-4% \/ 2 );\"><div class=\"fusion-layout-column fusion_builder_column fusion-builder-column-3 fusion_builder_column_1_6 1_6 fusion-flex-column\" style=\"--awb-bg-size:cover;--awb-width-large:16.666666666667%;--awb-margin-top-large:20px;--awb-spacing-right-large:11.52%;--awb-margin-bottom-large:20px;--awb-spacing-left-large:11.52%;--awb-width-medium:100%;--awb-order-medium:0;--awb-spacing-right-medium:1.92%;--awb-spacing-left-medium:1.92%;--awb-width-small:100%;--awb-order-small:0;--awb-spacing-right-small:1.92%;--awb-spacing-left-small:1.92%;\"><div class=\"fusion-column-wrapper fusion-column-has-shadow fusion-flex-justify-content-flex-start fusion-content-layout-column\"><\/div><\/div><div class=\"fusion-layout-column fusion_builder_column fusion-builder-column-4 fusion_builder_column_2_3 2_3 fusion-flex-column\" style=\"--awb-bg-size:cover;--awb-width-large:66.666666666667%;--awb-margin-top-large:20px;--awb-spacing-right-large:2.88%;--awb-margin-bottom-large:20px;--awb-spacing-left-large:2.88%;--awb-width-medium:100%;--awb-order-medium:0;--awb-spacing-right-medium:1.92%;--awb-spacing-left-medium:1.92%;--awb-width-small:100%;--awb-order-small:0;--awb-spacing-right-small:1.92%;--awb-spacing-left-small:1.92%;\"><div class=\"fusion-column-wrapper fusion-column-has-shadow fusion-flex-justify-content-flex-start fusion-content-layout-column\"><div class=\"fusion-content-boxes content-boxes columns row fusion-columns-1 fusion-columns-total-1 fusion-content-boxes-1 content-boxes-icon-with-title content-left\" style=\"--awb-hover-accent-color:#e9a825;--awb-circle-hover-accent-color:#e9a825;--awb-item-margin-bottom:40px;\" data-animationOffset=\"top-into-view\"><div style=\"--awb-backgroundcolor:rgba(255,255,255,0);\" class=\"fusion-column content-box-column content-box-column content-box-column-1 col-lg-12 col-md-12 col-sm-12 fusion-content-box-hover content-box-column-last content-box-column-last-in-row\"><div class=\"col content-box-wrapper content-wrapper link-area-link-icon icon-hover-animation-fade\" data-animationOffset=\"top-into-view\"><div class=\"heading icon-left\"><h2 class=\"content-box-heading fusion-responsive-typography-calculated\" style=\"--h2_typography-font-size:18px;--fontSize:18;line-height:1.28;\">Ihre Datensicherheit ist uns wichtig:<\/h2><\/div><div class=\"fusion-clearfix\"><\/div><div class=\"content-container\">\n<p style=\"text-align: center;\">Wir zeichnen keine Gespr\u00e4che auf oder werten Teilnehmerdaten aus. Die virtuellen Konferenzen laufen \u00fcber unsere, in Deutschland gehosteten, Server und nicht \u00fcber Drittanbieter. Damit ist unser Service DSGVO-konform.<\/p>\n<\/div><\/div><\/div><div class=\"fusion-clearfix\"><\/div><\/div><\/div><\/div><div class=\"fusion-layout-column fusion_builder_column fusion-builder-column-5 fusion_builder_column_1_6 1_6 fusion-flex-column\" style=\"--awb-bg-size:cover;--awb-width-large:16.666666666667%;--awb-margin-top-large:20px;--awb-spacing-right-large:11.52%;--awb-margin-bottom-large:20px;--awb-spacing-left-large:11.52%;--awb-width-medium:100%;--awb-order-medium:0;--awb-spacing-right-medium:1.92%;--awb-spacing-left-medium:1.92%;--awb-width-small:100%;--awb-order-small:0;--awb-spacing-right-small:1.92%;--awb-spacing-left-small:1.92%;\"><div class=\"fusion-column-wrapper fusion-column-has-shadow fusion-flex-justify-content-flex-start fusion-content-layout-column\"><\/div><\/div><\/div><\/div><\/p>\n","protected":false},"excerpt":{"rendered":"","protected":false},"author":3,"featured_media":3875,"comment_status":"open","ping_status":"closed","sticky":false,"template":"","format":"standard","meta":{"footnotes":""},"categories":[21],"tags":[],"yoast_head":"<!-- This site is optimized with the Yoast SEO plugin v23.4 - https:\/\/yoast.com\/wordpress\/plugins\/seo\/ -->\n<title>Der virtuelle Konferenzraum - noch schneller mit potentiellen Bewerbern verbinden - Magazin Mein Pflegejob<\/title>\n<meta name=\"description\" content=\"Wir arbeiten stets daran unseren Service f\u00fcr Sie zu optimieren, daher stellen wir Ihnen unser neuestes Tool vor: der virtuelle Konferenzraum.\" \/>\n<meta name=\"robots\" content=\"index, follow, max-snippet:-1, max-image-preview:large, max-video-preview:-1\" \/>\n<link rel=\"canonical\" href=\"https:\/\/www.mein-pflegejob.de\/blog\/der-virtuelle-konferenzraum\/\" \/>\n<meta property=\"og:locale\" content=\"de_DE\" \/>\n<meta property=\"og:type\" content=\"article\" \/>\n<meta property=\"og:title\" content=\"Der virtuelle Konferenzraum - noch schneller mit potentiellen Bewerbern verbinden - Magazin Mein Pflegejob\" \/>\n<meta property=\"og:description\" content=\"Wir arbeiten stets daran unseren Service f\u00fcr Sie zu optimieren, daher stellen wir Ihnen unser neuestes Tool vor: der virtuelle Konferenzraum.\" \/>\n<meta property=\"og:url\" content=\"https:\/\/www.mein-pflegejob.de\/blog\/der-virtuelle-konferenzraum\/\" \/>\n<meta property=\"og:site_name\" content=\"Magazin Mein Pflegejob\" \/>\n<meta property=\"article:publisher\" content=\"https:\/\/www.facebook.com\/meinpflegejob.meintraumjob\/\" \/>\n<meta property=\"article:published_time\" content=\"2020-11-26T13:27:40+00:00\" \/>\n<meta property=\"article:modified_time\" content=\"2022-07-21T07:58:38+00:00\" \/>\n<meta property=\"og:image\" content=\"https:\/\/www.mein-pflegejob.de\/blog\/media\/pexels-cottonbro-3951881_komprimiert-scaled.jpg\" \/>\n\t<meta property=\"og:image:width\" content=\"1\" \/>\n\t<meta property=\"og:image:height\" content=\"1\" \/>\n\t<meta property=\"og:image:type\" content=\"image\/jpeg\" \/>\n<meta name=\"author\" content=\"Sabrina\" \/>\n<meta name=\"twitter:card\" content=\"summary_large_image\" \/>\n<meta name=\"twitter:creator\" content=\"@mein_pflegejob\" \/>\n<meta name=\"twitter:site\" content=\"@mein_pflegejob\" \/>\n<script type=\"application\/ld+json\" class=\"yoast-schema-graph\">{\"@context\":\"https:\/\/schema.org\",\"@graph\":[{\"@type\":\"Article\",\"@id\":\"https:\/\/www.mein-pflegejob.de\/blog\/der-virtuelle-konferenzraum\/#article\",\"isPartOf\":{\"@id\":\"https:\/\/www.mein-pflegejob.de\/blog\/der-virtuelle-konferenzraum\/\"},\"author\":{\"name\":\"Sabrina\",\"@id\":\"https:\/\/www.mein-pflegejob.de\/blog\/#\/schema\/person\/4b4d498e104c0b51009f902030789809\"},\"headline\":\"Der virtuelle Konferenzraum &#8211; noch schneller mit potentiellen Bewerbern verbinden\",\"datePublished\":\"2020-11-26T13:27:40+00:00\",\"dateModified\":\"2022-07-21T07:58:38+00:00\",\"mainEntityOfPage\":{\"@id\":\"https:\/\/www.mein-pflegejob.de\/blog\/der-virtuelle-konferenzraum\/\"},\"wordCount\":3702,\"commentCount\":0,\"publisher\":{\"@id\":\"https:\/\/www.mein-pflegejob.de\/blog\/#organization\"},\"image\":{\"@id\":\"https:\/\/www.mein-pflegejob.de\/blog\/der-virtuelle-konferenzraum\/#primaryimage\"},\"thumbnailUrl\":\"https:\/\/www.mein-pflegejob.de\/blog\/media\/pexels-cottonbro-3951881_komprimiert-scaled.jpg\",\"articleSection\":[\"Pflegeanbieter\"],\"inLanguage\":\"de\",\"potentialAction\":[{\"@type\":\"CommentAction\",\"name\":\"Comment\",\"target\":[\"https:\/\/www.mein-pflegejob.de\/blog\/der-virtuelle-konferenzraum\/#respond\"]}]},{\"@type\":\"WebPage\",\"@id\":\"https:\/\/www.mein-pflegejob.de\/blog\/der-virtuelle-konferenzraum\/\",\"url\":\"https:\/\/www.mein-pflegejob.de\/blog\/der-virtuelle-konferenzraum\/\",\"name\":\"Der virtuelle Konferenzraum - noch schneller mit potentiellen Bewerbern verbinden - Magazin Mein Pflegejob\",\"isPartOf\":{\"@id\":\"https:\/\/www.mein-pflegejob.de\/blog\/#website\"},\"primaryImageOfPage\":{\"@id\":\"https:\/\/www.mein-pflegejob.de\/blog\/der-virtuelle-konferenzraum\/#primaryimage\"},\"image\":{\"@id\":\"https:\/\/www.mein-pflegejob.de\/blog\/der-virtuelle-konferenzraum\/#primaryimage\"},\"thumbnailUrl\":\"https:\/\/www.mein-pflegejob.de\/blog\/media\/pexels-cottonbro-3951881_komprimiert-scaled.jpg\",\"datePublished\":\"2020-11-26T13:27:40+00:00\",\"dateModified\":\"2022-07-21T07:58:38+00:00\",\"description\":\"Wir arbeiten stets daran unseren Service f\u00fcr Sie zu optimieren, daher stellen wir Ihnen unser neuestes Tool vor: der virtuelle Konferenzraum.\",\"breadcrumb\":{\"@id\":\"https:\/\/www.mein-pflegejob.de\/blog\/der-virtuelle-konferenzraum\/#breadcrumb\"},\"inLanguage\":\"de\",\"potentialAction\":[{\"@type\":\"ReadAction\",\"target\":[\"https:\/\/www.mein-pflegejob.de\/blog\/der-virtuelle-konferenzraum\/\"]}]},{\"@type\":\"ImageObject\",\"inLanguage\":\"de\",\"@id\":\"https:\/\/www.mein-pflegejob.de\/blog\/der-virtuelle-konferenzraum\/#primaryimage\",\"url\":\"https:\/\/www.mein-pflegejob.de\/blog\/media\/pexels-cottonbro-3951881_komprimiert-scaled.jpg\",\"contentUrl\":\"https:\/\/www.mein-pflegejob.de\/blog\/media\/pexels-cottonbro-3951881_komprimiert-scaled.jpg\",\"caption\":\"Virtueller Konferenzraum | Quelle: pexels - cottonbro\"},{\"@type\":\"BreadcrumbList\",\"@id\":\"https:\/\/www.mein-pflegejob.de\/blog\/der-virtuelle-konferenzraum\/#breadcrumb\",\"itemListElement\":[{\"@type\":\"ListItem\",\"position\":1,\"name\":\"Home\",\"item\":\"https:\/\/www.mein-pflegejob.de\/blog\/\"},{\"@type\":\"ListItem\",\"position\":2,\"name\":\"Der virtuelle Konferenzraum &#8211; noch schneller mit potentiellen Bewerbern verbinden\"}]},{\"@type\":\"WebSite\",\"@id\":\"https:\/\/www.mein-pflegejob.de\/blog\/#website\",\"url\":\"https:\/\/www.mein-pflegejob.de\/blog\/\",\"name\":\"Magazin Mein Pflegejob\",\"description\":\"Der Stellenmarkt f\u00fcr die Pflegebranche\",\"publisher\":{\"@id\":\"https:\/\/www.mein-pflegejob.de\/blog\/#organization\"},\"potentialAction\":[{\"@type\":\"SearchAction\",\"target\":{\"@type\":\"EntryPoint\",\"urlTemplate\":\"https:\/\/www.mein-pflegejob.de\/blog\/?s={search_term_string}\"},\"query-input\":{\"@type\":\"PropertyValueSpecification\",\"valueRequired\":true,\"valueName\":\"search_term_string\"}}],\"inLanguage\":\"de\"},{\"@type\":\"Organization\",\"@id\":\"https:\/\/www.mein-pflegejob.de\/blog\/#organization\",\"name\":\"mein-pflegejob\",\"url\":\"https:\/\/www.mein-pflegejob.de\/blog\/\",\"logo\":{\"@type\":\"ImageObject\",\"inLanguage\":\"de\",\"@id\":\"https:\/\/www.mein-pflegejob.de\/blog\/#\/schema\/logo\/image\/\",\"url\":\"https:\/\/www.mein-pflegejob.de\/blog\/media\/Logo_klein.png\",\"contentUrl\":\"https:\/\/www.mein-pflegejob.de\/blog\/media\/Logo_klein.png\",\"width\":256,\"height\":80,\"caption\":\"mein-pflegejob\"},\"image\":{\"@id\":\"https:\/\/www.mein-pflegejob.de\/blog\/#\/schema\/logo\/image\/\"},\"sameAs\":[\"https:\/\/www.facebook.com\/meinpflegejob.meintraumjob\/\",\"https:\/\/x.com\/mein_pflegejob\",\"https:\/\/www.instagram.com\/meinpflegejob\/\",\"https:\/\/www.linkedin.com\/company\/mein-pflegejob-de\/\"]},{\"@type\":\"Person\",\"@id\":\"https:\/\/www.mein-pflegejob.de\/blog\/#\/schema\/person\/4b4d498e104c0b51009f902030789809\",\"name\":\"Sabrina\"}]}<\/script>\n<!-- \/ Yoast SEO plugin. -->","yoast_head_json":{"title":"Der virtuelle Konferenzraum - noch schneller mit potentiellen Bewerbern verbinden - Magazin Mein Pflegejob","description":"Wir arbeiten stets daran unseren Service f\u00fcr Sie zu optimieren, daher stellen wir Ihnen unser neuestes Tool vor: der virtuelle Konferenzraum.","robots":{"index":"index","follow":"follow","max-snippet":"max-snippet:-1","max-image-preview":"max-image-preview:large","max-video-preview":"max-video-preview:-1"},"canonical":"https:\/\/www.mein-pflegejob.de\/blog\/der-virtuelle-konferenzraum\/","og_locale":"de_DE","og_type":"article","og_title":"Der virtuelle Konferenzraum - noch schneller mit potentiellen Bewerbern verbinden - Magazin Mein Pflegejob","og_description":"Wir arbeiten stets daran unseren Service f\u00fcr Sie zu optimieren, daher stellen wir Ihnen unser neuestes Tool vor: der virtuelle Konferenzraum.","og_url":"https:\/\/www.mein-pflegejob.de\/blog\/der-virtuelle-konferenzraum\/","og_site_name":"Magazin Mein Pflegejob","article_publisher":"https:\/\/www.facebook.com\/meinpflegejob.meintraumjob\/","article_published_time":"2020-11-26T13:27:40+00:00","article_modified_time":"2022-07-21T07:58:38+00:00","og_image":[{"url":"https:\/\/www.mein-pflegejob.de\/blog\/media\/pexels-cottonbro-3951881_komprimiert-scaled.jpg","width":1,"height":1,"type":"image\/jpeg"}],"author":"Sabrina","twitter_card":"summary_large_image","twitter_creator":"@mein_pflegejob","twitter_site":"@mein_pflegejob","schema":{"@context":"https:\/\/schema.org","@graph":[{"@type":"Article","@id":"https:\/\/www.mein-pflegejob.de\/blog\/der-virtuelle-konferenzraum\/#article","isPartOf":{"@id":"https:\/\/www.mein-pflegejob.de\/blog\/der-virtuelle-konferenzraum\/"},"author":{"name":"Sabrina","@id":"https:\/\/www.mein-pflegejob.de\/blog\/#\/schema\/person\/4b4d498e104c0b51009f902030789809"},"headline":"Der virtuelle Konferenzraum &#8211; noch schneller mit potentiellen Bewerbern verbinden","datePublished":"2020-11-26T13:27:40+00:00","dateModified":"2022-07-21T07:58:38+00:00","mainEntityOfPage":{"@id":"https:\/\/www.mein-pflegejob.de\/blog\/der-virtuelle-konferenzraum\/"},"wordCount":3702,"commentCount":0,"publisher":{"@id":"https:\/\/www.mein-pflegejob.de\/blog\/#organization"},"image":{"@id":"https:\/\/www.mein-pflegejob.de\/blog\/der-virtuelle-konferenzraum\/#primaryimage"},"thumbnailUrl":"https:\/\/www.mein-pflegejob.de\/blog\/media\/pexels-cottonbro-3951881_komprimiert-scaled.jpg","articleSection":["Pflegeanbieter"],"inLanguage":"de","potentialAction":[{"@type":"CommentAction","name":"Comment","target":["https:\/\/www.mein-pflegejob.de\/blog\/der-virtuelle-konferenzraum\/#respond"]}]},{"@type":"WebPage","@id":"https:\/\/www.mein-pflegejob.de\/blog\/der-virtuelle-konferenzraum\/","url":"https:\/\/www.mein-pflegejob.de\/blog\/der-virtuelle-konferenzraum\/","name":"Der virtuelle Konferenzraum - noch schneller mit potentiellen Bewerbern verbinden - Magazin Mein Pflegejob","isPartOf":{"@id":"https:\/\/www.mein-pflegejob.de\/blog\/#website"},"primaryImageOfPage":{"@id":"https:\/\/www.mein-pflegejob.de\/blog\/der-virtuelle-konferenzraum\/#primaryimage"},"image":{"@id":"https:\/\/www.mein-pflegejob.de\/blog\/der-virtuelle-konferenzraum\/#primaryimage"},"thumbnailUrl":"https:\/\/www.mein-pflegejob.de\/blog\/media\/pexels-cottonbro-3951881_komprimiert-scaled.jpg","datePublished":"2020-11-26T13:27:40+00:00","dateModified":"2022-07-21T07:58:38+00:00","description":"Wir arbeiten stets daran unseren Service f\u00fcr Sie zu optimieren, daher stellen wir Ihnen unser neuestes Tool vor: der virtuelle Konferenzraum.","breadcrumb":{"@id":"https:\/\/www.mein-pflegejob.de\/blog\/der-virtuelle-konferenzraum\/#breadcrumb"},"inLanguage":"de","potentialAction":[{"@type":"ReadAction","target":["https:\/\/www.mein-pflegejob.de\/blog\/der-virtuelle-konferenzraum\/"]}]},{"@type":"ImageObject","inLanguage":"de","@id":"https:\/\/www.mein-pflegejob.de\/blog\/der-virtuelle-konferenzraum\/#primaryimage","url":"https:\/\/www.mein-pflegejob.de\/blog\/media\/pexels-cottonbro-3951881_komprimiert-scaled.jpg","contentUrl":"https:\/\/www.mein-pflegejob.de\/blog\/media\/pexels-cottonbro-3951881_komprimiert-scaled.jpg","caption":"Virtueller Konferenzraum | Quelle: pexels - cottonbro"},{"@type":"BreadcrumbList","@id":"https:\/\/www.mein-pflegejob.de\/blog\/der-virtuelle-konferenzraum\/#breadcrumb","itemListElement":[{"@type":"ListItem","position":1,"name":"Home","item":"https:\/\/www.mein-pflegejob.de\/blog\/"},{"@type":"ListItem","position":2,"name":"Der virtuelle Konferenzraum &#8211; noch schneller mit potentiellen Bewerbern verbinden"}]},{"@type":"WebSite","@id":"https:\/\/www.mein-pflegejob.de\/blog\/#website","url":"https:\/\/www.mein-pflegejob.de\/blog\/","name":"Magazin Mein Pflegejob","description":"Der Stellenmarkt f\u00fcr die Pflegebranche","publisher":{"@id":"https:\/\/www.mein-pflegejob.de\/blog\/#organization"},"potentialAction":[{"@type":"SearchAction","target":{"@type":"EntryPoint","urlTemplate":"https:\/\/www.mein-pflegejob.de\/blog\/?s={search_term_string}"},"query-input":{"@type":"PropertyValueSpecification","valueRequired":true,"valueName":"search_term_string"}}],"inLanguage":"de"},{"@type":"Organization","@id":"https:\/\/www.mein-pflegejob.de\/blog\/#organization","name":"mein-pflegejob","url":"https:\/\/www.mein-pflegejob.de\/blog\/","logo":{"@type":"ImageObject","inLanguage":"de","@id":"https:\/\/www.mein-pflegejob.de\/blog\/#\/schema\/logo\/image\/","url":"https:\/\/www.mein-pflegejob.de\/blog\/media\/Logo_klein.png","contentUrl":"https:\/\/www.mein-pflegejob.de\/blog\/media\/Logo_klein.png","width":256,"height":80,"caption":"mein-pflegejob"},"image":{"@id":"https:\/\/www.mein-pflegejob.de\/blog\/#\/schema\/logo\/image\/"},"sameAs":["https:\/\/www.facebook.com\/meinpflegejob.meintraumjob\/","https:\/\/x.com\/mein_pflegejob","https:\/\/www.instagram.com\/meinpflegejob\/","https:\/\/www.linkedin.com\/company\/mein-pflegejob-de\/"]},{"@type":"Person","@id":"https:\/\/www.mein-pflegejob.de\/blog\/#\/schema\/person\/4b4d498e104c0b51009f902030789809","name":"Sabrina"}]}},"_links":{"self":[{"href":"https:\/\/www.mein-pflegejob.de\/blog\/wp-json\/wp\/v2\/posts\/3874"}],"collection":[{"href":"https:\/\/www.mein-pflegejob.de\/blog\/wp-json\/wp\/v2\/posts"}],"about":[{"href":"https:\/\/www.mein-pflegejob.de\/blog\/wp-json\/wp\/v2\/types\/post"}],"author":[{"embeddable":true,"href":"https:\/\/www.mein-pflegejob.de\/blog\/wp-json\/wp\/v2\/users\/3"}],"replies":[{"embeddable":true,"href":"https:\/\/www.mein-pflegejob.de\/blog\/wp-json\/wp\/v2\/comments?post=3874"}],"version-history":[{"count":8,"href":"https:\/\/www.mein-pflegejob.de\/blog\/wp-json\/wp\/v2\/posts\/3874\/revisions"}],"predecessor-version":[{"id":6515,"href":"https:\/\/www.mein-pflegejob.de\/blog\/wp-json\/wp\/v2\/posts\/3874\/revisions\/6515"}],"wp:featuredmedia":[{"embeddable":true,"href":"https:\/\/www.mein-pflegejob.de\/blog\/wp-json\/wp\/v2\/media\/3875"}],"wp:attachment":[{"href":"https:\/\/www.mein-pflegejob.de\/blog\/wp-json\/wp\/v2\/media?parent=3874"}],"wp:term":[{"taxonomy":"category","embeddable":true,"href":"https:\/\/www.mein-pflegejob.de\/blog\/wp-json\/wp\/v2\/categories?post=3874"},{"taxonomy":"post_tag","embeddable":true,"href":"https:\/\/www.mein-pflegejob.de\/blog\/wp-json\/wp\/v2\/tags?post=3874"}],"curies":[{"name":"wp","href":"https:\/\/api.w.org\/{rel}","templated":true}]}}