{"id":3993,"date":"2020-12-24T08:30:14","date_gmt":"2020-12-24T07:30:14","guid":{"rendered":"https:\/\/www.mein-pflegejob.de\/blog\/?p=3993"},"modified":"2021-04-23T09:21:33","modified_gmt":"2021-04-23T07:21:33","slug":"resilienz-in-der-krise","status":"publish","type":"post","link":"https:\/\/www.mein-pflegejob.de\/blog\/resilienz-in-der-krise\/","title":{"rendered":"Resilienz in der Krise"},"content":{"rendered":"<p><div class=\"fusion-fullwidth fullwidth-box fusion-builder-row-1 fusion-flex-container nonhundred-percent-fullwidth non-hundred-percent-height-scrolling\" style=\"--awb-border-radius-top-left:0px;--awb-border-radius-top-right:0px;--awb-border-radius-bottom-right:0px;--awb-border-radius-bottom-left:0px;--awb-flex-wrap:wrap;\" ><div class=\"fusion-builder-row fusion-row fusion-flex-align-items-flex-start fusion-flex-content-wrap\" style=\"max-width:93.6%;margin-left: calc(-4% \/ 2 );margin-right: calc(-4% \/ 2 );\"><div class=\"fusion-layout-column fusion_builder_column fusion-builder-column-0 fusion_builder_column_1_6 1_6 fusion-flex-column\" style=\"--awb-bg-size:cover;--awb-width-large:16.666666666667%;--awb-margin-top-large:20px;--awb-spacing-right-large:11.52%;--awb-margin-bottom-large:20px;--awb-spacing-left-large:11.52%;--awb-width-medium:100%;--awb-spacing-right-medium:1.92%;--awb-spacing-left-medium:1.92%;--awb-width-small:100%;--awb-spacing-right-small:1.92%;--awb-spacing-left-small:1.92%;\"><div class=\"fusion-column-wrapper fusion-column-has-shadow fusion-flex-justify-content-flex-start fusion-content-layout-column\"><\/div><\/div><div class=\"fusion-layout-column fusion_builder_column fusion-builder-column-1 fusion_builder_column_2_3 2_3 fusion-flex-column\" style=\"--awb-bg-size:cover;--awb-width-large:66.666666666667%;--awb-margin-top-large:20px;--awb-spacing-right-large:2.88%;--awb-margin-bottom-large:20px;--awb-spacing-left-large:2.88%;--awb-width-medium:100%;--awb-spacing-right-medium:1.92%;--awb-spacing-left-medium:1.92%;--awb-width-small:100%;--awb-spacing-right-small:1.92%;--awb-spacing-left-small:1.92%;\"><div class=\"fusion-column-wrapper fusion-column-has-shadow fusion-flex-justify-content-flex-start fusion-content-layout-column\"><div class=\"fusion-text fusion-text-1\"><p>Durch COVID-19 wurde es einmal mehr deutlich: eine ganze Gesellschaft muss sich mit Zukunfts- und Verlust\u00e4ngsten auseinandersetzen.<br \/>\nSeien es nun lange Arbeitszeiten oder Doppelschichten im Gesundheitssektor, die Balance von Arbeit, Kinderbetreuung und Hausaufgabenhilfe oder die Bew\u00e4ltigung von Einsamkeit und psychischen Problemen, die nun aufkommen \u2013 alle diese Probleme sind relevant und nicht zu ignorieren. Doch sollte man sich seinem Schicksal nicht einfach f\u00fcgen. Das Stichwort ist <strong>Resilienz<\/strong>, welche einen positiveren und angenehmeren Umgang mit der Krise schaffen kann.<\/p>\n<\/div><div class=\"fusion-separator\" style=\"align-self: center;margin-left: auto;margin-right: auto;margin-top:20px;margin-bottom:20px;width:100%;max-width:500px;\"><div class=\"fusion-separator-border sep-single sep-solid\" style=\"--awb-height:20px;--awb-amount:20px;border-color:#d1d1d1;border-top-width:2px;\"><\/div><\/div><div class=\"fusion-text fusion-text-2\"><h2 id=\"wie\">Was bedeutet Resilienz?<\/h2>\n<p>Resilienz ist, laut Duden die [\u2026] <em>\u201epsychische Widerstandskraft\/F\u00e4higkeit schwierige Lebenssituationen ohne anhaltende Beeintr\u00e4chtigung zu \u00fcberstehen<\/em>\u201c. Es gibt Menschen, die bei Stress, Druck, \u00c4rger oder bei anderen belastenden Situationen stets Ruhe bewahren und im Vergleich zu anderen Menschen psychisch stabiler zu sein scheinen. Diese Menschen sind resilienter und wachsen stets an deren Herausforderungen.<\/p>\n<p>Was nun eine hohe Resilienz ausmacht, wird in der Psychologie anhand von sieben S\u00e4ulen\/Pers\u00f6nlichkeitsmerkmalen bestimmt.<\/p>\n<div id=\"attachment_3996\" style=\"width: 1034px\" class=\"wp-caption alignnone\"><img decoding=\"async\" aria-describedby=\"caption-attachment-3996\" class=\"lazyload size-full wp-image-3996\" src=\"https:\/\/www.mein-pflegejob.de\/blog\/media\/7-Saeulen-der-Resilienz.png\" data-orig-src=\"https:\/\/www.mein-pflegejob.de\/blog\/media\/7-Saeulen-der-Resilienz.png\" alt=\"7 S\u00e4ulen der Resilienz\" width=\"1024\" height=\"768\" srcset=\"data:image\/svg+xml,%3Csvg%20xmlns%3D%27http%3A%2F%2Fwww.w3.org%2F2000%2Fsvg%27%20width%3D%271024%27%20height%3D%27768%27%20viewBox%3D%270%200%201024%20768%27%3E%3Crect%20width%3D%271024%27%20height%3D%27768%27%20fill-opacity%3D%220%22%2F%3E%3C%2Fsvg%3E\" data-srcset=\"https:\/\/www.mein-pflegejob.de\/blog\/media\/7-Saeulen-der-Resilienz-200x150.png 200w, https:\/\/www.mein-pflegejob.de\/blog\/media\/7-Saeulen-der-Resilienz-300x225.png 300w, https:\/\/www.mein-pflegejob.de\/blog\/media\/7-Saeulen-der-Resilienz-400x300.png 400w, https:\/\/www.mein-pflegejob.de\/blog\/media\/7-Saeulen-der-Resilienz-600x450.png 600w, https:\/\/www.mein-pflegejob.de\/blog\/media\/7-Saeulen-der-Resilienz-768x576.png 768w, https:\/\/www.mein-pflegejob.de\/blog\/media\/7-Saeulen-der-Resilienz-800x600.png 800w, https:\/\/www.mein-pflegejob.de\/blog\/media\/7-Saeulen-der-Resilienz.png 1024w\" data-sizes=\"auto\" data-orig-sizes=\"(max-width: 1024px) 100vw, 1024px\" \/><p id=\"caption-attachment-3996\" class=\"wp-caption-text\">Die 7 S\u00e4ulen der Resilienz<\/p><\/div>\n<\/div><div class=\"fusion-separator\" style=\"align-self: center;margin-left: auto;margin-right: auto;margin-top:20px;margin-bottom:20px;width:100%;max-width:500px;\"><div class=\"fusion-separator-border sep-single sep-solid\" style=\"--awb-height:20px;--awb-amount:20px;border-color:#d1d1d1;border-top-width:2px;\"><\/div><\/div><div class=\"fusion-text fusion-text-3\"><h3>Akzeptanz<\/h3>\n<p>Egal was passiert, sei es nun ein Unfall, privater\/beruflicher Stress oder ein verstauchtes Knie. Man kann immer aktiv entscheiden, wie man mit solchen Situationen umgehen m\u00f6chte und diese bewertet. Gedankenspiele und Gr\u00fcbeleien a la \u201eh\u00e4tte ich doch\u201c sind nicht hilfreich. F\u00fcr den ersten Schritt hei\u00dft es also: <strong>Annehmen, was ist<\/strong>.<\/p>\n<\/div><div class=\"fusion-text fusion-text-4\"><h3>Optimismus<\/h3>\n<p>Wie sich positive und negative Gef\u00fchle anf\u00fchlen, kennt jeder. Ist man traurig, \u00e4ngstlich oder w\u00fctend, zeigt sich dies im K\u00f6rper in Form von Anspannung und Verschlossenheit. Sind wir gl\u00fccklich, dankbar oder fr\u00f6hlich, f\u00fchlt man sich offen und entspannt. Um sich selbst klar zu werden, welche Gef\u00fchle pr\u00e4senter im Alltag sind als andere, sollte man sich seiner Emotionen bewusster werden, indem man sich im Alltag selbst einmal beobachtet und sich fragt \u201eWie f\u00fchle ich mich gerade?\u201c oder auch \u201eWarum f\u00fchle ich mich gerade so?\u201c. Sich allein dieser Tatsachen bewusst zu werden, schafft mehr Achtsamkeit mit sich selbst und seinem K\u00f6rper. Emotionen kommen und gehen. Keine Emotion ist stetig. Durch Beobachten, lernt man <strong>zu vertrauen, dass es auch wieder besser wird<\/strong>. Somit kann bewusst f\u00fcr Ver\u00e4nderung gesorgt werden.<\/p>\n<\/div><div class=\"fusion-text fusion-text-5\"><h3>Selbstwirksamkeit<\/h3>\n<p>Kommt eine neue Herausforderung ins Leben, kommen oftmals Unsicherheiten hoch wie \u201eIch kann das nicht\u201c oder \u201eIch bin nicht gut genug\u201c. Wie bereits im ersten Punkt festgehalten, manifestieren sich negative Gedanken in unserem K\u00f6rper und neue Anforderungen werden direkt mit negativen Gef\u00fchlen und Gedanken in Verbindung gebracht. Daher muss man sich seiner <strong>inneren Antreiber bzw. negativen Glaubenss\u00e4tze,<\/strong> wie zum Beispiel \u201eSei perfekt\u201c oder \u201eStreng dich an\u201c, bewusstwerden und diese kennen, um entsprechend gegensteuern zu k\u00f6nnen.<\/p>\n<\/div><div class=\"fusion-text fusion-text-6\"><h3>Eigenverantwortung<\/h3>\n<p>Einen Schuldigen nicht bei sich selbst, sondern bei anderen Menschen zu suchen, l\u00f6st zum einen keine Konflikte, zum anderen gibt man negativen Gef\u00fchlen zu lange und zu viel Raum. Daher ist es wichtig, dass man lernt <strong>Eigenverantwortung<\/strong> f\u00fcr sein Handeln zu \u00fcbernehmen und nicht in allen Situationen die Schuld bei anderen Menschen und Vorkommnissen zu suchen.<\/p>\n<\/div><div class=\"fusion-text fusion-text-7\"><h3>Soziales Netzwerk<\/h3>\n<p>Soziale Kontakte und ein sicheres, gesundes Netzwerk an Menschen, die einem gut tun, bilden eine <strong>gute Basis und ein Auffangnetz f\u00fcr schlechte Phasen<\/strong> im Leben. Daher spielen wertvolle soziale Kontakte und Unterst\u00fctzung ebenso eine wichtige Rolle f\u00fcr ein resilienteres Leben.<\/p>\n<\/div><div class=\"fusion-text fusion-text-8\"><h3>L\u00f6sungsorientierung<\/h3>\n<p>Negatives f\u00e4llt mehr auf. Doch geht man mit der Einstellung an Probleme heran, dass diese alle gel\u00f6st werden k\u00f6nnen, lebt es sich schon viel leichter. Daher ist es wichtig, <strong>l\u00f6sungsorientiert zu denken<\/strong> bzw. seinen Fokus auf Dinge zu legen, die gut funktionieren.<\/p>\n<\/div><div class=\"fusion-text fusion-text-9\"><h3>Zukunftsorientierung<\/h3>\n<p><strong>Klar definierte Ziele<\/strong>, die positiv formuliert und realistisch sind, sind wichtig f\u00fcr eine positive Denkweise. In den Tag hineinleben ohne zu wissen, was man selbst im Leben m\u00f6chte, welche Ziele man hat etc., schafft nur Unzufriedenheit und kann \u00c4ngste nur noch verst\u00e4rken.<\/p>\n<\/div><div class=\"fusion-text fusion-text-10\"><h5>Quelle: https:\/\/juttaheller.de\/wp-content\/uploads\/2017\/02\/4.pdf<\/h5>\n<\/div><div class=\"fusion-separator\" style=\"align-self: center;margin-left: auto;margin-right: auto;margin-top:20px;margin-bottom:20px;width:100%;max-width:500px;\"><div class=\"fusion-separator-border sep-single sep-solid\" style=\"--awb-height:20px;--awb-amount:20px;border-color:#d1d1d1;border-top-width:2px;\"><\/div><\/div><\/div><\/div><div class=\"fusion-layout-column fusion_builder_column fusion-builder-column-2 fusion_builder_column_1_6 1_6 fusion-flex-column\" style=\"--awb-bg-size:cover;--awb-width-large:16.666666666667%;--awb-margin-top-large:20px;--awb-spacing-right-large:11.52%;--awb-margin-bottom-large:20px;--awb-spacing-left-large:11.52%;--awb-width-medium:100%;--awb-spacing-right-medium:1.92%;--awb-spacing-left-medium:1.92%;--awb-width-small:100%;--awb-spacing-right-small:1.92%;--awb-spacing-left-small:1.92%;\"><div class=\"fusion-column-wrapper fusion-column-has-shadow fusion-flex-justify-content-flex-start fusion-content-layout-column\"><\/div><\/div><\/div><\/div><div class=\"fusion-fullwidth fullwidth-box fusion-builder-row-2 fusion-flex-container nonhundred-percent-fullwidth non-hundred-percent-height-scrolling\" style=\"--awb-border-radius-top-left:0px;--awb-border-radius-top-right:0px;--awb-border-radius-bottom-right:0px;--awb-border-radius-bottom-left:0px;--awb-flex-wrap:wrap;\" ><div class=\"fusion-builder-row fusion-row fusion-flex-align-items-flex-start fusion-flex-content-wrap\" style=\"max-width:93.6%;margin-left: calc(-4% \/ 2 );margin-right: calc(-4% \/ 2 );\"><div class=\"fusion-layout-column fusion_builder_column fusion-builder-column-3 fusion_builder_column_1_6 1_6 fusion-flex-column\" style=\"--awb-bg-size:cover;--awb-width-large:16.666666666667%;--awb-margin-top-large:20px;--awb-spacing-right-large:11.52%;--awb-margin-bottom-large:20px;--awb-spacing-left-large:11.52%;--awb-width-medium:100%;--awb-spacing-right-medium:1.92%;--awb-spacing-left-medium:1.92%;--awb-width-small:100%;--awb-spacing-right-small:1.92%;--awb-spacing-left-small:1.92%;\"><div class=\"fusion-column-wrapper fusion-column-has-shadow fusion-flex-justify-content-flex-start fusion-content-layout-column\"><\/div><\/div><div class=\"fusion-layout-column fusion_builder_column fusion-builder-column-4 fusion_builder_column_2_3 2_3 fusion-flex-column\" style=\"--awb-bg-size:cover;--awb-width-large:66.666666666667%;--awb-margin-top-large:20px;--awb-spacing-right-large:2.88%;--awb-margin-bottom-large:20px;--awb-spacing-left-large:2.88%;--awb-width-medium:100%;--awb-spacing-right-medium:1.92%;--awb-spacing-left-medium:1.92%;--awb-width-small:100%;--awb-spacing-right-small:1.92%;--awb-spacing-left-small:1.92%;\"><div class=\"fusion-column-wrapper fusion-column-has-shadow fusion-flex-justify-content-flex-start fusion-content-layout-column\"><div class=\"fusion-text fusion-text-11\"><h2>Buchempfehlungen<\/h2>\n<\/div><ul style=\"--awb-line-height:30.6px;--awb-icon-width:30.6px;--awb-icon-height:30.6px;--awb-icon-margin:12.6px;--awb-content-margin:43.2px;--awb-circlecolor:#ffbd00;--awb-circle-yes-font-size:15.84px;\" class=\"fusion-checklist fusion-checklist-1 fusion-checklist-default type-icons\"><li class=\"fusion-li-item\" style=\"\"><span class=\"icon-wrapper circle-yes\"><i class=\"fusion-li-icon fa-bookmark fas\" aria-hidden=\"true\"><\/i><\/span><div class=\"fusion-li-item-content\">\n<p>Christina Berndt &#8211; &#8222;Resilienz: Das Geheimnis der psychischen Widerstandskraft&#8220;<\/p>\n<\/div><\/li><li class=\"fusion-li-item\" style=\"\"><span class=\"icon-wrapper circle-yes\"><i class=\"fusion-li-icon fa-bookmark fas\" aria-hidden=\"true\"><\/i><\/span><div class=\"fusion-li-item-content\">\n<p>Denis Mourlane &#8211; &#8222;Resilienz: Die unendeckte F\u00e4higkeit der wirklich Erfolgreichen<\/p>\n<\/div><\/li><li class=\"fusion-li-item\" style=\"\"><span class=\"icon-wrapper circle-yes\"><i class=\"fusion-li-icon fa-bookmark fas\" aria-hidden=\"true\"><\/i><\/span><div class=\"fusion-li-item-content\">\n<p>Monika Gruhl &#8211; &#8222;Resilienz &#8211; Die Strategie der Stehauf-Menschen&#8220;<\/p>\n<\/div><\/li><li class=\"fusion-li-item\" style=\"\"><span class=\"icon-wrapper circle-yes\"><i class=\"fusion-li-icon fa-bookmark fas\" aria-hidden=\"true\"><\/i><\/span><div class=\"fusion-li-item-content\">\n<p>Ren\u00e9 Tr\u00e4der &#8211; &#8222;Das Leben so: NEIN!, ich so: DOCH! &#8211; Wie du besser mit Stress, Krisen und Schicksalsschl\u00e4gen umgehst&#8220;<\/p>\n<\/div><\/li><\/ul><\/div><\/div><div class=\"fusion-layout-column fusion_builder_column fusion-builder-column-5 fusion_builder_column_1_6 1_6 fusion-flex-column\" style=\"--awb-bg-size:cover;--awb-width-large:16.666666666667%;--awb-margin-top-large:20px;--awb-spacing-right-large:11.52%;--awb-margin-bottom-large:20px;--awb-spacing-left-large:11.52%;--awb-width-medium:100%;--awb-spacing-right-medium:1.92%;--awb-spacing-left-medium:1.92%;--awb-width-small:100%;--awb-spacing-right-small:1.92%;--awb-spacing-left-small:1.92%;\"><div class=\"fusion-column-wrapper fusion-column-has-shadow fusion-flex-justify-content-flex-start fusion-content-layout-column\"><\/div><\/div><\/div><\/div><\/p>\n","protected":false},"excerpt":{"rendered":"","protected":false},"author":3,"featured_media":3994,"comment_status":"open","ping_status":"closed","sticky":false,"template":"","format":"standard","meta":{"footnotes":""},"categories":[1,23],"tags":[],"yoast_head":"<!-- This site is optimized with the Yoast SEO plugin v23.4 - https:\/\/yoast.com\/wordpress\/plugins\/seo\/ -->\n<title>Resilienz in der Krise - Magazin Mein Pflegejob<\/title>\n<meta name=\"robots\" content=\"index, follow, max-snippet:-1, max-image-preview:large, max-video-preview:-1\" \/>\n<link rel=\"canonical\" href=\"https:\/\/www.mein-pflegejob.de\/blog\/resilienz-in-der-krise\/\" \/>\n<meta property=\"og:locale\" content=\"de_DE\" \/>\n<meta property=\"og:type\" content=\"article\" \/>\n<meta property=\"og:title\" content=\"Resilienz in der Krise - Magazin Mein Pflegejob\" \/>\n<meta property=\"og:url\" content=\"https:\/\/www.mein-pflegejob.de\/blog\/resilienz-in-der-krise\/\" \/>\n<meta property=\"og:site_name\" content=\"Magazin Mein Pflegejob\" \/>\n<meta property=\"article:publisher\" content=\"https:\/\/www.facebook.com\/meinpflegejob.meintraumjob\/\" \/>\n<meta property=\"article:published_time\" content=\"2020-12-24T07:30:14+00:00\" \/>\n<meta property=\"article:modified_time\" content=\"2021-04-23T07:21:33+00:00\" \/>\n<meta property=\"og:image\" content=\"https:\/\/www.mein-pflegejob.de\/blog\/media\/pexels-andrea-piacquadio-3808819-scaled.jpg\" \/>\n\t<meta property=\"og:image:width\" content=\"1920\" \/>\n\t<meta property=\"og:image:height\" content=\"1280\" \/>\n\t<meta property=\"og:image:type\" content=\"image\/jpeg\" \/>\n<meta name=\"author\" content=\"Sabrina\" \/>\n<meta name=\"twitter:card\" content=\"summary_large_image\" \/>\n<meta name=\"twitter:creator\" content=\"@mein_pflegejob\" \/>\n<meta name=\"twitter:site\" content=\"@mein_pflegejob\" \/>\n<script type=\"application\/ld+json\" class=\"yoast-schema-graph\">{\"@context\":\"https:\/\/schema.org\",\"@graph\":[{\"@type\":\"Article\",\"@id\":\"https:\/\/www.mein-pflegejob.de\/blog\/resilienz-in-der-krise\/#article\",\"isPartOf\":{\"@id\":\"https:\/\/www.mein-pflegejob.de\/blog\/resilienz-in-der-krise\/\"},\"author\":{\"name\":\"Sabrina\",\"@id\":\"https:\/\/www.mein-pflegejob.de\/blog\/#\/schema\/person\/4b4d498e104c0b51009f902030789809\"},\"headline\":\"Resilienz in der Krise\",\"datePublished\":\"2020-12-24T07:30:14+00:00\",\"dateModified\":\"2021-04-23T07:21:33+00:00\",\"mainEntityOfPage\":{\"@id\":\"https:\/\/www.mein-pflegejob.de\/blog\/resilienz-in-der-krise\/\"},\"wordCount\":2449,\"commentCount\":0,\"publisher\":{\"@id\":\"https:\/\/www.mein-pflegejob.de\/blog\/#organization\"},\"image\":{\"@id\":\"https:\/\/www.mein-pflegejob.de\/blog\/resilienz-in-der-krise\/#primaryimage\"},\"thumbnailUrl\":\"https:\/\/www.mein-pflegejob.de\/blog\/media\/pexels-andrea-piacquadio-3808819-scaled.jpg\",\"articleSection\":{\"1\":\"Corona\"},\"inLanguage\":\"de\",\"potentialAction\":[{\"@type\":\"CommentAction\",\"name\":\"Comment\",\"target\":[\"https:\/\/www.mein-pflegejob.de\/blog\/resilienz-in-der-krise\/#respond\"]}]},{\"@type\":\"WebPage\",\"@id\":\"https:\/\/www.mein-pflegejob.de\/blog\/resilienz-in-der-krise\/\",\"url\":\"https:\/\/www.mein-pflegejob.de\/blog\/resilienz-in-der-krise\/\",\"name\":\"Resilienz in der Krise - Magazin Mein Pflegejob\",\"isPartOf\":{\"@id\":\"https:\/\/www.mein-pflegejob.de\/blog\/#website\"},\"primaryImageOfPage\":{\"@id\":\"https:\/\/www.mein-pflegejob.de\/blog\/resilienz-in-der-krise\/#primaryimage\"},\"image\":{\"@id\":\"https:\/\/www.mein-pflegejob.de\/blog\/resilienz-in-der-krise\/#primaryimage\"},\"thumbnailUrl\":\"https:\/\/www.mein-pflegejob.de\/blog\/media\/pexels-andrea-piacquadio-3808819-scaled.jpg\",\"datePublished\":\"2020-12-24T07:30:14+00:00\",\"dateModified\":\"2021-04-23T07:21:33+00:00\",\"breadcrumb\":{\"@id\":\"https:\/\/www.mein-pflegejob.de\/blog\/resilienz-in-der-krise\/#breadcrumb\"},\"inLanguage\":\"de\",\"potentialAction\":[{\"@type\":\"ReadAction\",\"target\":[\"https:\/\/www.mein-pflegejob.de\/blog\/resilienz-in-der-krise\/\"]}]},{\"@type\":\"ImageObject\",\"inLanguage\":\"de\",\"@id\":\"https:\/\/www.mein-pflegejob.de\/blog\/resilienz-in-der-krise\/#primaryimage\",\"url\":\"https:\/\/www.mein-pflegejob.de\/blog\/media\/pexels-andrea-piacquadio-3808819-scaled.jpg\",\"contentUrl\":\"https:\/\/www.mein-pflegejob.de\/blog\/media\/pexels-andrea-piacquadio-3808819-scaled.jpg\",\"width\":1920,\"height\":1280,\"caption\":\"Resilienz in der Krise | Quelle: pexels - Andrea Piacquadio\"},{\"@type\":\"BreadcrumbList\",\"@id\":\"https:\/\/www.mein-pflegejob.de\/blog\/resilienz-in-der-krise\/#breadcrumb\",\"itemListElement\":[{\"@type\":\"ListItem\",\"position\":1,\"name\":\"Home\",\"item\":\"https:\/\/www.mein-pflegejob.de\/blog\/\"},{\"@type\":\"ListItem\",\"position\":2,\"name\":\"Resilienz in der Krise\"}]},{\"@type\":\"WebSite\",\"@id\":\"https:\/\/www.mein-pflegejob.de\/blog\/#website\",\"url\":\"https:\/\/www.mein-pflegejob.de\/blog\/\",\"name\":\"Magazin Mein Pflegejob\",\"description\":\"Der Stellenmarkt f\u00fcr die Pflegebranche\",\"publisher\":{\"@id\":\"https:\/\/www.mein-pflegejob.de\/blog\/#organization\"},\"potentialAction\":[{\"@type\":\"SearchAction\",\"target\":{\"@type\":\"EntryPoint\",\"urlTemplate\":\"https:\/\/www.mein-pflegejob.de\/blog\/?s={search_term_string}\"},\"query-input\":{\"@type\":\"PropertyValueSpecification\",\"valueRequired\":true,\"valueName\":\"search_term_string\"}}],\"inLanguage\":\"de\"},{\"@type\":\"Organization\",\"@id\":\"https:\/\/www.mein-pflegejob.de\/blog\/#organization\",\"name\":\"mein-pflegejob\",\"url\":\"https:\/\/www.mein-pflegejob.de\/blog\/\",\"logo\":{\"@type\":\"ImageObject\",\"inLanguage\":\"de\",\"@id\":\"https:\/\/www.mein-pflegejob.de\/blog\/#\/schema\/logo\/image\/\",\"url\":\"https:\/\/www.mein-pflegejob.de\/blog\/media\/Logo_klein.png\",\"contentUrl\":\"https:\/\/www.mein-pflegejob.de\/blog\/media\/Logo_klein.png\",\"width\":256,\"height\":80,\"caption\":\"mein-pflegejob\"},\"image\":{\"@id\":\"https:\/\/www.mein-pflegejob.de\/blog\/#\/schema\/logo\/image\/\"},\"sameAs\":[\"https:\/\/www.facebook.com\/meinpflegejob.meintraumjob\/\",\"https:\/\/x.com\/mein_pflegejob\",\"https:\/\/www.instagram.com\/meinpflegejob\/\",\"https:\/\/www.linkedin.com\/company\/mein-pflegejob-de\/\"]},{\"@type\":\"Person\",\"@id\":\"https:\/\/www.mein-pflegejob.de\/blog\/#\/schema\/person\/4b4d498e104c0b51009f902030789809\",\"name\":\"Sabrina\"}]}<\/script>\n<!-- \/ Yoast SEO plugin. -->","yoast_head_json":{"title":"Resilienz in der Krise - Magazin Mein Pflegejob","robots":{"index":"index","follow":"follow","max-snippet":"max-snippet:-1","max-image-preview":"max-image-preview:large","max-video-preview":"max-video-preview:-1"},"canonical":"https:\/\/www.mein-pflegejob.de\/blog\/resilienz-in-der-krise\/","og_locale":"de_DE","og_type":"article","og_title":"Resilienz in der Krise - Magazin Mein Pflegejob","og_url":"https:\/\/www.mein-pflegejob.de\/blog\/resilienz-in-der-krise\/","og_site_name":"Magazin Mein Pflegejob","article_publisher":"https:\/\/www.facebook.com\/meinpflegejob.meintraumjob\/","article_published_time":"2020-12-24T07:30:14+00:00","article_modified_time":"2021-04-23T07:21:33+00:00","og_image":[{"width":1920,"height":1280,"url":"https:\/\/www.mein-pflegejob.de\/blog\/media\/pexels-andrea-piacquadio-3808819-scaled.jpg","type":"image\/jpeg"}],"author":"Sabrina","twitter_card":"summary_large_image","twitter_creator":"@mein_pflegejob","twitter_site":"@mein_pflegejob","schema":{"@context":"https:\/\/schema.org","@graph":[{"@type":"Article","@id":"https:\/\/www.mein-pflegejob.de\/blog\/resilienz-in-der-krise\/#article","isPartOf":{"@id":"https:\/\/www.mein-pflegejob.de\/blog\/resilienz-in-der-krise\/"},"author":{"name":"Sabrina","@id":"https:\/\/www.mein-pflegejob.de\/blog\/#\/schema\/person\/4b4d498e104c0b51009f902030789809"},"headline":"Resilienz in der Krise","datePublished":"2020-12-24T07:30:14+00:00","dateModified":"2021-04-23T07:21:33+00:00","mainEntityOfPage":{"@id":"https:\/\/www.mein-pflegejob.de\/blog\/resilienz-in-der-krise\/"},"wordCount":2449,"commentCount":0,"publisher":{"@id":"https:\/\/www.mein-pflegejob.de\/blog\/#organization"},"image":{"@id":"https:\/\/www.mein-pflegejob.de\/blog\/resilienz-in-der-krise\/#primaryimage"},"thumbnailUrl":"https:\/\/www.mein-pflegejob.de\/blog\/media\/pexels-andrea-piacquadio-3808819-scaled.jpg","articleSection":{"1":"Corona"},"inLanguage":"de","potentialAction":[{"@type":"CommentAction","name":"Comment","target":["https:\/\/www.mein-pflegejob.de\/blog\/resilienz-in-der-krise\/#respond"]}]},{"@type":"WebPage","@id":"https:\/\/www.mein-pflegejob.de\/blog\/resilienz-in-der-krise\/","url":"https:\/\/www.mein-pflegejob.de\/blog\/resilienz-in-der-krise\/","name":"Resilienz in der Krise - Magazin Mein Pflegejob","isPartOf":{"@id":"https:\/\/www.mein-pflegejob.de\/blog\/#website"},"primaryImageOfPage":{"@id":"https:\/\/www.mein-pflegejob.de\/blog\/resilienz-in-der-krise\/#primaryimage"},"image":{"@id":"https:\/\/www.mein-pflegejob.de\/blog\/resilienz-in-der-krise\/#primaryimage"},"thumbnailUrl":"https:\/\/www.mein-pflegejob.de\/blog\/media\/pexels-andrea-piacquadio-3808819-scaled.jpg","datePublished":"2020-12-24T07:30:14+00:00","dateModified":"2021-04-23T07:21:33+00:00","breadcrumb":{"@id":"https:\/\/www.mein-pflegejob.de\/blog\/resilienz-in-der-krise\/#breadcrumb"},"inLanguage":"de","potentialAction":[{"@type":"ReadAction","target":["https:\/\/www.mein-pflegejob.de\/blog\/resilienz-in-der-krise\/"]}]},{"@type":"ImageObject","inLanguage":"de","@id":"https:\/\/www.mein-pflegejob.de\/blog\/resilienz-in-der-krise\/#primaryimage","url":"https:\/\/www.mein-pflegejob.de\/blog\/media\/pexels-andrea-piacquadio-3808819-scaled.jpg","contentUrl":"https:\/\/www.mein-pflegejob.de\/blog\/media\/pexels-andrea-piacquadio-3808819-scaled.jpg","width":1920,"height":1280,"caption":"Resilienz in der Krise | Quelle: pexels - Andrea Piacquadio"},{"@type":"BreadcrumbList","@id":"https:\/\/www.mein-pflegejob.de\/blog\/resilienz-in-der-krise\/#breadcrumb","itemListElement":[{"@type":"ListItem","position":1,"name":"Home","item":"https:\/\/www.mein-pflegejob.de\/blog\/"},{"@type":"ListItem","position":2,"name":"Resilienz in der Krise"}]},{"@type":"WebSite","@id":"https:\/\/www.mein-pflegejob.de\/blog\/#website","url":"https:\/\/www.mein-pflegejob.de\/blog\/","name":"Magazin Mein Pflegejob","description":"Der Stellenmarkt f\u00fcr die Pflegebranche","publisher":{"@id":"https:\/\/www.mein-pflegejob.de\/blog\/#organization"},"potentialAction":[{"@type":"SearchAction","target":{"@type":"EntryPoint","urlTemplate":"https:\/\/www.mein-pflegejob.de\/blog\/?s={search_term_string}"},"query-input":{"@type":"PropertyValueSpecification","valueRequired":true,"valueName":"search_term_string"}}],"inLanguage":"de"},{"@type":"Organization","@id":"https:\/\/www.mein-pflegejob.de\/blog\/#organization","name":"mein-pflegejob","url":"https:\/\/www.mein-pflegejob.de\/blog\/","logo":{"@type":"ImageObject","inLanguage":"de","@id":"https:\/\/www.mein-pflegejob.de\/blog\/#\/schema\/logo\/image\/","url":"https:\/\/www.mein-pflegejob.de\/blog\/media\/Logo_klein.png","contentUrl":"https:\/\/www.mein-pflegejob.de\/blog\/media\/Logo_klein.png","width":256,"height":80,"caption":"mein-pflegejob"},"image":{"@id":"https:\/\/www.mein-pflegejob.de\/blog\/#\/schema\/logo\/image\/"},"sameAs":["https:\/\/www.facebook.com\/meinpflegejob.meintraumjob\/","https:\/\/x.com\/mein_pflegejob","https:\/\/www.instagram.com\/meinpflegejob\/","https:\/\/www.linkedin.com\/company\/mein-pflegejob-de\/"]},{"@type":"Person","@id":"https:\/\/www.mein-pflegejob.de\/blog\/#\/schema\/person\/4b4d498e104c0b51009f902030789809","name":"Sabrina"}]}},"_links":{"self":[{"href":"https:\/\/www.mein-pflegejob.de\/blog\/wp-json\/wp\/v2\/posts\/3993"}],"collection":[{"href":"https:\/\/www.mein-pflegejob.de\/blog\/wp-json\/wp\/v2\/posts"}],"about":[{"href":"https:\/\/www.mein-pflegejob.de\/blog\/wp-json\/wp\/v2\/types\/post"}],"author":[{"embeddable":true,"href":"https:\/\/www.mein-pflegejob.de\/blog\/wp-json\/wp\/v2\/users\/3"}],"replies":[{"embeddable":true,"href":"https:\/\/www.mein-pflegejob.de\/blog\/wp-json\/wp\/v2\/comments?post=3993"}],"version-history":[{"count":1,"href":"https:\/\/www.mein-pflegejob.de\/blog\/wp-json\/wp\/v2\/posts\/3993\/revisions"}],"predecessor-version":[{"id":4933,"href":"https:\/\/www.mein-pflegejob.de\/blog\/wp-json\/wp\/v2\/posts\/3993\/revisions\/4933"}],"wp:featuredmedia":[{"embeddable":true,"href":"https:\/\/www.mein-pflegejob.de\/blog\/wp-json\/wp\/v2\/media\/3994"}],"wp:attachment":[{"href":"https:\/\/www.mein-pflegejob.de\/blog\/wp-json\/wp\/v2\/media?parent=3993"}],"wp:term":[{"taxonomy":"category","embeddable":true,"href":"https:\/\/www.mein-pflegejob.de\/blog\/wp-json\/wp\/v2\/categories?post=3993"},{"taxonomy":"post_tag","embeddable":true,"href":"https:\/\/www.mein-pflegejob.de\/blog\/wp-json\/wp\/v2\/tags?post=3993"}],"curies":[{"name":"wp","href":"https:\/\/api.w.org\/{rel}","templated":true}]}}