{"id":5005,"date":"2021-05-03T11:29:51","date_gmt":"2021-05-03T09:29:51","guid":{"rendered":"https:\/\/www.mein-pflegejob.de\/blog\/?p=5005"},"modified":"2022-07-21T09:54:38","modified_gmt":"2022-07-21T07:54:38","slug":"online-seminar-facebook-versus-google","status":"publish","type":"post","link":"https:\/\/www.mein-pflegejob.de\/blog\/online-seminar-facebook-versus-google\/","title":{"rendered":"Online-Seminar: Facebook versus Google"},"content":{"rendered":"<p><div class=\"fusion-fullwidth fullwidth-box fusion-builder-row-1 fusion-flex-container nonhundred-percent-fullwidth non-hundred-percent-height-scrolling\" style=\"--awb-border-radius-top-left:0px;--awb-border-radius-top-right:0px;--awb-border-radius-bottom-right:0px;--awb-border-radius-bottom-left:0px;--awb-margin-top:-75px;--awb-flex-wrap:wrap;\" ><div class=\"fusion-builder-row fusion-row fusion-flex-align-items-flex-start fusion-flex-content-wrap\" style=\"max-width:93.6%;margin-left: calc(-4% \/ 2 );margin-right: calc(-4% \/ 2 );\"><div class=\"fusion-layout-column fusion_builder_column fusion-builder-column-0 fusion_builder_column_1_1 1_1 fusion-flex-column\" style=\"--awb-bg-size:cover;--awb-width-large:100%;--awb-margin-top-large:20px;--awb-spacing-right-large:1.92%;--awb-margin-bottom-large:20px;--awb-spacing-left-large:1.92%;--awb-width-medium:100%;--awb-order-medium:0;--awb-spacing-right-medium:1.92%;--awb-spacing-left-medium:1.92%;--awb-width-small:100%;--awb-order-small:0;--awb-spacing-right-small:1.92%;--awb-spacing-left-small:1.92%;\"><div class=\"fusion-column-wrapper fusion-column-has-shadow fusion-flex-justify-content-flex-start fusion-content-layout-column\"><div class=\"fusion-separator fusion-full-width-sep\" style=\"align-self: center;margin-left: auto;margin-right: auto;width:100%;\"><\/div><div class=\"fusion-widget fusion-widget-element fusion-widget-area fusion-content-widget-area wpWidget-1 fusion-widget-align-center fusion-widget-mobile-align-center bcn_widget\" style=\"--awb-fusion-border-size:0px;--awb-fusion-border-style:solid;\"><div class=\"widget widget_breadcrumb_navxt\"><div class=\"breadcrumbs\" vocab=\"https:\/\/schema.org\/\" typeof=\"BreadcrumbList\"><!-- Breadcrumb NavXT 7.4.1 -->\n<span property=\"itemListElement\" typeof=\"ListItem\">\r\n<a property=\"item\" typeof=\"WebPage\" title=\"Gehe zur Startseite.\" href=\"https:\/\/www.mein-pflegejob.de\/blog\/\" class=\"home\" aria-current=\"page\"><span property=\"name\">Startseite<\/span><\/a>\r\n<meta property=\"position\" content=\"1\"><\/span><\/div><\/div><\/div><\/div><\/div><div class=\"fusion-layout-column fusion_builder_column fusion-builder-column-1 fusion_builder_column_1_6 1_6 fusion-flex-column\" style=\"--awb-bg-size:cover;--awb-width-large:16.666666666667%;--awb-margin-top-large:20px;--awb-spacing-right-large:11.52%;--awb-margin-bottom-large:20px;--awb-spacing-left-large:11.52%;--awb-width-medium:100%;--awb-spacing-right-medium:1.92%;--awb-spacing-left-medium:1.92%;--awb-width-small:100%;--awb-spacing-right-small:1.92%;--awb-spacing-left-small:1.92%;\"><div class=\"fusion-column-wrapper fusion-column-has-shadow fusion-flex-justify-content-flex-start fusion-content-layout-column\"><\/div><\/div><div class=\"fusion-layout-column fusion_builder_column fusion-builder-column-2 fusion_builder_column_2_3 2_3 fusion-flex-column\" style=\"--awb-bg-size:cover;--awb-width-large:66.666666666667%;--awb-margin-top-large:20px;--awb-spacing-right-large:2.88%;--awb-margin-bottom-large:20px;--awb-spacing-left-large:2.88%;--awb-width-medium:100%;--awb-spacing-right-medium:1.92%;--awb-spacing-left-medium:1.92%;--awb-width-small:100%;--awb-spacing-right-small:1.92%;--awb-spacing-left-small:1.92%;\"><div class=\"fusion-column-wrapper fusion-column-has-shadow fusion-flex-justify-content-flex-start fusion-content-layout-column\"><div class=\"fusion-text fusion-text-1\"><h2 style=\"text-align: left;\">Gewinnung von aktiven und passiven Kandidaten als Bewerber f\u00fcr die Pflege<\/h2>\n<\/div><div class=\"fusion-image-element \" style=\"text-align:center;--awb-caption-title-font-family:var(--h2_typography-font-family);--awb-caption-title-font-weight:var(--h2_typography-font-weight);--awb-caption-title-font-style:var(--h2_typography-font-style);--awb-caption-title-size:var(--h2_typography-font-size);--awb-caption-title-transform:var(--h2_typography-text-transform);--awb-caption-title-line-height:var(--h2_typography-line-height);--awb-caption-title-letter-spacing:var(--h2_typography-letter-spacing);\"><span class=\" fusion-imageframe imageframe-none imageframe-1 hover-type-none\"><img decoding=\"async\" width=\"800\" height=\"712\" alt=\"Kostenloses Webinar (Quelle: Cristian Rojas | pexels)\" title=\"Kostenloses Webinar (Quelle: Cristian Rojas | pexels)\" src=\"https:\/\/www.mein-pflegejob.de\/blog\/media\/Webinar.jpg\" data-orig-src=\"https:\/\/www.mein-pflegejob.de\/blog\/media\/Webinar-800x712.jpg\" class=\"lazyload img-responsive wp-image-5054\" srcset=\"data:image\/svg+xml,%3Csvg%20xmlns%3D%27http%3A%2F%2Fwww.w3.org%2F2000%2Fsvg%27%20width%3D%271438%27%20height%3D%271280%27%20viewBox%3D%270%200%201438%201280%27%3E%3Crect%20width%3D%271438%27%20height%3D%271280%27%20fill-opacity%3D%220%22%2F%3E%3C%2Fsvg%3E\" data-srcset=\"https:\/\/www.mein-pflegejob.de\/blog\/media\/Webinar-200x178.jpg 200w, https:\/\/www.mein-pflegejob.de\/blog\/media\/Webinar-400x356.jpg 400w, https:\/\/www.mein-pflegejob.de\/blog\/media\/Webinar-600x534.jpg 600w, https:\/\/www.mein-pflegejob.de\/blog\/media\/Webinar-800x712.jpg 800w, https:\/\/www.mein-pflegejob.de\/blog\/media\/Webinar-1200x1068.jpg 1200w, https:\/\/www.mein-pflegejob.de\/blog\/media\/Webinar.jpg 1438w\" data-sizes=\"auto\" data-orig-sizes=\"(max-width: 1024px) 100vw, (max-width: 640px) 100vw, 1200px\" \/><\/span><\/div><div class=\"fusion-separator fusion-full-width-sep\" style=\"align-self: center;margin-left: auto;margin-right: auto;margin-top:20px;margin-bottom:20px;width:100%;\"><\/div><div class=\"fusion-text fusion-text-2\"><p style=\"text-align: left;\">Am <strong>Dienstag, den 11. Mai 2021 von 15:00 bis 16:00 Uhr<\/strong> findet das <a href=\"https:\/\/register.gotowebinar.com\/register\/385070276457490192\" target=\"_blank\" rel=\"noopener\">kostenlose Online-Seminar \u201eFacebook versus Google \u2013 Gewinnung von aktiven und passiven Kandidaten als Bewerber f\u00fcr die Pflege\u201c<\/a> statt. Teilnehmen k\u00f6nnen F\u00fchrungskr\u00e4fte von Krankenh\u00e4usern und Pflegeeinrichtungen (ambulant wie station\u00e4r), insbesondere mit Verantwortung f\u00fcr Personal und Personalbeschaffung, sowie Mitglieder der Gesch\u00e4ftsleitung und Inhaber.<\/p>\n<\/div><\/div><\/div><div class=\"fusion-layout-column fusion_builder_column fusion-builder-column-3 fusion_builder_column_1_6 1_6 fusion-flex-column\" style=\"--awb-bg-size:cover;--awb-width-large:16.666666666667%;--awb-margin-top-large:20px;--awb-spacing-right-large:11.52%;--awb-margin-bottom-large:20px;--awb-spacing-left-large:11.52%;--awb-width-medium:100%;--awb-spacing-right-medium:1.92%;--awb-spacing-left-medium:1.92%;--awb-width-small:100%;--awb-spacing-right-small:1.92%;--awb-spacing-left-small:1.92%;\"><div class=\"fusion-column-wrapper fusion-column-has-shadow fusion-flex-justify-content-flex-start fusion-content-layout-column\"><\/div><\/div><\/div><\/div><div class=\"fusion-fullwidth fullwidth-box fusion-builder-row-2 fusion-flex-container nonhundred-percent-fullwidth non-hundred-percent-height-scrolling\" style=\"--awb-border-radius-top-left:0px;--awb-border-radius-top-right:0px;--awb-border-radius-bottom-right:0px;--awb-border-radius-bottom-left:0px;--awb-flex-wrap:wrap;\" ><div class=\"fusion-builder-row fusion-row fusion-flex-align-items-flex-start fusion-flex-content-wrap\" style=\"max-width:93.6%;margin-left: calc(-4% \/ 2 );margin-right: calc(-4% \/ 2 );\"><div class=\"fusion-layout-column fusion_builder_column fusion-builder-column-4 fusion_builder_column_1_6 1_6 fusion-flex-column\" style=\"--awb-bg-size:cover;--awb-width-large:16.666666666667%;--awb-margin-top-large:20px;--awb-spacing-right-large:11.52%;--awb-margin-bottom-large:20px;--awb-spacing-left-large:11.52%;--awb-width-medium:100%;--awb-order-medium:0;--awb-spacing-right-medium:1.92%;--awb-spacing-left-medium:1.92%;--awb-width-small:100%;--awb-order-small:0;--awb-spacing-right-small:1.92%;--awb-spacing-left-small:1.92%;\"><div class=\"fusion-column-wrapper fusion-column-has-shadow fusion-flex-justify-content-flex-start fusion-content-layout-column\"><\/div><\/div><div class=\"fusion-layout-column fusion_builder_column fusion-builder-column-5 fusion_builder_column_2_3 2_3 fusion-flex-column\" style=\"--awb-bg-size:cover;--awb-width-large:66.666666666667%;--awb-margin-top-large:20px;--awb-spacing-right-large:2.88%;--awb-margin-bottom-large:20px;--awb-spacing-left-large:2.88%;--awb-width-medium:100%;--awb-order-medium:0;--awb-spacing-right-medium:1.92%;--awb-spacing-left-medium:1.92%;--awb-width-small:100%;--awb-order-small:0;--awb-spacing-right-small:1.92%;--awb-spacing-left-small:1.92%;\"><div class=\"fusion-column-wrapper fusion-column-has-shadow fusion-flex-justify-content-flex-start fusion-content-layout-column\"><div class=\"fusion-text fusion-text-3\"><h2 style=\"text-align: left;\">Inhalt des Webinars<\/h2>\n<p style=\"text-align: left;\"><strong>In diesem Webinar geht es um das Thema Online Recruiting, also um die Gewinnung von Fachpersonal mithilfe von Facebook und Google.<\/strong><\/p>\n<p style=\"text-align: left;\">Da klassische Zeitungsannoncen heutzutage nicht mehr gen\u00fcgend Menschen ansprechen, um den Bedarf an qualifiziertem Pflegepersonal zu decken, ist es wichtig, potenzielle Mitarbeiter auf unterschiedlichen Kan\u00e4len zu erreichen.<\/p>\n<p style=\"text-align: left;\">Online-Jobportale werden hierf\u00fcr immer h\u00e4ufiger genutzt und versprechen neben einer Vielzahl von Kandidaten auch die M\u00f6glichkeit das Bewerbungsverhalten zu analysieren. So k\u00f6nnen Sie nachvollziehen, wie Ihre Bewerber aktiv auf Jobsuche gehen und wo Sie wechselwillige passive Kandidaten erreichen.<\/p>\n<\/div><div class=\"fusion-text fusion-text-4\"><p style=\"text-align: left;\">Die beiden Experten im Bereich Online Recruiting, Jan Hinnerk Roloff und Felix Baumann, geben Ihnen w\u00e4hrend diesem Seminar wertvolle Tipps, wie Sie Facebook und Google optimal zur Gewinnung von Fachpersonal nutzen k\u00f6nnen. Zudem lernen Sie Vor- und Nachteile kennen und k\u00f6nnen daraus Ihre individuelle Strategie ableiten.<\/p>\n<\/div><div class=\"fusion-separator fusion-full-width-sep\" style=\"align-self: center;margin-left: auto;margin-right: auto;margin-top:20px;margin-bottom:20px;width:100%;\"><\/div><div style=\"text-align:center;\"><a class=\"fusion-button button-flat fusion-button-default-size button-default fusion-button-default button-1 fusion-button-default-span fusion-button-default-type\" target=\"_self\" href=\"https:\/\/register.gotowebinar.com\/register\/385070276457490192\"><span class=\"fusion-button-text\">Jetzt zum kostenlosen Webinar anmelden<\/span><\/a><\/div><div class=\"fusion-separator fusion-full-width-sep\" style=\"align-self: center;margin-left: auto;margin-right: auto;margin-top:20px;margin-bottom:20px;width:100%;\"><\/div><\/div><\/div><div class=\"fusion-layout-column fusion_builder_column fusion-builder-column-6 fusion_builder_column_1_6 1_6 fusion-flex-column\" style=\"--awb-bg-size:cover;--awb-width-large:16.666666666667%;--awb-margin-top-large:20px;--awb-spacing-right-large:11.52%;--awb-margin-bottom-large:20px;--awb-spacing-left-large:11.52%;--awb-width-medium:100%;--awb-order-medium:0;--awb-spacing-right-medium:1.92%;--awb-spacing-left-medium:1.92%;--awb-width-small:100%;--awb-order-small:0;--awb-spacing-right-small:1.92%;--awb-spacing-left-small:1.92%;\"><div class=\"fusion-column-wrapper fusion-column-has-shadow fusion-flex-justify-content-flex-start fusion-content-layout-column\"><\/div><\/div><\/div><\/div><div class=\"fusion-fullwidth fullwidth-box fusion-builder-row-3 fusion-flex-container nonhundred-percent-fullwidth non-hundred-percent-height-scrolling\" style=\"--awb-border-radius-top-left:0px;--awb-border-radius-top-right:0px;--awb-border-radius-bottom-right:0px;--awb-border-radius-bottom-left:0px;--awb-background-color:#e3e3e3;--awb-flex-wrap:wrap;\" ><div class=\"fusion-builder-row fusion-row fusion-flex-align-items-flex-start fusion-flex-content-wrap\" style=\"max-width:93.6%;margin-left: calc(-4% \/ 2 );margin-right: calc(-4% \/ 2 );\"><div class=\"fusion-layout-column fusion_builder_column fusion-builder-column-7 fusion_builder_column_1_1 1_1 fusion-flex-column\" style=\"--awb-bg-size:cover;--awb-width-large:100%;--awb-margin-top-large:20px;--awb-spacing-right-large:1.92%;--awb-margin-bottom-large:20px;--awb-spacing-left-large:1.92%;--awb-width-medium:100%;--awb-order-medium:0;--awb-spacing-right-medium:1.92%;--awb-spacing-left-medium:1.92%;--awb-width-small:100%;--awb-order-small:0;--awb-spacing-right-small:1.92%;--awb-spacing-left-small:1.92%;\"><div class=\"fusion-column-wrapper fusion-column-has-shadow fusion-flex-justify-content-flex-start fusion-content-layout-column\"><div class=\"fusion-text fusion-text-5\"><h2 style=\"text-align: left;\">Die Referenten<\/h2>\n<\/div><div class=\"fusion-builder-row fusion-builder-row-inner fusion-row fusion-flex-align-items-flex-start fusion-flex-content-wrap\" style=\"width:104% !important;max-width:104% !important;margin-left: calc(-4% \/ 2 );margin-right: calc(-4% \/ 2 );\"><div class=\"fusion-layout-column fusion_builder_column_inner fusion-builder-nested-column-0 fusion_builder_column_inner_1_2 1_2 fusion-flex-column\" style=\"--awb-bg-size:cover;--awb-width-large:50%;--awb-margin-top-large:20px;--awb-spacing-right-large:3.84%;--awb-margin-bottom-large:20px;--awb-spacing-left-large:3.84%;--awb-width-medium:100%;--awb-order-medium:0;--awb-spacing-right-medium:1.92%;--awb-spacing-left-medium:1.92%;--awb-width-small:100%;--awb-order-small:0;--awb-spacing-right-small:1.92%;--awb-spacing-left-small:1.92%;\"><div class=\"fusion-column-wrapper fusion-column-has-shadow fusion-flex-justify-content-flex-start fusion-content-layout-column\"><div class=\"fusion-image-element \" style=\"text-align:center;--awb-caption-title-font-family:var(--h2_typography-font-family);--awb-caption-title-font-weight:var(--h2_typography-font-weight);--awb-caption-title-font-style:var(--h2_typography-font-style);--awb-caption-title-size:var(--h2_typography-font-size);--awb-caption-title-transform:var(--h2_typography-text-transform);--awb-caption-title-line-height:var(--h2_typography-line-height);--awb-caption-title-letter-spacing:var(--h2_typography-letter-spacing);\"><span class=\" fusion-imageframe imageframe-none imageframe-2 hover-type-none\"><img decoding=\"async\" width=\"400\" height=\"400\" alt=\"Jan Hinnerk Roloff\" title=\"Jan Hinnerk Roloff\" src=\"https:\/\/www.mein-pflegejob.de\/blog\/media\/jan-hinnerk-roloff.1024x1024.jpg\" data-orig-src=\"https:\/\/www.mein-pflegejob.de\/blog\/media\/jan-hinnerk-roloff.1024x1024-400x400.jpg\" class=\"lazyload img-responsive wp-image-5019\" srcset=\"data:image\/svg+xml,%3Csvg%20xmlns%3D%27http%3A%2F%2Fwww.w3.org%2F2000%2Fsvg%27%20width%3D%271024%27%20height%3D%271024%27%20viewBox%3D%270%200%201024%201024%27%3E%3Crect%20width%3D%271024%27%20height%3D%271024%27%20fill-opacity%3D%220%22%2F%3E%3C%2Fsvg%3E\" data-srcset=\"https:\/\/www.mein-pflegejob.de\/blog\/media\/jan-hinnerk-roloff.1024x1024-200x200.jpg 200w, https:\/\/www.mein-pflegejob.de\/blog\/media\/jan-hinnerk-roloff.1024x1024-400x400.jpg 400w, https:\/\/www.mein-pflegejob.de\/blog\/media\/jan-hinnerk-roloff.1024x1024-600x600.jpg 600w, https:\/\/www.mein-pflegejob.de\/blog\/media\/jan-hinnerk-roloff.1024x1024-800x800.jpg 800w, https:\/\/www.mein-pflegejob.de\/blog\/media\/jan-hinnerk-roloff.1024x1024.jpg 1024w\" data-sizes=\"auto\" data-orig-sizes=\"(max-width: 1024px) 100vw, (max-width: 640px) 100vw, 400px\" \/><\/span><\/div><\/div><\/div><div class=\"fusion-layout-column fusion_builder_column_inner fusion-builder-nested-column-1 fusion_builder_column_inner_1_2 1_2 fusion-flex-column\" style=\"--awb-bg-size:cover;--awb-width-large:50%;--awb-margin-top-large:20px;--awb-spacing-right-large:3.84%;--awb-margin-bottom-large:20px;--awb-spacing-left-large:3.84%;--awb-width-medium:100%;--awb-order-medium:0;--awb-spacing-right-medium:1.92%;--awb-spacing-left-medium:1.92%;--awb-width-small:100%;--awb-order-small:0;--awb-spacing-right-small:1.92%;--awb-spacing-left-small:1.92%;\"><div class=\"fusion-column-wrapper fusion-column-has-shadow fusion-flex-justify-content-flex-start fusion-content-layout-column\"><div class=\"fusion-text fusion-text-6\"><h3 style=\"text-align: left;\">Jan Hinnerk Roloff<\/h3>\n<p style=\"text-align: left;\">Der Experte Jan Hinnerk Roloff f\u00fcr Pflegerecruiting ist seit 15 Jahren im Onlinemarketing t\u00e4tig und gr\u00fcndete 2014 zusammen mit anderen Fachexperten der Pflegebranche die <a href=\"https:\/\/www.deutsches-pflegeportal.de\/start\" target=\"_blank\" rel=\"noopener\">Deutsches Pflegeportal DPP GmbH<\/a> mit Sitz in Berlin. Die DPP GmbH verf\u00fcgt \u00fcber einen eigenen Stellenmarkt, wodurch sie Pflegebetrieben hilft, qualifizierte Bewerber einzustellen.<\/p>\n<p style=\"text-align: left;\">Vor kurzem hat Jan Roloff ein strukturiertes Consulting-Programm aufgebaut, um die Personalgewinnung von Unternehmen der Pflegebranche zu optimieren.<\/p>\n<\/div><\/div><\/div><\/div><div class=\"fusion-separator\" style=\"align-self: center;margin-left: auto;margin-right: auto;margin-top:20px;margin-bottom:20px;width:100%;max-width:500px;\"><\/div><div class=\"fusion-builder-row fusion-builder-row-inner fusion-row fusion-flex-align-items-flex-start fusion-flex-content-wrap\" style=\"width:104% !important;max-width:104% !important;margin-left: calc(-4% \/ 2 );margin-right: calc(-4% \/ 2 );\"><div class=\"fusion-layout-column fusion_builder_column_inner fusion-builder-nested-column-2 fusion_builder_column_inner_1_2 1_2 fusion-flex-column\" style=\"--awb-bg-size:cover;--awb-width-large:50%;--awb-margin-top-large:20px;--awb-spacing-right-large:3.84%;--awb-margin-bottom-large:20px;--awb-spacing-left-large:3.84%;--awb-width-medium:100%;--awb-order-medium:0;--awb-spacing-right-medium:1.92%;--awb-spacing-left-medium:1.92%;--awb-width-small:100%;--awb-order-small:0;--awb-spacing-right-small:1.92%;--awb-spacing-left-small:1.92%;\"><div class=\"fusion-column-wrapper fusion-column-has-shadow fusion-flex-justify-content-flex-start fusion-content-layout-column\"><div class=\"fusion-text fusion-text-7\"><h3 style=\"text-align: left;\">Felix Baumann<\/h3>\n<p style=\"text-align: left;\">Seit \u00fcber 10 Jahren ist Felix Baumann leidenschaftlicher Online-Experte mit einem breiten Fachwissen in den Bereichen Online-Marketing, Digitalisierung, Schnittstellen und Analytics.<\/p>\n<p style=\"text-align: left;\">An der Hochschule Karlsruhe absolvierte er ein Master-Studium in International Management mit Schwerpunkt Online Business und ver\u00f6ffentlichte ein Fachbuch zum Thema technische Suchmaschinenoptimierung.<\/p>\n<p style=\"text-align: left;\">Seit 2017 ist er Gesch\u00e4ftsf\u00fchrer der Wohnen im Alter Internet GmbH, welche Anbietern in der Pflege \u00fcber <a href=\"https:\/\/www.wohnen-im-alter.de\/\" target=\"_blank\" rel=\"noopener\">Wohnen-im-Alter.de<\/a> und <a href=\"https:\/\/www.mein-pflegejob.de\/\" target=\"_blank\" rel=\"noopener\">mein-pflegejob.de<\/a> eine Rundum-L\u00f6sung zur Gewinnung von Interessenten und Personal bietet.<\/p>\n<\/div><\/div><\/div><div class=\"fusion-layout-column fusion_builder_column_inner fusion-builder-nested-column-3 fusion_builder_column_inner_1_2 1_2 fusion-flex-column\" style=\"--awb-bg-size:cover;--awb-width-large:50%;--awb-margin-top-large:20px;--awb-spacing-right-large:3.84%;--awb-margin-bottom-large:20px;--awb-spacing-left-large:3.84%;--awb-width-medium:100%;--awb-order-medium:0;--awb-spacing-right-medium:1.92%;--awb-spacing-left-medium:1.92%;--awb-width-small:100%;--awb-order-small:0;--awb-spacing-right-small:1.92%;--awb-spacing-left-small:1.92%;\"><div class=\"fusion-column-wrapper fusion-column-has-shadow fusion-flex-justify-content-flex-start fusion-content-layout-column\"><div class=\"fusion-image-element \" style=\"text-align:center;--awb-caption-title-font-family:var(--h2_typography-font-family);--awb-caption-title-font-weight:var(--h2_typography-font-weight);--awb-caption-title-font-style:var(--h2_typography-font-style);--awb-caption-title-size:var(--h2_typography-font-size);--awb-caption-title-transform:var(--h2_typography-text-transform);--awb-caption-title-line-height:var(--h2_typography-line-height);--awb-caption-title-letter-spacing:var(--h2_typography-letter-spacing);\"><span class=\" fusion-imageframe imageframe-none imageframe-3 hover-type-none\"><img decoding=\"async\" width=\"365\" height=\"550\" alt=\"Felix Baumann\" title=\"Felix Baumann\" src=\"https:\/\/www.mein-pflegejob.de\/blog\/media\/felix-1.jpg\" data-orig-src=\"https:\/\/www.mein-pflegejob.de\/blog\/media\/felix-1.jpg\" class=\"lazyload img-responsive wp-image-5052\" srcset=\"data:image\/svg+xml,%3Csvg%20xmlns%3D%27http%3A%2F%2Fwww.w3.org%2F2000%2Fsvg%27%20width%3D%27365%27%20height%3D%27550%27%20viewBox%3D%270%200%20365%20550%27%3E%3Crect%20width%3D%27365%27%20height%3D%27550%27%20fill-opacity%3D%220%22%2F%3E%3C%2Fsvg%3E\" data-srcset=\"https:\/\/www.mein-pflegejob.de\/blog\/media\/felix-1-200x301.jpg 200w, https:\/\/www.mein-pflegejob.de\/blog\/media\/felix-1.jpg 365w\" data-sizes=\"auto\" data-orig-sizes=\"(max-width: 1024px) 100vw, (max-width: 640px) 100vw, 365px\" \/><\/span><\/div><\/div><\/div><\/div><div class=\"fusion-separator\" style=\"align-self: center;margin-left: auto;margin-right: auto;margin-top:20px;margin-bottom:20px;width:100%;max-width:500px;\"><\/div><\/div><\/div><div class=\"fusion-layout-column fusion_builder_column fusion-builder-column-8 fusion_builder_column_1_6 1_6 fusion-flex-column\" style=\"--awb-bg-size:cover;--awb-width-large:16.666666666667%;--awb-margin-top-large:20px;--awb-spacing-right-large:11.52%;--awb-margin-bottom-large:20px;--awb-spacing-left-large:11.52%;--awb-width-medium:100%;--awb-order-medium:0;--awb-spacing-right-medium:1.92%;--awb-spacing-left-medium:1.92%;--awb-width-small:100%;--awb-order-small:0;--awb-spacing-right-small:1.92%;--awb-spacing-left-small:1.92%;\"><div class=\"fusion-column-wrapper fusion-column-has-shadow fusion-flex-justify-content-flex-start fusion-content-layout-column\"><\/div><\/div><div class=\"fusion-layout-column fusion_builder_column fusion-builder-column-9 fusion_builder_column_2_3 2_3 fusion-flex-column\" style=\"--awb-bg-size:cover;--awb-width-large:66.666666666667%;--awb-margin-top-large:20px;--awb-spacing-right-large:2.88%;--awb-margin-bottom-large:20px;--awb-spacing-left-large:2.88%;--awb-width-medium:100%;--awb-order-medium:0;--awb-spacing-right-medium:1.92%;--awb-spacing-left-medium:1.92%;--awb-width-small:100%;--awb-order-small:0;--awb-spacing-right-small:1.92%;--awb-spacing-left-small:1.92%;\"><div class=\"fusion-column-wrapper fusion-column-has-shadow fusion-flex-justify-content-flex-start fusion-content-layout-column\"><div style=\"text-align:center;\"><a class=\"fusion-button button-flat fusion-button-default-size button-default fusion-button-default button-2 fusion-button-default-span fusion-button-default-type\" target=\"_self\" href=\"https:\/\/register.gotowebinar.com\/register\/385070276457490192\"><span class=\"fusion-button-text\">Jetzt zum kostenlosen Webinar anmelden<\/span><\/a><\/div><div class=\"fusion-separator fusion-full-width-sep\" style=\"align-self: center;margin-left: auto;margin-right: auto;margin-top:20px;margin-bottom:20px;width:100%;\"><\/div><\/div><\/div><div class=\"fusion-layout-column fusion_builder_column fusion-builder-column-10 fusion_builder_column_1_6 1_6 fusion-flex-column\" style=\"--awb-bg-size:cover;--awb-width-large:16.666666666667%;--awb-margin-top-large:20px;--awb-spacing-right-large:11.52%;--awb-margin-bottom-large:20px;--awb-spacing-left-large:11.52%;--awb-width-medium:100%;--awb-order-medium:0;--awb-spacing-right-medium:1.92%;--awb-spacing-left-medium:1.92%;--awb-width-small:100%;--awb-order-small:0;--awb-spacing-right-small:1.92%;--awb-spacing-left-small:1.92%;\"><div class=\"fusion-column-wrapper fusion-column-has-shadow fusion-flex-justify-content-flex-start fusion-content-layout-column\"><\/div><\/div><\/div><\/div><\/p>\n","protected":false},"excerpt":{"rendered":"","protected":false},"author":7,"featured_media":5026,"comment_status":"open","ping_status":"closed","sticky":false,"template":"","format":"standard","meta":{"footnotes":""},"categories":[21],"tags":[],"yoast_head":"<!-- This site is optimized with the Yoast SEO plugin v23.4 - https:\/\/yoast.com\/wordpress\/plugins\/seo\/ -->\n<title>Online-Seminar: Facebook versus Google - Magazin Mein Pflegejob<\/title>\n<meta name=\"robots\" content=\"index, follow, max-snippet:-1, max-image-preview:large, max-video-preview:-1\" \/>\n<link rel=\"canonical\" href=\"https:\/\/www.mein-pflegejob.de\/blog\/online-seminar-facebook-versus-google\/\" \/>\n<meta property=\"og:locale\" content=\"de_DE\" \/>\n<meta property=\"og:type\" content=\"article\" \/>\n<meta property=\"og:title\" content=\"Online-Seminar: Facebook versus Google - Magazin Mein Pflegejob\" \/>\n<meta property=\"og:url\" content=\"https:\/\/www.mein-pflegejob.de\/blog\/online-seminar-facebook-versus-google\/\" \/>\n<meta property=\"og:site_name\" content=\"Magazin Mein Pflegejob\" \/>\n<meta property=\"article:publisher\" content=\"https:\/\/www.facebook.com\/meinpflegejob.meintraumjob\/\" \/>\n<meta property=\"article:published_time\" content=\"2021-05-03T09:29:51+00:00\" \/>\n<meta property=\"article:modified_time\" content=\"2022-07-21T07:54:38+00:00\" \/>\n<meta property=\"og:image\" content=\"https:\/\/www.mein-pflegejob.de\/blog\/media\/felix-COLLAGE.jpg\" \/>\n\t<meta property=\"og:image:width\" content=\"575\" \/>\n\t<meta property=\"og:image:height\" content=\"431\" \/>\n\t<meta property=\"og:image:type\" content=\"image\/jpeg\" \/>\n<meta name=\"author\" content=\"Sonja\" \/>\n<meta name=\"twitter:card\" content=\"summary_large_image\" \/>\n<meta name=\"twitter:creator\" content=\"@mein_pflegejob\" \/>\n<meta name=\"twitter:site\" content=\"@mein_pflegejob\" \/>\n<script type=\"application\/ld+json\" class=\"yoast-schema-graph\">{\"@context\":\"https:\/\/schema.org\",\"@graph\":[{\"@type\":\"Article\",\"@id\":\"https:\/\/www.mein-pflegejob.de\/blog\/online-seminar-facebook-versus-google\/#article\",\"isPartOf\":{\"@id\":\"https:\/\/www.mein-pflegejob.de\/blog\/online-seminar-facebook-versus-google\/\"},\"author\":{\"name\":\"Sonja\",\"@id\":\"https:\/\/www.mein-pflegejob.de\/blog\/#\/schema\/person\/c744cb17a54d729741643e7346ad31cc\"},\"headline\":\"Online-Seminar: Facebook versus Google\",\"datePublished\":\"2021-05-03T09:29:51+00:00\",\"dateModified\":\"2022-07-21T07:54:38+00:00\",\"mainEntityOfPage\":{\"@id\":\"https:\/\/www.mein-pflegejob.de\/blog\/online-seminar-facebook-versus-google\/\"},\"wordCount\":5726,\"commentCount\":0,\"publisher\":{\"@id\":\"https:\/\/www.mein-pflegejob.de\/blog\/#organization\"},\"image\":{\"@id\":\"https:\/\/www.mein-pflegejob.de\/blog\/online-seminar-facebook-versus-google\/#primaryimage\"},\"thumbnailUrl\":\"https:\/\/www.mein-pflegejob.de\/blog\/media\/felix-COLLAGE.jpg\",\"articleSection\":[\"Pflegeanbieter\"],\"inLanguage\":\"de\",\"potentialAction\":[{\"@type\":\"CommentAction\",\"name\":\"Comment\",\"target\":[\"https:\/\/www.mein-pflegejob.de\/blog\/online-seminar-facebook-versus-google\/#respond\"]}]},{\"@type\":\"WebPage\",\"@id\":\"https:\/\/www.mein-pflegejob.de\/blog\/online-seminar-facebook-versus-google\/\",\"url\":\"https:\/\/www.mein-pflegejob.de\/blog\/online-seminar-facebook-versus-google\/\",\"name\":\"Online-Seminar: Facebook versus Google - Magazin Mein Pflegejob\",\"isPartOf\":{\"@id\":\"https:\/\/www.mein-pflegejob.de\/blog\/#website\"},\"primaryImageOfPage\":{\"@id\":\"https:\/\/www.mein-pflegejob.de\/blog\/online-seminar-facebook-versus-google\/#primaryimage\"},\"image\":{\"@id\":\"https:\/\/www.mein-pflegejob.de\/blog\/online-seminar-facebook-versus-google\/#primaryimage\"},\"thumbnailUrl\":\"https:\/\/www.mein-pflegejob.de\/blog\/media\/felix-COLLAGE.jpg\",\"datePublished\":\"2021-05-03T09:29:51+00:00\",\"dateModified\":\"2022-07-21T07:54:38+00:00\",\"breadcrumb\":{\"@id\":\"https:\/\/www.mein-pflegejob.de\/blog\/online-seminar-facebook-versus-google\/#breadcrumb\"},\"inLanguage\":\"de\",\"potentialAction\":[{\"@type\":\"ReadAction\",\"target\":[\"https:\/\/www.mein-pflegejob.de\/blog\/online-seminar-facebook-versus-google\/\"]}]},{\"@type\":\"ImageObject\",\"inLanguage\":\"de\",\"@id\":\"https:\/\/www.mein-pflegejob.de\/blog\/online-seminar-facebook-versus-google\/#primaryimage\",\"url\":\"https:\/\/www.mein-pflegejob.de\/blog\/media\/felix-COLLAGE.jpg\",\"contentUrl\":\"https:\/\/www.mein-pflegejob.de\/blog\/media\/felix-COLLAGE.jpg\",\"width\":575,\"height\":431,\"caption\":\"Online-Seminar mit Jan Hinnerk Roloff und Felix Baumann\"},{\"@type\":\"BreadcrumbList\",\"@id\":\"https:\/\/www.mein-pflegejob.de\/blog\/online-seminar-facebook-versus-google\/#breadcrumb\",\"itemListElement\":[{\"@type\":\"ListItem\",\"position\":1,\"name\":\"Home\",\"item\":\"https:\/\/www.mein-pflegejob.de\/blog\/\"},{\"@type\":\"ListItem\",\"position\":2,\"name\":\"Online-Seminar: Facebook versus Google\"}]},{\"@type\":\"WebSite\",\"@id\":\"https:\/\/www.mein-pflegejob.de\/blog\/#website\",\"url\":\"https:\/\/www.mein-pflegejob.de\/blog\/\",\"name\":\"Magazin Mein Pflegejob\",\"description\":\"Der Stellenmarkt f\u00fcr die Pflegebranche\",\"publisher\":{\"@id\":\"https:\/\/www.mein-pflegejob.de\/blog\/#organization\"},\"potentialAction\":[{\"@type\":\"SearchAction\",\"target\":{\"@type\":\"EntryPoint\",\"urlTemplate\":\"https:\/\/www.mein-pflegejob.de\/blog\/?s={search_term_string}\"},\"query-input\":{\"@type\":\"PropertyValueSpecification\",\"valueRequired\":true,\"valueName\":\"search_term_string\"}}],\"inLanguage\":\"de\"},{\"@type\":\"Organization\",\"@id\":\"https:\/\/www.mein-pflegejob.de\/blog\/#organization\",\"name\":\"mein-pflegejob\",\"url\":\"https:\/\/www.mein-pflegejob.de\/blog\/\",\"logo\":{\"@type\":\"ImageObject\",\"inLanguage\":\"de\",\"@id\":\"https:\/\/www.mein-pflegejob.de\/blog\/#\/schema\/logo\/image\/\",\"url\":\"https:\/\/www.mein-pflegejob.de\/blog\/media\/Logo_klein.png\",\"contentUrl\":\"https:\/\/www.mein-pflegejob.de\/blog\/media\/Logo_klein.png\",\"width\":256,\"height\":80,\"caption\":\"mein-pflegejob\"},\"image\":{\"@id\":\"https:\/\/www.mein-pflegejob.de\/blog\/#\/schema\/logo\/image\/\"},\"sameAs\":[\"https:\/\/www.facebook.com\/meinpflegejob.meintraumjob\/\",\"https:\/\/x.com\/mein_pflegejob\",\"https:\/\/www.instagram.com\/meinpflegejob\/\",\"https:\/\/www.linkedin.com\/company\/mein-pflegejob-de\/\"]},{\"@type\":\"Person\",\"@id\":\"https:\/\/www.mein-pflegejob.de\/blog\/#\/schema\/person\/c744cb17a54d729741643e7346ad31cc\",\"name\":\"Sonja\"}]}<\/script>\n<!-- \/ Yoast SEO plugin. -->","yoast_head_json":{"title":"Online-Seminar: Facebook versus Google - Magazin Mein Pflegejob","robots":{"index":"index","follow":"follow","max-snippet":"max-snippet:-1","max-image-preview":"max-image-preview:large","max-video-preview":"max-video-preview:-1"},"canonical":"https:\/\/www.mein-pflegejob.de\/blog\/online-seminar-facebook-versus-google\/","og_locale":"de_DE","og_type":"article","og_title":"Online-Seminar: Facebook versus Google - Magazin Mein Pflegejob","og_url":"https:\/\/www.mein-pflegejob.de\/blog\/online-seminar-facebook-versus-google\/","og_site_name":"Magazin Mein Pflegejob","article_publisher":"https:\/\/www.facebook.com\/meinpflegejob.meintraumjob\/","article_published_time":"2021-05-03T09:29:51+00:00","article_modified_time":"2022-07-21T07:54:38+00:00","og_image":[{"width":575,"height":431,"url":"https:\/\/www.mein-pflegejob.de\/blog\/media\/felix-COLLAGE.jpg","type":"image\/jpeg"}],"author":"Sonja","twitter_card":"summary_large_image","twitter_creator":"@mein_pflegejob","twitter_site":"@mein_pflegejob","schema":{"@context":"https:\/\/schema.org","@graph":[{"@type":"Article","@id":"https:\/\/www.mein-pflegejob.de\/blog\/online-seminar-facebook-versus-google\/#article","isPartOf":{"@id":"https:\/\/www.mein-pflegejob.de\/blog\/online-seminar-facebook-versus-google\/"},"author":{"name":"Sonja","@id":"https:\/\/www.mein-pflegejob.de\/blog\/#\/schema\/person\/c744cb17a54d729741643e7346ad31cc"},"headline":"Online-Seminar: Facebook versus Google","datePublished":"2021-05-03T09:29:51+00:00","dateModified":"2022-07-21T07:54:38+00:00","mainEntityOfPage":{"@id":"https:\/\/www.mein-pflegejob.de\/blog\/online-seminar-facebook-versus-google\/"},"wordCount":5726,"commentCount":0,"publisher":{"@id":"https:\/\/www.mein-pflegejob.de\/blog\/#organization"},"image":{"@id":"https:\/\/www.mein-pflegejob.de\/blog\/online-seminar-facebook-versus-google\/#primaryimage"},"thumbnailUrl":"https:\/\/www.mein-pflegejob.de\/blog\/media\/felix-COLLAGE.jpg","articleSection":["Pflegeanbieter"],"inLanguage":"de","potentialAction":[{"@type":"CommentAction","name":"Comment","target":["https:\/\/www.mein-pflegejob.de\/blog\/online-seminar-facebook-versus-google\/#respond"]}]},{"@type":"WebPage","@id":"https:\/\/www.mein-pflegejob.de\/blog\/online-seminar-facebook-versus-google\/","url":"https:\/\/www.mein-pflegejob.de\/blog\/online-seminar-facebook-versus-google\/","name":"Online-Seminar: Facebook versus Google - Magazin Mein Pflegejob","isPartOf":{"@id":"https:\/\/www.mein-pflegejob.de\/blog\/#website"},"primaryImageOfPage":{"@id":"https:\/\/www.mein-pflegejob.de\/blog\/online-seminar-facebook-versus-google\/#primaryimage"},"image":{"@id":"https:\/\/www.mein-pflegejob.de\/blog\/online-seminar-facebook-versus-google\/#primaryimage"},"thumbnailUrl":"https:\/\/www.mein-pflegejob.de\/blog\/media\/felix-COLLAGE.jpg","datePublished":"2021-05-03T09:29:51+00:00","dateModified":"2022-07-21T07:54:38+00:00","breadcrumb":{"@id":"https:\/\/www.mein-pflegejob.de\/blog\/online-seminar-facebook-versus-google\/#breadcrumb"},"inLanguage":"de","potentialAction":[{"@type":"ReadAction","target":["https:\/\/www.mein-pflegejob.de\/blog\/online-seminar-facebook-versus-google\/"]}]},{"@type":"ImageObject","inLanguage":"de","@id":"https:\/\/www.mein-pflegejob.de\/blog\/online-seminar-facebook-versus-google\/#primaryimage","url":"https:\/\/www.mein-pflegejob.de\/blog\/media\/felix-COLLAGE.jpg","contentUrl":"https:\/\/www.mein-pflegejob.de\/blog\/media\/felix-COLLAGE.jpg","width":575,"height":431,"caption":"Online-Seminar mit Jan Hinnerk Roloff und Felix Baumann"},{"@type":"BreadcrumbList","@id":"https:\/\/www.mein-pflegejob.de\/blog\/online-seminar-facebook-versus-google\/#breadcrumb","itemListElement":[{"@type":"ListItem","position":1,"name":"Home","item":"https:\/\/www.mein-pflegejob.de\/blog\/"},{"@type":"ListItem","position":2,"name":"Online-Seminar: Facebook versus Google"}]},{"@type":"WebSite","@id":"https:\/\/www.mein-pflegejob.de\/blog\/#website","url":"https:\/\/www.mein-pflegejob.de\/blog\/","name":"Magazin Mein Pflegejob","description":"Der Stellenmarkt f\u00fcr die Pflegebranche","publisher":{"@id":"https:\/\/www.mein-pflegejob.de\/blog\/#organization"},"potentialAction":[{"@type":"SearchAction","target":{"@type":"EntryPoint","urlTemplate":"https:\/\/www.mein-pflegejob.de\/blog\/?s={search_term_string}"},"query-input":{"@type":"PropertyValueSpecification","valueRequired":true,"valueName":"search_term_string"}}],"inLanguage":"de"},{"@type":"Organization","@id":"https:\/\/www.mein-pflegejob.de\/blog\/#organization","name":"mein-pflegejob","url":"https:\/\/www.mein-pflegejob.de\/blog\/","logo":{"@type":"ImageObject","inLanguage":"de","@id":"https:\/\/www.mein-pflegejob.de\/blog\/#\/schema\/logo\/image\/","url":"https:\/\/www.mein-pflegejob.de\/blog\/media\/Logo_klein.png","contentUrl":"https:\/\/www.mein-pflegejob.de\/blog\/media\/Logo_klein.png","width":256,"height":80,"caption":"mein-pflegejob"},"image":{"@id":"https:\/\/www.mein-pflegejob.de\/blog\/#\/schema\/logo\/image\/"},"sameAs":["https:\/\/www.facebook.com\/meinpflegejob.meintraumjob\/","https:\/\/x.com\/mein_pflegejob","https:\/\/www.instagram.com\/meinpflegejob\/","https:\/\/www.linkedin.com\/company\/mein-pflegejob-de\/"]},{"@type":"Person","@id":"https:\/\/www.mein-pflegejob.de\/blog\/#\/schema\/person\/c744cb17a54d729741643e7346ad31cc","name":"Sonja"}]}},"_links":{"self":[{"href":"https:\/\/www.mein-pflegejob.de\/blog\/wp-json\/wp\/v2\/posts\/5005"}],"collection":[{"href":"https:\/\/www.mein-pflegejob.de\/blog\/wp-json\/wp\/v2\/posts"}],"about":[{"href":"https:\/\/www.mein-pflegejob.de\/blog\/wp-json\/wp\/v2\/types\/post"}],"author":[{"embeddable":true,"href":"https:\/\/www.mein-pflegejob.de\/blog\/wp-json\/wp\/v2\/users\/7"}],"replies":[{"embeddable":true,"href":"https:\/\/www.mein-pflegejob.de\/blog\/wp-json\/wp\/v2\/comments?post=5005"}],"version-history":[{"count":43,"href":"https:\/\/www.mein-pflegejob.de\/blog\/wp-json\/wp\/v2\/posts\/5005\/revisions"}],"predecessor-version":[{"id":6513,"href":"https:\/\/www.mein-pflegejob.de\/blog\/wp-json\/wp\/v2\/posts\/5005\/revisions\/6513"}],"wp:featuredmedia":[{"embeddable":true,"href":"https:\/\/www.mein-pflegejob.de\/blog\/wp-json\/wp\/v2\/media\/5026"}],"wp:attachment":[{"href":"https:\/\/www.mein-pflegejob.de\/blog\/wp-json\/wp\/v2\/media?parent=5005"}],"wp:term":[{"taxonomy":"category","embeddable":true,"href":"https:\/\/www.mein-pflegejob.de\/blog\/wp-json\/wp\/v2\/categories?post=5005"},{"taxonomy":"post_tag","embeddable":true,"href":"https:\/\/www.mein-pflegejob.de\/blog\/wp-json\/wp\/v2\/tags?post=5005"}],"curies":[{"name":"wp","href":"https:\/\/api.w.org\/{rel}","templated":true}]}}