{"id":6126,"date":"2022-05-17T12:47:31","date_gmt":"2022-05-17T10:47:31","guid":{"rendered":"https:\/\/www.mein-pflegejob.de\/blog\/?p=6126"},"modified":"2024-06-06T10:22:26","modified_gmt":"2024-06-06T08:22:26","slug":"unbesetzte-stelle-rechenbeispiel","status":"publish","type":"post","link":"https:\/\/www.mein-pflegejob.de\/blog\/unbesetzte-stelle-rechenbeispiel\/","title":{"rendered":"So teuer ist eine unbesetzte Stelle in der Pflege &#8211; Rechenbeispiel"},"content":{"rendered":"<p><div class=\"fusion-fullwidth fullwidth-box fusion-builder-row-1 fusion-flex-container has-pattern-background has-mask-background hundred-percent-fullwidth non-hundred-percent-height-scrolling\" style=\"--awb-border-radius-top-left:0px;--awb-border-radius-top-right:0px;--awb-border-radius-bottom-right:0px;--awb-border-radius-bottom-left:0px;--awb-margin-top:-75px;--awb-flex-wrap:wrap;\" ><div class=\"fusion-builder-row fusion-row fusion-flex-align-items-flex-start fusion-flex-justify-content-center fusion-flex-content-wrap\" style=\"width:104% !important;max-width:104% !important;margin-left: calc(-4% \/ 2 );margin-right: calc(-4% \/ 2 );\"><div class=\"fusion-layout-column fusion_builder_column fusion-builder-column-0 fusion_builder_column_1_1 1_1 fusion-flex-column\" style=\"--awb-bg-size:cover;--awb-width-large:100%;--awb-margin-top-large:20px;--awb-spacing-right-large:1.92%;--awb-margin-bottom-large:20px;--awb-spacing-left-large:1.92%;--awb-width-medium:100%;--awb-order-medium:0;--awb-spacing-right-medium:1.92%;--awb-spacing-left-medium:1.92%;--awb-width-small:100%;--awb-order-small:0;--awb-spacing-right-small:1.92%;--awb-spacing-left-small:1.92%;\"><div class=\"fusion-column-wrapper fusion-column-has-shadow fusion-flex-justify-content-flex-start fusion-content-layout-column\"><div class=\"fusion-widget fusion-widget-element fusion-widget-area fusion-content-widget-area wpWidget-1 fusion-widget-align-center fusion-widget-mobile-align-center bcn_widget\" style=\"--awb-fusion-border-size:0px;--awb-fusion-border-style:solid;\"><div class=\"widget widget_breadcrumb_navxt\"><div class=\"breadcrumbs\" vocab=\"https:\/\/schema.org\/\" typeof=\"BreadcrumbList\"><!-- Breadcrumb NavXT 7.4.1 -->\n<span property=\"itemListElement\" typeof=\"ListItem\">\r\n<a property=\"item\" typeof=\"WebPage\" title=\"Gehe zur Startseite.\" href=\"https:\/\/www.mein-pflegejob.de\/blog\/\" class=\"home\" aria-current=\"page\"><span property=\"name\">Startseite<\/span><\/a>\r\n<meta property=\"position\" content=\"1\"><\/span><\/div><\/div><\/div><\/div><\/div><div class=\"fusion-layout-column fusion_builder_column fusion-builder-column-1 fusion_builder_column_2_3 2_3 fusion-flex-column\" style=\"--awb-bg-blend:overlay;--awb-bg-size:cover;--awb-width-large:66.666666666667%;--awb-margin-top-large:20px;--awb-spacing-right-large:2.88%;--awb-margin-bottom-large:20px;--awb-spacing-left-large:2.88%;--awb-width-medium:100%;--awb-spacing-right-medium:1.92%;--awb-spacing-left-medium:1.92%;--awb-width-small:100%;--awb-spacing-right-small:1.92%;--awb-spacing-left-small:1.92%;\"><div class=\"fusion-column-wrapper fusion-column-has-shadow fusion-flex-justify-content-flex-start fusion-content-layout-column\"><div class=\"fusion-text fusion-text-1\"><p style=\"text-align: left;\">Haben Sie schon einmal ausgerechnet, wie viel eine unbesetzte Pflegestelle in Ihrer Pflegeeinrichtung kostet (Vakanzkosten|Cost of Vacancy = CoV)?<\/p>\n<p style=\"text-align: left;\">Anhand einer einfachen Formel l\u00e4sst sich berechnen, wie viel Geld Pflegeeinrichtungen durch nicht besetzte Stellen tats\u00e4chlich verlieren:<\/p>\n<\/div><div class=\"fusion-separator fusion-full-width-sep\" style=\"align-self: center;margin-left: auto;margin-right: auto;margin-top:20px;margin-bottom:20px;width:100%;\"><\/div><div class=\"fusion-content-boxes content-boxes columns row fusion-columns-1 fusion-columns-total-1 fusion-content-boxes-1 content-boxes-icon-boxed content-left\" style=\"--awb-body-color:#6034b2;--awb-hover-accent-color:#e9a825;--awb-circle-hover-accent-color:#e9a825;--awb-item-margin-bottom:40px;\" data-animationOffset=\"top-into-view\"><div style=\"--awb-backgroundcolor:#e3e3e3;\" class=\"fusion-column content-box-column content-box-column content-box-column-1 col-lg-12 col-md-12 col-sm-12 fusion-content-box-hover content-box-column-last content-box-column-last-in-row\"><div class=\"col content-box-wrapper content-wrapper-background content-wrapper-boxed link-area-link-icon icon-hover-animation-fade\" data-animationOffset=\"top-into-view\"><div class=\"fusion-clearfix\"><\/div><div class=\"content-container\">\n<p style=\"text-align: center;\"><strong>Jahresgehalt \u00f7 \u00d8 Arbeitstage x Faktor x \u00d8 Recruitingzeit = CoV <\/strong><\/p>\n<\/div><\/div><\/div><div class=\"fusion-clearfix\"><\/div><\/div><div class=\"fusion-text fusion-text-2\"><p style=\"text-align: left;\">Hierzu teilt (\u00f7) man das Jahresgehalt der jeweiligen Position mit der Anzahl der Arbeitstage im Jahr. Anschlie\u00dfend multipliziert (x) man das Ergebnis mit der Anzahl an Tagen, die es durchschnittlich dauert, die offene Stelle zu besetzen (Recruitingzeit) und mit einem Faktor, welcher die Wichtigkeit des Mitarbeiters angibt:<br \/>\n<strong>Faktor: 1 = notwendig 2 = wichtig 3 = sehr wichtig<\/strong><\/p>\n<\/div><div class=\"fusion-separator fusion-full-width-sep\" style=\"align-self: center;margin-left: auto;margin-right: auto;margin-top:20px;margin-bottom:20px;width:100%;\"><\/div><div style=\"text-align:center;\"><a class=\"fusion-button button-flat fusion-button-default-size button-default fusion-button-default button-1 fusion-button-default-span fusion-button-default-type\" target=\"_self\" href=\"https:\/\/www.mein-pflegejob.de\/blog\/media\/Unbesetzte-Stelle-Rechenformel.xltx\"><span class=\"fusion-button-text\">Rechenvorlage herunterladen<\/span><\/a><\/div><div class=\"fusion-separator fusion-full-width-sep\" style=\"align-self: center;margin-left: auto;margin-right: auto;margin-top:20px;margin-bottom:20px;width:100%;\"><\/div><\/div><\/div><\/div><\/div><div class=\"fusion-fullwidth fullwidth-box fusion-builder-row-2 fusion-flex-container has-pattern-background has-mask-background hundred-percent-fullwidth non-hundred-percent-height-scrolling\" style=\"--awb-border-radius-top-left:0px;--awb-border-radius-top-right:0px;--awb-border-radius-bottom-right:0px;--awb-border-radius-bottom-left:0px;--awb-flex-wrap:wrap;\" ><div class=\"fusion-builder-row fusion-row fusion-flex-align-items-flex-start fusion-flex-justify-content-center fusion-flex-content-wrap\" style=\"width:104% !important;max-width:104% !important;margin-left: calc(-4% \/ 2 );margin-right: calc(-4% \/ 2 );\"><div class=\"fusion-layout-column fusion_builder_column fusion-builder-column-2 fusion_builder_column_2_3 2_3 fusion-flex-column\" style=\"--awb-bg-blend:overlay;--awb-bg-size:cover;--awb-width-large:66.666666666667%;--awb-margin-top-large:20px;--awb-spacing-right-large:2.88%;--awb-margin-bottom-large:20px;--awb-spacing-left-large:2.88%;--awb-width-medium:100%;--awb-spacing-right-medium:1.92%;--awb-spacing-left-medium:1.92%;--awb-width-small:100%;--awb-spacing-right-small:1.92%;--awb-spacing-left-small:1.92%;\"><div class=\"fusion-column-wrapper fusion-column-has-shadow fusion-flex-justify-content-flex-start fusion-content-layout-column\"><div class=\"fusion-separator fusion-full-width-sep\" style=\"align-self: center;margin-left: auto;margin-right: auto;width:100%;\"><div class=\"fusion-separator-border sep-single sep-solid\" style=\"--awb-height:20px;--awb-amount:20px;border-color:#d1d1d1;border-top-width:1px;\"><\/div><\/div><div class=\"fusion-title title fusion-title-1 fusion-sep-none fusion-title-text fusion-title-size-one\"><h1 class=\"fusion-title-heading title-heading-left fusion-responsive-typography-calculated\" style=\"margin:0;--fontSize:46;line-height:1.2;\"><h2 style=\"text-align: left;\">Rechenbeispiel f\u00fcr eine offene Stelle als examinierte Pflegefachkraft<\/h2>\n<h4 style=\"text-align: left;\">Die gegebenen Ausgangspunkte:<\/h4><\/h1><\/div><ul style=\"--awb-line-height:30.6px;--awb-icon-width:30.6px;--awb-icon-height:30.6px;--awb-icon-margin:12.6px;--awb-content-margin:43.2px;--awb-circlecolor:#ffbd00;--awb-circle-yes-font-size:15.84px;\" class=\"fusion-checklist fusion-checklist-1 fusion-checklist-default type-icons\"><li class=\"fusion-li-item\" style=\"\"><span class=\"icon-wrapper circle-yes\"><i class=\"fusion-li-icon icon-mpjbonus\" aria-hidden=\"true\"><\/i><\/span><div class=\"fusion-li-item-content\">\n<p>36.000 Euro Jahresgehalt<\/p>\n<\/div><\/li><li class=\"fusion-li-item\" style=\"\"><span class=\"icon-wrapper circle-yes\"><i class=\"fusion-li-icon icon-mpjcalendar\" aria-hidden=\"true\"><\/i><\/span><div class=\"fusion-li-item-content\">\n<p>Jahresarbeitstage 250<\/p>\n<\/div><\/li><li class=\"fusion-li-item\" style=\"\"><span class=\"icon-wrapper circle-yes\"><i class=\"fusion-li-icon icon-mpjholiday\" aria-hidden=\"true\"><\/i><\/span><div class=\"fusion-li-item-content\">\n<p>Vakanzzeit in der Altenpflege betr\u00e4gt laut <a href=\"https:\/\/www.wohnen-im-alter.de\/files-10333\/Bundesagentur-fuer-Arbeit%3A-Brancheninformation-Pflegewirtschaft.pdf\" target=\"_blank\" rel=\"noopener\">Bundesagentur f\u00fcr Arbeit<\/a> 223 Tage<\/p>\n<\/div><\/li><li class=\"fusion-li-item\" style=\"\"><span class=\"icon-wrapper circle-yes\"><i class=\"fusion-li-icon icon-mpjfilter\" aria-hidden=\"true\"><\/i><\/span><div class=\"fusion-li-item-content\">\n<p>Da examinierte Pflegekr\u00e4fte f\u00fcr Pflegeeinrichtungen sehr wichtig sind, am Arbeitsmarkt aber rar, wird zur Multiplikation der Faktor 3 verwendet<\/p>\n<\/div><\/li><\/ul><div class=\"fusion-separator fusion-full-width-sep\" style=\"align-self: center;margin-left: auto;margin-right: auto;margin-top:20px;margin-bottom:20px;width:100%;\"><\/div><div class=\"fusion-separator fusion-full-width-sep\" style=\"align-self: center;margin-left: auto;margin-right: auto;width:100%;\"><div class=\"fusion-separator-border sep-single sep-solid\" style=\"--awb-height:20px;--awb-amount:20px;border-color:#d1d1d1;border-top-width:1px;\"><\/div><\/div><div class=\"fusion-separator fusion-full-width-sep\" style=\"align-self: center;margin-left: auto;margin-right: auto;margin-top:20px;margin-bottom:20px;width:100%;\"><\/div><div class=\"fusion-text fusion-text-3\"><h4 style=\"text-align: left;\">Die Rechnung:<\/h4>\n<p style=\"text-align: left;\">\u2714\ufe0f 36.000 Euro Jahresgehalt\/250 Arbeitstage = 144 Euro Verdienst pro Tag<br \/>\n\u2714\ufe0f144 Euro\/Tag * Faktor 3 = 432 Euro\/Tag<br \/>\n\u2714\ufe0f432 Euro\/Tag * 223 Tage Vakanzzeit = <strong>96.336 Euro Cost of Vacancy<\/strong><\/p>\n<\/div><div class=\"fusion-separator fusion-full-width-sep\" style=\"align-self: center;margin-left: auto;margin-right: auto;margin-top:20px;margin-bottom:20px;width:100%;\"><\/div><div class=\"fusion-content-boxes content-boxes columns row fusion-columns-1 fusion-columns-total-1 fusion-content-boxes-2 content-boxes-icon-boxed content-left\" style=\"--awb-body-color:#6034b2;--awb-hover-accent-color:#e9a825;--awb-circle-hover-accent-color:#e9a825;--awb-item-margin-bottom:40px;\" data-animationOffset=\"top-into-view\"><div style=\"--awb-backgroundcolor:#e3e3e3;\" class=\"fusion-column content-box-column content-box-column content-box-column-1 col-lg-12 col-md-12 col-sm-12 fusion-content-box-hover content-box-column-last content-box-column-last-in-row\"><div class=\"col content-box-wrapper content-wrapper-background content-wrapper-boxed link-area-link-icon icon-hover-animation-fade\" data-animationOffset=\"top-into-view\"><div class=\"fusion-clearfix\"><\/div><div class=\"content-container\">\n<p style=\"text-align: center;\"><strong>Demnach kostet eine offene Stelle im Pflegebereich 96.336 Euro im Jahr bzw. 8.028 Euro im Monat<\/strong>.<\/p>\n<\/div><\/div><\/div><div class=\"fusion-clearfix\"><\/div><\/div><div class=\"fusion-text fusion-text-4\"><p style=\"text-align: left;\">Fast das Dreifache, was eine examinierte Pflegekraft in diesem Zeitraum verdienen w\u00fcrde. Daher bedeuten unbesetzte Stellen f\u00fcr Pflegeeinrichtungen immense Umsatzeinbu\u00dfen.<\/p>\n<p style=\"text-align: left;\">Deshalb warten Sie nicht l\u00e4nger und unternehmen Sie ALLES um Ihre freien Pflegestellen zu besetzten. Stoppen Sie Ihre Umsatzeinbu\u00dfen mit <a href=\"https:\/\/www.mein-pflegejob.de\/\" target=\"_blank\" rel=\"noopener\">mein-pflegejob.de<\/a> &#8211; der einzigen digitalen L\u00f6sung, die f\u00fcr jeden Job in der Pflegebranche und auch im Pflegenotstand eine 100 % Bewerbungsgarantie bietet.<\/p>\n<\/div><div class=\"fusion-separator fusion-full-width-sep\" style=\"align-self: center;margin-left: auto;margin-right: auto;margin-top:20px;margin-bottom:20px;width:100%;\"><\/div><div style=\"text-align:center;\"><a class=\"fusion-button button-flat fusion-button-default-size button-default fusion-button-default button-2 fusion-button-default-span fusion-button-default-type\" target=\"_self\" href=\"https:\/\/www.mein-pflegejob.de\/pflegerecruiting\"><span class=\"fusion-button-text\">Mehr erfahren<\/span><\/a><\/div><\/div><\/div><\/div><\/div><\/p>\n","protected":false},"excerpt":{"rendered":"","protected":false},"author":7,"featured_media":6170,"comment_status":"closed","ping_status":"closed","sticky":false,"template":"","format":"standard","meta":{"footnotes":""},"categories":[21],"tags":[],"yoast_head":"<!-- This site is optimized with the Yoast SEO plugin v23.4 - https:\/\/yoast.com\/wordpress\/plugins\/seo\/ -->\n<title>So teuer ist eine unbesetzte Stelle in der Pflege - Rechenbeispiel - Magazin Mein Pflegejob<\/title>\n<meta name=\"description\" content=\"Haben Sie schon einmal ausgerechnet, wie viel eine unbesetzte Pflegestelle in Ihrer Pflegeeinrichtung kostet?\" \/>\n<meta name=\"robots\" content=\"index, follow, max-snippet:-1, max-image-preview:large, max-video-preview:-1\" \/>\n<link rel=\"canonical\" href=\"https:\/\/www.mein-pflegejob.de\/blog\/unbesetzte-stelle-rechenbeispiel\/\" \/>\n<meta property=\"og:locale\" content=\"de_DE\" \/>\n<meta property=\"og:type\" content=\"article\" \/>\n<meta property=\"og:title\" content=\"So teuer ist eine unbesetzte Stelle in der Pflege - Rechenbeispiel - Magazin Mein Pflegejob\" \/>\n<meta property=\"og:description\" content=\"Haben Sie schon einmal ausgerechnet, wie viel eine unbesetzte Pflegestelle in Ihrer Pflegeeinrichtung kostet?\" \/>\n<meta property=\"og:url\" content=\"https:\/\/www.mein-pflegejob.de\/blog\/unbesetzte-stelle-rechenbeispiel\/\" \/>\n<meta property=\"og:site_name\" content=\"Magazin Mein Pflegejob\" \/>\n<meta property=\"article:publisher\" content=\"https:\/\/www.facebook.com\/meinpflegejob.meintraumjob\/\" \/>\n<meta property=\"article:published_time\" content=\"2022-05-17T10:47:31+00:00\" \/>\n<meta property=\"article:modified_time\" content=\"2024-06-06T08:22:26+00:00\" \/>\n<meta property=\"og:image\" content=\"https:\/\/www.mein-pflegejob.de\/blog\/media\/pexels-karolina-grabowska-5412432-1-scaled.jpg\" \/>\n\t<meta property=\"og:image:width\" content=\"1280\" \/>\n\t<meta property=\"og:image:height\" content=\"1920\" \/>\n\t<meta property=\"og:image:type\" content=\"image\/jpeg\" \/>\n<meta name=\"author\" content=\"Sonja\" \/>\n<meta name=\"twitter:card\" content=\"summary_large_image\" \/>\n<meta name=\"twitter:creator\" content=\"@mein_pflegejob\" \/>\n<meta name=\"twitter:site\" content=\"@mein_pflegejob\" \/>\n<script type=\"application\/ld+json\" class=\"yoast-schema-graph\">{\"@context\":\"https:\/\/schema.org\",\"@graph\":[{\"@type\":\"Article\",\"@id\":\"https:\/\/www.mein-pflegejob.de\/blog\/unbesetzte-stelle-rechenbeispiel\/#article\",\"isPartOf\":{\"@id\":\"https:\/\/www.mein-pflegejob.de\/blog\/unbesetzte-stelle-rechenbeispiel\/\"},\"author\":{\"name\":\"Sonja\",\"@id\":\"https:\/\/www.mein-pflegejob.de\/blog\/#\/schema\/person\/c744cb17a54d729741643e7346ad31cc\"},\"headline\":\"So teuer ist eine unbesetzte Stelle in der Pflege &#8211; Rechenbeispiel\",\"datePublished\":\"2022-05-17T10:47:31+00:00\",\"dateModified\":\"2024-06-06T08:22:26+00:00\",\"mainEntityOfPage\":{\"@id\":\"https:\/\/www.mein-pflegejob.de\/blog\/unbesetzte-stelle-rechenbeispiel\/\"},\"wordCount\":2258,\"publisher\":{\"@id\":\"https:\/\/www.mein-pflegejob.de\/blog\/#organization\"},\"image\":{\"@id\":\"https:\/\/www.mein-pflegejob.de\/blog\/unbesetzte-stelle-rechenbeispiel\/#primaryimage\"},\"thumbnailUrl\":\"https:\/\/www.mein-pflegejob.de\/blog\/media\/pexels-karolina-grabowska-5412432-1-scaled.jpg\",\"articleSection\":[\"Pflegeanbieter\"],\"inLanguage\":\"de\"},{\"@type\":\"WebPage\",\"@id\":\"https:\/\/www.mein-pflegejob.de\/blog\/unbesetzte-stelle-rechenbeispiel\/\",\"url\":\"https:\/\/www.mein-pflegejob.de\/blog\/unbesetzte-stelle-rechenbeispiel\/\",\"name\":\"So teuer ist eine unbesetzte Stelle in der Pflege - Rechenbeispiel - Magazin Mein Pflegejob\",\"isPartOf\":{\"@id\":\"https:\/\/www.mein-pflegejob.de\/blog\/#website\"},\"primaryImageOfPage\":{\"@id\":\"https:\/\/www.mein-pflegejob.de\/blog\/unbesetzte-stelle-rechenbeispiel\/#primaryimage\"},\"image\":{\"@id\":\"https:\/\/www.mein-pflegejob.de\/blog\/unbesetzte-stelle-rechenbeispiel\/#primaryimage\"},\"thumbnailUrl\":\"https:\/\/www.mein-pflegejob.de\/blog\/media\/pexels-karolina-grabowska-5412432-1-scaled.jpg\",\"datePublished\":\"2022-05-17T10:47:31+00:00\",\"dateModified\":\"2024-06-06T08:22:26+00:00\",\"description\":\"Haben Sie schon einmal ausgerechnet, wie viel eine unbesetzte Pflegestelle in Ihrer Pflegeeinrichtung kostet?\",\"breadcrumb\":{\"@id\":\"https:\/\/www.mein-pflegejob.de\/blog\/unbesetzte-stelle-rechenbeispiel\/#breadcrumb\"},\"inLanguage\":\"de\",\"potentialAction\":[{\"@type\":\"ReadAction\",\"target\":[\"https:\/\/www.mein-pflegejob.de\/blog\/unbesetzte-stelle-rechenbeispiel\/\"]}]},{\"@type\":\"ImageObject\",\"inLanguage\":\"de\",\"@id\":\"https:\/\/www.mein-pflegejob.de\/blog\/unbesetzte-stelle-rechenbeispiel\/#primaryimage\",\"url\":\"https:\/\/www.mein-pflegejob.de\/blog\/media\/pexels-karolina-grabowska-5412432-1-scaled.jpg\",\"contentUrl\":\"https:\/\/www.mein-pflegejob.de\/blog\/media\/pexels-karolina-grabowska-5412432-1-scaled.jpg\",\"width\":1280,\"height\":1920,\"caption\":\"Unbesetzte Stelle - Rechenformel | Quelle: Karolina Grabowska - Pexels\"},{\"@type\":\"BreadcrumbList\",\"@id\":\"https:\/\/www.mein-pflegejob.de\/blog\/unbesetzte-stelle-rechenbeispiel\/#breadcrumb\",\"itemListElement\":[{\"@type\":\"ListItem\",\"position\":1,\"name\":\"Home\",\"item\":\"https:\/\/www.mein-pflegejob.de\/blog\/\"},{\"@type\":\"ListItem\",\"position\":2,\"name\":\"So teuer ist eine unbesetzte Stelle in der Pflege &#8211; Rechenbeispiel\"}]},{\"@type\":\"WebSite\",\"@id\":\"https:\/\/www.mein-pflegejob.de\/blog\/#website\",\"url\":\"https:\/\/www.mein-pflegejob.de\/blog\/\",\"name\":\"Magazin Mein Pflegejob\",\"description\":\"Der Stellenmarkt f\u00fcr die Pflegebranche\",\"publisher\":{\"@id\":\"https:\/\/www.mein-pflegejob.de\/blog\/#organization\"},\"potentialAction\":[{\"@type\":\"SearchAction\",\"target\":{\"@type\":\"EntryPoint\",\"urlTemplate\":\"https:\/\/www.mein-pflegejob.de\/blog\/?s={search_term_string}\"},\"query-input\":{\"@type\":\"PropertyValueSpecification\",\"valueRequired\":true,\"valueName\":\"search_term_string\"}}],\"inLanguage\":\"de\"},{\"@type\":\"Organization\",\"@id\":\"https:\/\/www.mein-pflegejob.de\/blog\/#organization\",\"name\":\"mein-pflegejob\",\"url\":\"https:\/\/www.mein-pflegejob.de\/blog\/\",\"logo\":{\"@type\":\"ImageObject\",\"inLanguage\":\"de\",\"@id\":\"https:\/\/www.mein-pflegejob.de\/blog\/#\/schema\/logo\/image\/\",\"url\":\"https:\/\/www.mein-pflegejob.de\/blog\/media\/Logo_klein.png\",\"contentUrl\":\"https:\/\/www.mein-pflegejob.de\/blog\/media\/Logo_klein.png\",\"width\":256,\"height\":80,\"caption\":\"mein-pflegejob\"},\"image\":{\"@id\":\"https:\/\/www.mein-pflegejob.de\/blog\/#\/schema\/logo\/image\/\"},\"sameAs\":[\"https:\/\/www.facebook.com\/meinpflegejob.meintraumjob\/\",\"https:\/\/x.com\/mein_pflegejob\",\"https:\/\/www.instagram.com\/meinpflegejob\/\",\"https:\/\/www.linkedin.com\/company\/mein-pflegejob-de\/\"]},{\"@type\":\"Person\",\"@id\":\"https:\/\/www.mein-pflegejob.de\/blog\/#\/schema\/person\/c744cb17a54d729741643e7346ad31cc\",\"name\":\"Sonja\"}]}<\/script>\n<!-- \/ Yoast SEO plugin. -->","yoast_head_json":{"title":"So teuer ist eine unbesetzte Stelle in der Pflege - Rechenbeispiel - Magazin Mein Pflegejob","description":"Haben Sie schon einmal ausgerechnet, wie viel eine unbesetzte Pflegestelle in Ihrer Pflegeeinrichtung kostet?","robots":{"index":"index","follow":"follow","max-snippet":"max-snippet:-1","max-image-preview":"max-image-preview:large","max-video-preview":"max-video-preview:-1"},"canonical":"https:\/\/www.mein-pflegejob.de\/blog\/unbesetzte-stelle-rechenbeispiel\/","og_locale":"de_DE","og_type":"article","og_title":"So teuer ist eine unbesetzte Stelle in der Pflege - Rechenbeispiel - Magazin Mein Pflegejob","og_description":"Haben Sie schon einmal ausgerechnet, wie viel eine unbesetzte Pflegestelle in Ihrer Pflegeeinrichtung kostet?","og_url":"https:\/\/www.mein-pflegejob.de\/blog\/unbesetzte-stelle-rechenbeispiel\/","og_site_name":"Magazin Mein Pflegejob","article_publisher":"https:\/\/www.facebook.com\/meinpflegejob.meintraumjob\/","article_published_time":"2022-05-17T10:47:31+00:00","article_modified_time":"2024-06-06T08:22:26+00:00","og_image":[{"width":1280,"height":1920,"url":"https:\/\/www.mein-pflegejob.de\/blog\/media\/pexels-karolina-grabowska-5412432-1-scaled.jpg","type":"image\/jpeg"}],"author":"Sonja","twitter_card":"summary_large_image","twitter_creator":"@mein_pflegejob","twitter_site":"@mein_pflegejob","schema":{"@context":"https:\/\/schema.org","@graph":[{"@type":"Article","@id":"https:\/\/www.mein-pflegejob.de\/blog\/unbesetzte-stelle-rechenbeispiel\/#article","isPartOf":{"@id":"https:\/\/www.mein-pflegejob.de\/blog\/unbesetzte-stelle-rechenbeispiel\/"},"author":{"name":"Sonja","@id":"https:\/\/www.mein-pflegejob.de\/blog\/#\/schema\/person\/c744cb17a54d729741643e7346ad31cc"},"headline":"So teuer ist eine unbesetzte Stelle in der Pflege &#8211; Rechenbeispiel","datePublished":"2022-05-17T10:47:31+00:00","dateModified":"2024-06-06T08:22:26+00:00","mainEntityOfPage":{"@id":"https:\/\/www.mein-pflegejob.de\/blog\/unbesetzte-stelle-rechenbeispiel\/"},"wordCount":2258,"publisher":{"@id":"https:\/\/www.mein-pflegejob.de\/blog\/#organization"},"image":{"@id":"https:\/\/www.mein-pflegejob.de\/blog\/unbesetzte-stelle-rechenbeispiel\/#primaryimage"},"thumbnailUrl":"https:\/\/www.mein-pflegejob.de\/blog\/media\/pexels-karolina-grabowska-5412432-1-scaled.jpg","articleSection":["Pflegeanbieter"],"inLanguage":"de"},{"@type":"WebPage","@id":"https:\/\/www.mein-pflegejob.de\/blog\/unbesetzte-stelle-rechenbeispiel\/","url":"https:\/\/www.mein-pflegejob.de\/blog\/unbesetzte-stelle-rechenbeispiel\/","name":"So teuer ist eine unbesetzte Stelle in der Pflege - Rechenbeispiel - Magazin Mein Pflegejob","isPartOf":{"@id":"https:\/\/www.mein-pflegejob.de\/blog\/#website"},"primaryImageOfPage":{"@id":"https:\/\/www.mein-pflegejob.de\/blog\/unbesetzte-stelle-rechenbeispiel\/#primaryimage"},"image":{"@id":"https:\/\/www.mein-pflegejob.de\/blog\/unbesetzte-stelle-rechenbeispiel\/#primaryimage"},"thumbnailUrl":"https:\/\/www.mein-pflegejob.de\/blog\/media\/pexels-karolina-grabowska-5412432-1-scaled.jpg","datePublished":"2022-05-17T10:47:31+00:00","dateModified":"2024-06-06T08:22:26+00:00","description":"Haben Sie schon einmal ausgerechnet, wie viel eine unbesetzte Pflegestelle in Ihrer Pflegeeinrichtung kostet?","breadcrumb":{"@id":"https:\/\/www.mein-pflegejob.de\/blog\/unbesetzte-stelle-rechenbeispiel\/#breadcrumb"},"inLanguage":"de","potentialAction":[{"@type":"ReadAction","target":["https:\/\/www.mein-pflegejob.de\/blog\/unbesetzte-stelle-rechenbeispiel\/"]}]},{"@type":"ImageObject","inLanguage":"de","@id":"https:\/\/www.mein-pflegejob.de\/blog\/unbesetzte-stelle-rechenbeispiel\/#primaryimage","url":"https:\/\/www.mein-pflegejob.de\/blog\/media\/pexels-karolina-grabowska-5412432-1-scaled.jpg","contentUrl":"https:\/\/www.mein-pflegejob.de\/blog\/media\/pexels-karolina-grabowska-5412432-1-scaled.jpg","width":1280,"height":1920,"caption":"Unbesetzte Stelle - Rechenformel | Quelle: Karolina Grabowska - Pexels"},{"@type":"BreadcrumbList","@id":"https:\/\/www.mein-pflegejob.de\/blog\/unbesetzte-stelle-rechenbeispiel\/#breadcrumb","itemListElement":[{"@type":"ListItem","position":1,"name":"Home","item":"https:\/\/www.mein-pflegejob.de\/blog\/"},{"@type":"ListItem","position":2,"name":"So teuer ist eine unbesetzte Stelle in der Pflege &#8211; Rechenbeispiel"}]},{"@type":"WebSite","@id":"https:\/\/www.mein-pflegejob.de\/blog\/#website","url":"https:\/\/www.mein-pflegejob.de\/blog\/","name":"Magazin Mein Pflegejob","description":"Der Stellenmarkt f\u00fcr die Pflegebranche","publisher":{"@id":"https:\/\/www.mein-pflegejob.de\/blog\/#organization"},"potentialAction":[{"@type":"SearchAction","target":{"@type":"EntryPoint","urlTemplate":"https:\/\/www.mein-pflegejob.de\/blog\/?s={search_term_string}"},"query-input":{"@type":"PropertyValueSpecification","valueRequired":true,"valueName":"search_term_string"}}],"inLanguage":"de"},{"@type":"Organization","@id":"https:\/\/www.mein-pflegejob.de\/blog\/#organization","name":"mein-pflegejob","url":"https:\/\/www.mein-pflegejob.de\/blog\/","logo":{"@type":"ImageObject","inLanguage":"de","@id":"https:\/\/www.mein-pflegejob.de\/blog\/#\/schema\/logo\/image\/","url":"https:\/\/www.mein-pflegejob.de\/blog\/media\/Logo_klein.png","contentUrl":"https:\/\/www.mein-pflegejob.de\/blog\/media\/Logo_klein.png","width":256,"height":80,"caption":"mein-pflegejob"},"image":{"@id":"https:\/\/www.mein-pflegejob.de\/blog\/#\/schema\/logo\/image\/"},"sameAs":["https:\/\/www.facebook.com\/meinpflegejob.meintraumjob\/","https:\/\/x.com\/mein_pflegejob","https:\/\/www.instagram.com\/meinpflegejob\/","https:\/\/www.linkedin.com\/company\/mein-pflegejob-de\/"]},{"@type":"Person","@id":"https:\/\/www.mein-pflegejob.de\/blog\/#\/schema\/person\/c744cb17a54d729741643e7346ad31cc","name":"Sonja"}]}},"_links":{"self":[{"href":"https:\/\/www.mein-pflegejob.de\/blog\/wp-json\/wp\/v2\/posts\/6126"}],"collection":[{"href":"https:\/\/www.mein-pflegejob.de\/blog\/wp-json\/wp\/v2\/posts"}],"about":[{"href":"https:\/\/www.mein-pflegejob.de\/blog\/wp-json\/wp\/v2\/types\/post"}],"author":[{"embeddable":true,"href":"https:\/\/www.mein-pflegejob.de\/blog\/wp-json\/wp\/v2\/users\/7"}],"replies":[{"embeddable":true,"href":"https:\/\/www.mein-pflegejob.de\/blog\/wp-json\/wp\/v2\/comments?post=6126"}],"version-history":[{"count":37,"href":"https:\/\/www.mein-pflegejob.de\/blog\/wp-json\/wp\/v2\/posts\/6126\/revisions"}],"predecessor-version":[{"id":7240,"href":"https:\/\/www.mein-pflegejob.de\/blog\/wp-json\/wp\/v2\/posts\/6126\/revisions\/7240"}],"wp:featuredmedia":[{"embeddable":true,"href":"https:\/\/www.mein-pflegejob.de\/blog\/wp-json\/wp\/v2\/media\/6170"}],"wp:attachment":[{"href":"https:\/\/www.mein-pflegejob.de\/blog\/wp-json\/wp\/v2\/media?parent=6126"}],"wp:term":[{"taxonomy":"category","embeddable":true,"href":"https:\/\/www.mein-pflegejob.de\/blog\/wp-json\/wp\/v2\/categories?post=6126"},{"taxonomy":"post_tag","embeddable":true,"href":"https:\/\/www.mein-pflegejob.de\/blog\/wp-json\/wp\/v2\/tags?post=6126"}],"curies":[{"name":"wp","href":"https:\/\/api.w.org\/{rel}","templated":true}]}}