{"id":6846,"date":"2023-05-08T11:08:51","date_gmt":"2023-05-08T09:08:51","guid":{"rendered":"https:\/\/www.mein-pflegejob.de\/blog\/?p=6846"},"modified":"2023-05-10T10:01:05","modified_gmt":"2023-05-10T08:01:05","slug":"podcasts-in-der-pflege-2023","status":"publish","type":"post","link":"https:\/\/www.mein-pflegejob.de\/blog\/podcasts-in-der-pflege-2023\/","title":{"rendered":"Podcasts in der Pflege 2023"},"content":{"rendered":"<p><div class=\"fusion-fullwidth fullwidth-box fusion-builder-row-1 fusion-flex-container has-pattern-background has-mask-background nonhundred-percent-fullwidth non-hundred-percent-height-scrolling\" style=\"--awb-border-radius-top-left:0px;--awb-border-radius-top-right:0px;--awb-border-radius-bottom-right:0px;--awb-border-radius-bottom-left:0px;--awb-margin-top:-75px;--awb-flex-wrap:wrap;\" ><div class=\"fusion-builder-row fusion-row fusion-flex-align-items-center fusion-flex-justify-content-center fusion-flex-content-wrap\" style=\"max-width:93.6%;margin-left: calc(-4% \/ 2 );margin-right: calc(-4% \/ 2 );\"><div class=\"fusion-layout-column fusion_builder_column fusion-builder-column-0 fusion_builder_column_1_1 1_1 fusion-flex-column\" style=\"--awb-bg-size:cover;--awb-width-large:100%;--awb-margin-top-large:20px;--awb-spacing-right-large:1.92%;--awb-margin-bottom-large:20px;--awb-spacing-left-large:1.92%;--awb-width-medium:100%;--awb-order-medium:0;--awb-spacing-right-medium:1.92%;--awb-spacing-left-medium:1.92%;--awb-width-small:100%;--awb-order-small:0;--awb-spacing-right-small:1.92%;--awb-spacing-left-small:1.92%;\"><div class=\"fusion-column-wrapper fusion-column-has-shadow fusion-flex-justify-content-flex-start fusion-content-layout-column\"><div class=\"fusion-widget fusion-widget-element fusion-widget-area fusion-content-widget-area wpWidget-1 fusion-widget-align-center fusion-widget-mobile-align-center bcn_widget\" style=\"--awb-fusion-border-size:0px;--awb-fusion-border-style:solid;\"><div class=\"widget widget_breadcrumb_navxt\"><div class=\"breadcrumbs\" vocab=\"https:\/\/schema.org\/\" typeof=\"BreadcrumbList\"><!-- Breadcrumb NavXT 7.4.1 -->\n<span property=\"itemListElement\" typeof=\"ListItem\">\r\n<a property=\"item\" typeof=\"WebPage\" title=\"Gehe zur Startseite.\" href=\"https:\/\/www.mein-pflegejob.de\/blog\/\" class=\"home\" aria-current=\"page\"><span property=\"name\">Startseite<\/span><\/a>\r\n<meta property=\"position\" content=\"1\"><\/span><\/div><\/div><\/div><div class=\"fusion-image-element \" style=\"text-align:center;--awb-margin-top:40px;--awb-caption-title-font-family:var(--h2_typography-font-family);--awb-caption-title-font-weight:var(--h2_typography-font-weight);--awb-caption-title-font-style:var(--h2_typography-font-style);--awb-caption-title-size:var(--h2_typography-font-size);--awb-caption-title-transform:var(--h2_typography-text-transform);--awb-caption-title-line-height:var(--h2_typography-line-height);--awb-caption-title-letter-spacing:var(--h2_typography-letter-spacing);\"><span class=\" fusion-imageframe imageframe-none imageframe-1 hover-type-none\"><img decoding=\"async\" width=\"800\" height=\"534\" alt=\"Podcast Mikrofon | Quelle: Pixabay\" title=\"Podcast Mikrofon | Quelle: Pixabay\" src=\"https:\/\/www.mein-pflegejob.de\/blog\/media\/pexels-pixabay-164879-1-scaled.jpg\" data-orig-src=\"https:\/\/www.mein-pflegejob.de\/blog\/media\/pexels-pixabay-164879-1-800x534.jpg\" class=\"lazyload img-responsive wp-image-6868\" srcset=\"data:image\/svg+xml,%3Csvg%20xmlns%3D%27http%3A%2F%2Fwww.w3.org%2F2000%2Fsvg%27%20width%3D%271920%27%20height%3D%271280%27%20viewBox%3D%270%200%201920%201280%27%3E%3Crect%20width%3D%271920%27%20height%3D%271280%27%20fill-opacity%3D%220%22%2F%3E%3C%2Fsvg%3E\" data-srcset=\"https:\/\/www.mein-pflegejob.de\/blog\/media\/pexels-pixabay-164879-1-200x133.jpg 200w, https:\/\/www.mein-pflegejob.de\/blog\/media\/pexels-pixabay-164879-1-400x267.jpg 400w, https:\/\/www.mein-pflegejob.de\/blog\/media\/pexels-pixabay-164879-1-600x400.jpg 600w, https:\/\/www.mein-pflegejob.de\/blog\/media\/pexels-pixabay-164879-1-800x534.jpg 800w, https:\/\/www.mein-pflegejob.de\/blog\/media\/pexels-pixabay-164879-1-1200x800.jpg 1200w, https:\/\/www.mein-pflegejob.de\/blog\/media\/pexels-pixabay-164879-1-scaled.jpg 1920w\" data-sizes=\"auto\" data-orig-sizes=\"(max-width: 1024px) 100vw, (max-width: 640px) 100vw, 800px\" \/><\/span><\/div><\/div><\/div><div class=\"fusion-layout-column fusion_builder_column fusion-builder-column-1 fusion_builder_column_2_3 2_3 fusion-flex-column\" style=\"--awb-bg-size:cover;--awb-width-large:66.666666666667%;--awb-margin-top-large:20px;--awb-spacing-right-large:2.88%;--awb-margin-bottom-large:20px;--awb-spacing-left-large:2.88%;--awb-width-medium:100%;--awb-spacing-right-medium:1.92%;--awb-spacing-left-medium:1.92%;--awb-width-small:100%;--awb-spacing-right-small:1.92%;--awb-spacing-left-small:1.92%;\"><div class=\"fusion-column-wrapper fusion-column-has-shadow fusion-flex-justify-content-flex-start fusion-content-layout-column\"><div class=\"fusion-text fusion-text-1\"><p style=\"text-align: center;\">Seit unserem letzten Artikel zu Pflege-Podcasts <a href=\"https:\/\/www.mein-pflegejob.de\/blog\/pflege-podcasts-die-neue-art-der-weiterbildung-fuer-den-pflegealltag\/\" target=\"_blank\" rel=\"noopener\">\u201ePFLEGE PODCASTS \u2013 die neue Art der Weiterbildung f\u00fcr den Pflegealltag\u201c<\/a> ist einige Zeit vergangen. Nicht zuletzt durch die Corona-Pandemie hat die Pflegebranche immer mehr an Aufmerksamkeit gewonnen und mit ihr an Pflege-Podcasts.<\/p>\n<p style=\"text-align: center;\">W\u00e4hrend 2020 einige Podcasts zur Pflege starteten, gibt es mittlerweile deutlich mehr \u2013 wir m\u00f6chten euch weitere in diesem Artikel vorstellen.<\/p>\n<\/div><div class=\"fusion-separator fusion-full-width-sep\" style=\"align-self: center;margin-left: auto;margin-right: auto;margin-top:30px;margin-bottom:30px;width:100%;\"><div class=\"fusion-separator-border sep-single sep-solid\" style=\"--awb-height:20px;--awb-amount:20px;border-color:#d1d1d1;border-top-width:1px;\"><\/div><\/div><div class=\"fusion-text fusion-text-2\"><h3 style=\"text-align: center;\">Inhaltsverzeichnis<\/h3>\n<ul>\n<li><a href=\"#zwischenschicht\">Zwischenschicht<\/a><\/li>\n<li><a href=\"#herzschlag\">BGW-Podcast \u201eHerzschlag \u2013 f\u00fcr ein gesundes Berufsleben\u201c<\/a><\/li>\n<li><a href=\"#notaufnahme-lustig\">NotAufnahme Podcast &#8211; Die lustigsten Patientengeschichten<\/a><\/li>\n<li><a href=\"#letscare\">Let&#8217;s care!<\/a><\/li>\n<li><a href=\"#\u00e4rzteohnegrenzen\">Notaufnahme-Podcast von \u201e\u00c4rzte ohne Grenzen\u201c<\/a><\/li>\n<li><a href=\"#ostfalia\">Ostfalia-Podcast: \u201ePflegeStandard\u201c &#8211; Der pflegewissenschaftliche Podcast<\/a><\/li>\n<li><a href=\"#ukhd\">Pflege UKHD<\/a><\/li>\n<li><a href=\"#ohren\">Pflege f\u00fcr die Ohren<\/a><\/li>\n<li><a href=\"#sozial\">sozial berufen<\/a><\/li>\n<li><a href=\"#charite\">Charit\u00e9 Podcast: \u201eInfectEd\u201c &#8211; Der Antibiotika Podcast<\/a><\/li>\n<li><a href=\"#online\">Pflegen-online<\/a><\/li>\n<li><a href=\"#demenz\">Der Demenz-Podcast<\/a><\/li>\n<\/ul>\n<\/div><div class=\"fusion-separator fusion-full-width-sep\" style=\"align-self: center;margin-left: auto;margin-right: auto;margin-top:30px;margin-bottom:30px;width:100%;\"><div class=\"fusion-separator-border sep-single sep-solid\" style=\"--awb-height:20px;--awb-amount:20px;border-color:#d1d1d1;border-top-width:1px;\"><\/div><\/div><\/div><\/div><\/div><\/div><div class=\"fusion-fullwidth fullwidth-box fusion-builder-row-2 fusion-flex-container has-pattern-background has-mask-background nonhundred-percent-fullwidth non-hundred-percent-height-scrolling\" style=\"--awb-border-radius-top-left:0px;--awb-border-radius-top-right:0px;--awb-border-radius-bottom-right:0px;--awb-border-radius-bottom-left:0px;--awb-flex-wrap:wrap;\" ><div class=\"fusion-builder-row fusion-row fusion-flex-align-items-center fusion-flex-justify-content-center fusion-flex-content-wrap\" style=\"max-width:93.6%;margin-left: calc(-4% \/ 2 );margin-right: calc(-4% \/ 2 );\"><div class=\"fusion-layout-column fusion_builder_column fusion-builder-column-2 fusion_builder_column_1_1 1_1 fusion-flex-column\" style=\"--awb-bg-size:cover;--awb-width-large:100%;--awb-margin-top-large:20px;--awb-spacing-right-large:1.92%;--awb-margin-bottom-large:20px;--awb-spacing-left-large:1.92%;--awb-width-medium:100%;--awb-order-medium:0;--awb-spacing-right-medium:1.92%;--awb-spacing-left-medium:1.92%;--awb-width-small:100%;--awb-order-small:0;--awb-spacing-right-small:1.92%;--awb-spacing-left-small:1.92%;\"><div class=\"fusion-column-wrapper fusion-column-has-shadow fusion-flex-justify-content-flex-start fusion-content-layout-column\"><div class=\"fusion-text fusion-text-3\"><h3 id=\"zwischenschicht\" style=\"text-align: center;\">ZWISCHENSCHICHT<\/h3>\n<\/div><\/div><\/div><div class=\"fusion-layout-column fusion_builder_column fusion-builder-column-3 fusion_builder_column_1_4 1_4 fusion-flex-column\" style=\"--awb-bg-size:cover;--awb-width-large:25%;--awb-margin-top-large:20px;--awb-spacing-right-large:7.68%;--awb-margin-bottom-large:20px;--awb-spacing-left-large:7.68%;--awb-width-medium:100%;--awb-order-medium:0;--awb-spacing-right-medium:1.92%;--awb-spacing-left-medium:1.92%;--awb-width-small:100%;--awb-order-small:0;--awb-spacing-right-small:1.92%;--awb-spacing-left-small:1.92%;\"><div class=\"fusion-column-wrapper fusion-column-has-shadow fusion-flex-justify-content-flex-start fusion-content-layout-column\"><div class=\"fusion-image-element \" style=\"--awb-caption-title-font-family:var(--h2_typography-font-family);--awb-caption-title-font-weight:var(--h2_typography-font-weight);--awb-caption-title-font-style:var(--h2_typography-font-style);--awb-caption-title-size:var(--h2_typography-font-size);--awb-caption-title-transform:var(--h2_typography-text-transform);--awb-caption-title-line-height:var(--h2_typography-line-height);--awb-caption-title-letter-spacing:var(--h2_typography-letter-spacing);\"><span class=\" fusion-imageframe imageframe-none imageframe-2 hover-type-none\"><img decoding=\"async\" width=\"225\" height=\"225\" alt=\"Zwischenschicht | Quelle: Spotify\" title=\"Zwischenschicht | Quelle: Spotify\" src=\"https:\/\/www.mein-pflegejob.de\/blog\/media\/zwischenschicht.png\" data-orig-src=\"https:\/\/www.mein-pflegejob.de\/blog\/media\/zwischenschicht.png\" class=\"lazyload img-responsive wp-image-6850\" srcset=\"data:image\/svg+xml,%3Csvg%20xmlns%3D%27http%3A%2F%2Fwww.w3.org%2F2000%2Fsvg%27%20width%3D%27225%27%20height%3D%27225%27%20viewBox%3D%270%200%20225%20225%27%3E%3Crect%20width%3D%27225%27%20height%3D%27225%27%20fill-opacity%3D%220%22%2F%3E%3C%2Fsvg%3E\" data-srcset=\"https:\/\/www.mein-pflegejob.de\/blog\/media\/zwischenschicht-200x200.png 200w, https:\/\/www.mein-pflegejob.de\/blog\/media\/zwischenschicht.png 225w\" data-sizes=\"auto\" data-orig-sizes=\"(max-width: 1024px) 100vw, (max-width: 640px) 100vw, 225px\" \/><\/span><\/div><div class=\"fusion-text fusion-text-4\"><p>Zwischenschicht | Quelle: Spotify<\/p>\n<\/div><\/div><\/div><div class=\"fusion-layout-column fusion_builder_column fusion-builder-column-4 fusion_builder_column_2_3 2_3 fusion-flex-column\" style=\"--awb-bg-size:cover;--awb-width-large:66.666666666667%;--awb-margin-top-large:20px;--awb-spacing-right-large:2.88%;--awb-margin-bottom-large:20px;--awb-spacing-left-large:2.88%;--awb-width-medium:100%;--awb-spacing-right-medium:1.92%;--awb-spacing-left-medium:1.92%;--awb-width-small:100%;--awb-spacing-right-small:1.92%;--awb-spacing-left-small:1.92%;\"><div class=\"fusion-column-wrapper fusion-column-has-shadow fusion-flex-justify-content-flex-start fusion-content-layout-column\"><div class=\"fusion-text fusion-text-5\"><p style=\"text-align: center;\">Im Dezember 2020 begann der Pflege-Podcast \u201ezwischenschicht\u201c, welcher der perfekte Podcast f\u00fcr alle ist, die sich gerne weiterbilden m\u00f6chten. Dank seiner L\u00e4nge passt er perfekt in die Pause zwischen den Schichten &#8211; daher auch der Name.<\/p>\n<p style=\"text-align: center;\">Hier treffen zwei langj\u00e4hrige Freunde aufeinander, die unterschiedlicher nicht sein k\u00f6nnten: Litti, ein erfahrener <a href=\"https:\/\/www.mein-pflegejob.de\/blog\/gesundheits-und-krankenpfleger\/\" target=\"_blank\" rel=\"noopener\">Gesundheits- und Krankenpfleger<\/a>, und Olschgich, der keine Ahnung von der Pflege hat. Doch genau das macht den Reiz dieses Podcasts aus. Denn in den rund 20-min\u00fctigen Folgen entsteht durch die unterschiedlichen Perspektiven der beiden eine unterhaltsame und informative Mischung aus Diskussionen, Interviews und pers\u00f6nlichen Anekdoten.<\/p>\n<p style=\"text-align: center;\">Doch der zwischenschicht Podcast ist nicht nur f\u00fcr Pflegekr\u00e4fte interessant. Auch alle anderen, die sich f\u00fcr das Thema Pflege und Gesundheit interessieren werden hier auf ihre Kosten kommen. Zudem gibt es auch immer mal wieder einen Gast, der f\u00fcr noch mehr Abwechslung sorgt. In jedem Fall ist dieser Podcast ein echtes Muss f\u00fcr alle, die auf der Suche nach guter Unterhaltung und interessanten Einblicken sind.<\/p>\n<p style=\"text-align: center;\">Auf <a href=\"https:\/\/open.spotify.com\/show\/1DytoGjYZWh2l1OiSufIZP\" target=\"_blank\" rel=\"noopener\">Spotify<\/a>, <a href=\"https:\/\/www.podcast.de\/podcast\/901144\/zwischenschicht\" target=\"_blank\" rel=\"noopener\">Podcast.de<\/a>, <a href=\"https:\/\/podcasts.apple.com\/de\/podcast\/zwischenschicht\/id1544630759\" target=\"_blank\" rel=\"noopener\">Apple Podcast<\/a> und <a href=\"https:\/\/www.zwischenschicht.com\/\" target=\"_blank\" rel=\"noopener\">ihrer Webseite<\/a> zu finden.<\/p>\n<\/div><\/div><\/div><div class=\"fusion-layout-column fusion_builder_column fusion-builder-column-5 fusion_builder_column_1_1 1_1 fusion-flex-column\" style=\"--awb-bg-size:cover;--awb-width-large:100%;--awb-margin-top-large:20px;--awb-spacing-right-large:1.92%;--awb-margin-bottom-large:20px;--awb-spacing-left-large:1.92%;--awb-width-medium:100%;--awb-order-medium:0;--awb-spacing-right-medium:1.92%;--awb-spacing-left-medium:1.92%;--awb-width-small:100%;--awb-order-small:0;--awb-spacing-right-small:1.92%;--awb-spacing-left-small:1.92%;\"><div class=\"fusion-column-wrapper fusion-column-has-shadow fusion-flex-justify-content-flex-start fusion-content-layout-column\"><div class=\"fusion-separator fusion-full-width-sep\" style=\"align-self: center;margin-left: auto;margin-right: auto;margin-top:30px;margin-bottom:30px;width:100%;\"><div class=\"fusion-separator-border sep-single sep-solid\" style=\"--awb-height:20px;--awb-amount:20px;border-color:#d1d1d1;border-top-width:1px;\"><\/div><\/div><\/div><\/div><\/div><\/div><div class=\"fusion-fullwidth fullwidth-box fusion-builder-row-3 fusion-flex-container has-pattern-background has-mask-background nonhundred-percent-fullwidth non-hundred-percent-height-scrolling\" style=\"--awb-border-radius-top-left:0px;--awb-border-radius-top-right:0px;--awb-border-radius-bottom-right:0px;--awb-border-radius-bottom-left:0px;--awb-flex-wrap:wrap;\" ><div class=\"fusion-builder-row fusion-row fusion-flex-align-items-center fusion-flex-justify-content-center fusion-flex-content-wrap\" style=\"max-width:93.6%;margin-left: calc(-4% \/ 2 );margin-right: calc(-4% \/ 2 );\"><div class=\"fusion-layout-column fusion_builder_column fusion-builder-column-6 fusion_builder_column_1_1 1_1 fusion-flex-column\" style=\"--awb-bg-size:cover;--awb-width-large:100%;--awb-margin-top-large:20px;--awb-spacing-right-large:1.92%;--awb-margin-bottom-large:20px;--awb-spacing-left-large:1.92%;--awb-width-medium:100%;--awb-order-medium:0;--awb-spacing-right-medium:1.92%;--awb-spacing-left-medium:1.92%;--awb-width-small:100%;--awb-order-small:0;--awb-spacing-right-small:1.92%;--awb-spacing-left-small:1.92%;\"><div class=\"fusion-column-wrapper fusion-column-has-shadow fusion-flex-justify-content-flex-start fusion-content-layout-column\"><div class=\"fusion-text fusion-text-6\"><h3 id=\"herzschlag\" style=\"text-align: center;\">BGW-PODCAST \u201eHERZSCHLAG\u2013 F\u00dcR EIN GESUNDES BERUFSLEBEN\u201c<\/h3>\n<\/div><\/div><\/div><div class=\"fusion-layout-column fusion_builder_column fusion-builder-column-7 fusion_builder_column_1_4 1_4 fusion-flex-column\" style=\"--awb-bg-size:cover;--awb-width-large:25%;--awb-margin-top-large:20px;--awb-spacing-right-large:7.68%;--awb-margin-bottom-large:20px;--awb-spacing-left-large:7.68%;--awb-width-medium:100%;--awb-order-medium:0;--awb-spacing-right-medium:1.92%;--awb-spacing-left-medium:1.92%;--awb-width-small:100%;--awb-order-small:0;--awb-spacing-right-small:1.92%;--awb-spacing-left-small:1.92%;\"><div class=\"fusion-column-wrapper fusion-column-has-shadow fusion-flex-justify-content-flex-start fusion-content-layout-column\"><div class=\"fusion-image-element \" style=\"--awb-caption-title-font-family:var(--h2_typography-font-family);--awb-caption-title-font-weight:var(--h2_typography-font-weight);--awb-caption-title-font-style:var(--h2_typography-font-style);--awb-caption-title-size:var(--h2_typography-font-size);--awb-caption-title-transform:var(--h2_typography-text-transform);--awb-caption-title-line-height:var(--h2_typography-line-height);--awb-caption-title-letter-spacing:var(--h2_typography-letter-spacing);\"><span class=\" fusion-imageframe imageframe-none imageframe-3 hover-type-none\"><img decoding=\"async\" width=\"225\" height=\"225\" alt=\"Herzschlag \u2013 f\u00fcr ein gesundes Berufsleben | Quelle: RTL+ Music\" title=\"Herzschlag \u2013 f\u00fcr ein gesundes Berufsleben | Quelle: RTL+ Music\" src=\"https:\/\/www.mein-pflegejob.de\/blog\/media\/Herzschlag.png\" data-orig-src=\"https:\/\/www.mein-pflegejob.de\/blog\/media\/Herzschlag.png\" class=\"lazyload img-responsive wp-image-6855\" srcset=\"data:image\/svg+xml,%3Csvg%20xmlns%3D%27http%3A%2F%2Fwww.w3.org%2F2000%2Fsvg%27%20width%3D%27225%27%20height%3D%27225%27%20viewBox%3D%270%200%20225%20225%27%3E%3Crect%20width%3D%27225%27%20height%3D%27225%27%20fill-opacity%3D%220%22%2F%3E%3C%2Fsvg%3E\" data-srcset=\"https:\/\/www.mein-pflegejob.de\/blog\/media\/Herzschlag-200x200.png 200w, https:\/\/www.mein-pflegejob.de\/blog\/media\/Herzschlag.png 225w\" data-sizes=\"auto\" data-orig-sizes=\"(max-width: 1024px) 100vw, (max-width: 640px) 100vw, 225px\" \/><\/span><\/div><div class=\"fusion-text fusion-text-7\"><p>Herzschlag \u2013 f\u00fcr ein gesundes Berufsleben | Quelle: RTL+ Music<\/p>\n<\/div><\/div><\/div><div class=\"fusion-layout-column fusion_builder_column fusion-builder-column-8 fusion_builder_column_2_3 2_3 fusion-flex-column\" style=\"--awb-bg-size:cover;--awb-width-large:66.666666666667%;--awb-margin-top-large:20px;--awb-spacing-right-large:2.88%;--awb-margin-bottom-large:20px;--awb-spacing-left-large:2.88%;--awb-width-medium:100%;--awb-spacing-right-medium:1.92%;--awb-spacing-left-medium:1.92%;--awb-width-small:100%;--awb-spacing-right-small:1.92%;--awb-spacing-left-small:1.92%;\"><div class=\"fusion-column-wrapper fusion-column-has-shadow fusion-flex-justify-content-flex-start fusion-content-layout-column\"><div class=\"fusion-text fusion-text-8\"><p style=\"text-align: center;\">In dem Podcast &#8222;Herzschlag &#8211; f\u00fcr ein gesundes Berufsleben&#8220; der <a href=\"https:\/\/www.bgw-online.de\/\" target=\"_blank\" rel=\"noopener\">Berufsgenossenschaft f\u00fcr Gesundheitsdienst und Wohlfahrtspflege (BGW)<\/a> diskutiert der Moderator Ralf Podszus alle zwei Wochen mit Fachleuten, Arbeitgeber:innen, F\u00fchrungskr\u00e4ften und Besch\u00e4ftigten, welche Herausforderungen das Arbeitsumfeld beeinflussen und wie gesundes Arbeiten in ihrem Beruf stattfinden kann. Die Pflege, Behindertenhilfe und p\u00e4dagogische Arbeit stehen dabei im Fokus, aber auch f\u00fcr viele andere Branchen sind die Beitr\u00e4ge interessant.<\/p>\n<p style=\"text-align: center;\">Seit M\u00e4rz 2020 moderiert der Audio-Journalist, Produzent und Moderator Ralf Podszus den BGW-Podcast mit wechselnden Interviewpartnern und hat bereits 68 Folgen (Stand Mai 2023) aufgenommen.<\/p>\n<p style=\"text-align: center;\">Die Pflege-Folgen sind auf <a href=\"https:\/\/open.spotify.com\/show\/1dVyw94tdWqvpgL5ZDG5Jd\" target=\"_blank\" rel=\"noopener\">Spotify<\/a>, <a href=\"https:\/\/podcasts.apple.com\/us\/podcast\/der-bgw-podcast\/id1501206531?i=1000535100174\" target=\"_blank\" rel=\"noopener\">Apple Podcast<\/a>, <a href=\"https:\/\/www.podcast.de\/podcast\/840718\/herzschlag-fuer-ein-gesundes-berufsleben\" target=\"_blank\" rel=\"noopener\">Podcast.de<\/a> und der <a href=\"https:\/\/www.bgw-online.de\/bgw-online-de\/service\/medien-arbeitshilfen\/medien-center\/bgw-podcast-herzschlag\" target=\"_blank\" rel=\"noopener\">BGW-Webseite<\/a> verf\u00fcgbar.<\/p>\n<\/div><\/div><\/div><div class=\"fusion-layout-column fusion_builder_column fusion-builder-column-9 fusion_builder_column_1_1 1_1 fusion-flex-column\" style=\"--awb-bg-size:cover;--awb-width-large:100%;--awb-margin-top-large:20px;--awb-spacing-right-large:1.92%;--awb-margin-bottom-large:20px;--awb-spacing-left-large:1.92%;--awb-width-medium:100%;--awb-order-medium:0;--awb-spacing-right-medium:1.92%;--awb-spacing-left-medium:1.92%;--awb-width-small:100%;--awb-order-small:0;--awb-spacing-right-small:1.92%;--awb-spacing-left-small:1.92%;\"><div class=\"fusion-column-wrapper fusion-column-has-shadow fusion-flex-justify-content-flex-start fusion-content-layout-column\"><div class=\"fusion-separator fusion-full-width-sep\" style=\"align-self: center;margin-left: auto;margin-right: auto;width:100%;\"><\/div><div class=\"fusion-separator fusion-full-width-sep\" style=\"align-self: center;margin-left: auto;margin-right: auto;margin-top:10px;margin-bottom:10px;width:100%;\"><div class=\"fusion-separator-border sep-single sep-solid\" style=\"--awb-height:20px;--awb-amount:20px;border-color:#d1d1d1;border-top-width:1px;\"><\/div><\/div><div class=\"fusion-separator fusion-full-width-sep\" style=\"align-self: center;margin-left: auto;margin-right: auto;width:100%;\"><\/div><\/div><\/div><\/div><\/div><div class=\"fusion-fullwidth fullwidth-box fusion-builder-row-4 fusion-flex-container has-pattern-background has-mask-background nonhundred-percent-fullwidth non-hundred-percent-height-scrolling\" style=\"--awb-border-radius-top-left:0px;--awb-border-radius-top-right:0px;--awb-border-radius-bottom-right:0px;--awb-border-radius-bottom-left:0px;--awb-flex-wrap:wrap;\" ><div class=\"fusion-builder-row fusion-row fusion-flex-align-items-center fusion-flex-justify-content-center fusion-flex-content-wrap\" style=\"max-width:93.6%;margin-left: calc(-4% \/ 2 );margin-right: calc(-4% \/ 2 );\"><div class=\"fusion-layout-column fusion_builder_column fusion-builder-column-10 fusion_builder_column_1_1 1_1 fusion-flex-column\" style=\"--awb-bg-size:cover;--awb-width-large:100%;--awb-margin-top-large:20px;--awb-spacing-right-large:1.92%;--awb-margin-bottom-large:20px;--awb-spacing-left-large:1.92%;--awb-width-medium:100%;--awb-order-medium:0;--awb-spacing-right-medium:1.92%;--awb-spacing-left-medium:1.92%;--awb-width-small:100%;--awb-order-small:0;--awb-spacing-right-small:1.92%;--awb-spacing-left-small:1.92%;\"><div class=\"fusion-column-wrapper fusion-column-has-shadow fusion-flex-justify-content-flex-start fusion-content-layout-column\"><div class=\"fusion-text fusion-text-9\"><h3 id=\"notaufnahme-lustig\" style=\"text-align: center;\">NOTAUFNAHME PODCAST \u2013 DIE LUSTIGSTEN PATIENTENGESCHICHTEN<\/h3>\n<\/div><\/div><\/div><div class=\"fusion-layout-column fusion_builder_column fusion-builder-column-11 fusion_builder_column_1_4 1_4 fusion-flex-column\" style=\"--awb-bg-size:cover;--awb-width-large:25%;--awb-margin-top-large:20px;--awb-spacing-right-large:7.68%;--awb-margin-bottom-large:20px;--awb-spacing-left-large:7.68%;--awb-width-medium:100%;--awb-order-medium:0;--awb-spacing-right-medium:1.92%;--awb-spacing-left-medium:1.92%;--awb-width-small:100%;--awb-order-small:0;--awb-spacing-right-small:1.92%;--awb-spacing-left-small:1.92%;\"><div class=\"fusion-column-wrapper fusion-column-has-shadow fusion-flex-justify-content-flex-start fusion-content-layout-column\"><div class=\"fusion-image-element \" style=\"--awb-caption-title-font-family:var(--h2_typography-font-family);--awb-caption-title-font-weight:var(--h2_typography-font-weight);--awb-caption-title-font-style:var(--h2_typography-font-style);--awb-caption-title-size:var(--h2_typography-font-size);--awb-caption-title-transform:var(--h2_typography-text-transform);--awb-caption-title-line-height:var(--h2_typography-line-height);--awb-caption-title-letter-spacing:var(--h2_typography-letter-spacing);\"><span class=\" fusion-imageframe imageframe-none imageframe-4 hover-type-none\"><img decoding=\"async\" width=\"225\" height=\"225\" alt=\"NotAufnahme Podcast - Die lustigsten Patientengeschichten | Quelle: RTL+ Music\" title=\"NotAufnahme Podcast &#8211; Die lustigsten Patientengeschichten | Quelle: RTL+ Music\" src=\"https:\/\/www.mein-pflegejob.de\/blog\/media\/notaufnahme-lustig.jpg\" data-orig-src=\"https:\/\/www.mein-pflegejob.de\/blog\/media\/notaufnahme-lustig.jpg\" class=\"lazyload img-responsive wp-image-6856\" srcset=\"data:image\/svg+xml,%3Csvg%20xmlns%3D%27http%3A%2F%2Fwww.w3.org%2F2000%2Fsvg%27%20width%3D%27225%27%20height%3D%27225%27%20viewBox%3D%270%200%20225%20225%27%3E%3Crect%20width%3D%27225%27%20height%3D%27225%27%20fill-opacity%3D%220%22%2F%3E%3C%2Fsvg%3E\" data-srcset=\"https:\/\/www.mein-pflegejob.de\/blog\/media\/notaufnahme-lustig-200x200.jpg 200w, https:\/\/www.mein-pflegejob.de\/blog\/media\/notaufnahme-lustig.jpg 225w\" data-sizes=\"auto\" data-orig-sizes=\"(max-width: 1024px) 100vw, (max-width: 640px) 100vw, 225px\" \/><\/span><\/div><div class=\"fusion-text fusion-text-10\"><p>NotAufnahme Podcast &#8211; Die lustigsten Patientengeschichten | Quelle: RTL+ Music<\/p>\n<\/div><\/div><\/div><div class=\"fusion-layout-column fusion_builder_column fusion-builder-column-12 fusion_builder_column_2_3 2_3 fusion-flex-column\" style=\"--awb-bg-size:cover;--awb-width-large:66.666666666667%;--awb-margin-top-large:20px;--awb-spacing-right-large:2.88%;--awb-margin-bottom-large:20px;--awb-spacing-left-large:2.88%;--awb-width-medium:100%;--awb-spacing-right-medium:1.92%;--awb-spacing-left-medium:1.92%;--awb-width-small:100%;--awb-spacing-right-small:1.92%;--awb-spacing-left-small:1.92%;\"><div class=\"fusion-column-wrapper fusion-column-has-shadow fusion-flex-justify-content-flex-start fusion-content-layout-column\"><div class=\"fusion-text fusion-text-11\"><p style=\"text-align: center;\">Pflege kann auch Spa\u00df machen! Der \u201eNotAufnahme Podcast\u201c von Ralf Podszus zeigt, dass es in der Medizin nicht immer ernst zugehen muss. In jeder rund 25-min\u00fctigen Folge kommen verschiedene \u00c4rzte, Pflegekr\u00e4fte und medizinische Fachangestellte zu Wort und erz\u00e4hlen ihre lustigsten Patientengeschichten. Von Hypnose-Pannen \u00fcber Dauererektionen bis hin zu verr\u00fcckten letzten W\u00fcnschen im Hospiz gibt es hier jede Menge skurrile F\u00e4lle zu h\u00f6ren. Der Podcast bietet nicht nur Unterhaltung, sondern auch lehrreiche Momente &#8211; denn gerade bei ungew\u00f6hnlichen F\u00e4llen, bei denen selbst erfahrene Fachkr\u00e4fte oft ratlos sind, gibt es viel zu entdecken.<\/p>\n<p style=\"text-align: center;\">Den <a href=\"https:\/\/www.podcast.de\/podcast\/680983\/notaufnahme-die-lustigsten-patientengeschichten\" target=\"_blank\" rel=\"noopener\">NotAufnahme Podcast<\/a> kann man auf allen g\u00e4ngigen Streamingdiensten h\u00f6ren.<\/p>\n<\/div><\/div><\/div><div class=\"fusion-layout-column fusion_builder_column fusion-builder-column-13 fusion_builder_column_1_1 1_1 fusion-flex-column\" style=\"--awb-bg-size:cover;--awb-width-large:100%;--awb-margin-top-large:20px;--awb-spacing-right-large:1.92%;--awb-margin-bottom-large:20px;--awb-spacing-left-large:1.92%;--awb-width-medium:100%;--awb-order-medium:0;--awb-spacing-right-medium:1.92%;--awb-spacing-left-medium:1.92%;--awb-width-small:100%;--awb-order-small:0;--awb-spacing-right-small:1.92%;--awb-spacing-left-small:1.92%;\"><div class=\"fusion-column-wrapper fusion-column-has-shadow fusion-flex-justify-content-flex-start fusion-content-layout-column\"><div class=\"fusion-separator fusion-full-width-sep\" style=\"align-self: center;margin-left: auto;margin-right: auto;width:100%;\"><\/div><div class=\"fusion-separator fusion-full-width-sep\" style=\"align-self: center;margin-left: auto;margin-right: auto;margin-top:10px;margin-bottom:10px;width:100%;\"><div class=\"fusion-separator-border sep-single sep-solid\" style=\"--awb-height:20px;--awb-amount:20px;border-color:#d1d1d1;border-top-width:1px;\"><\/div><\/div><div class=\"fusion-separator fusion-full-width-sep\" style=\"align-self: center;margin-left: auto;margin-right: auto;width:100%;\"><\/div><\/div><\/div><\/div><\/div><div class=\"fusion-fullwidth fullwidth-box fusion-builder-row-5 fusion-flex-container has-pattern-background has-mask-background nonhundred-percent-fullwidth non-hundred-percent-height-scrolling\" style=\"--awb-border-radius-top-left:0px;--awb-border-radius-top-right:0px;--awb-border-radius-bottom-right:0px;--awb-border-radius-bottom-left:0px;--awb-flex-wrap:wrap;\" ><div class=\"fusion-builder-row fusion-row fusion-flex-align-items-center fusion-flex-justify-content-center fusion-flex-content-wrap\" style=\"max-width:93.6%;margin-left: calc(-4% \/ 2 );margin-right: calc(-4% \/ 2 );\"><div class=\"fusion-layout-column fusion_builder_column fusion-builder-column-14 fusion_builder_column_1_1 1_1 fusion-flex-column\" style=\"--awb-bg-size:cover;--awb-width-large:100%;--awb-margin-top-large:20px;--awb-spacing-right-large:1.92%;--awb-margin-bottom-large:20px;--awb-spacing-left-large:1.92%;--awb-width-medium:100%;--awb-order-medium:0;--awb-spacing-right-medium:1.92%;--awb-spacing-left-medium:1.92%;--awb-width-small:100%;--awb-order-small:0;--awb-spacing-right-small:1.92%;--awb-spacing-left-small:1.92%;\"><div class=\"fusion-column-wrapper fusion-column-has-shadow fusion-flex-justify-content-flex-start fusion-content-layout-column\"><div class=\"fusion-text fusion-text-12\"><h3 id=\"letscare\" style=\"text-align: center;\">LET&#8217;S CARE!<\/h3>\n<\/div><\/div><\/div><div class=\"fusion-layout-column fusion_builder_column fusion-builder-column-15 fusion_builder_column_1_4 1_4 fusion-flex-column\" style=\"--awb-bg-size:cover;--awb-width-large:25%;--awb-margin-top-large:20px;--awb-spacing-right-large:7.68%;--awb-margin-bottom-large:20px;--awb-spacing-left-large:7.68%;--awb-width-medium:100%;--awb-order-medium:0;--awb-spacing-right-medium:1.92%;--awb-spacing-left-medium:1.92%;--awb-width-small:100%;--awb-order-small:0;--awb-spacing-right-small:1.92%;--awb-spacing-left-small:1.92%;\"><div class=\"fusion-column-wrapper fusion-column-has-shadow fusion-flex-justify-content-flex-start fusion-content-layout-column\"><div class=\"fusion-image-element \" style=\"--awb-caption-title-font-family:var(--h2_typography-font-family);--awb-caption-title-font-weight:var(--h2_typography-font-weight);--awb-caption-title-font-style:var(--h2_typography-font-style);--awb-caption-title-size:var(--h2_typography-font-size);--awb-caption-title-transform:var(--h2_typography-text-transform);--awb-caption-title-line-height:var(--h2_typography-line-height);--awb-caption-title-letter-spacing:var(--h2_typography-letter-spacing);\"><span class=\" fusion-imageframe imageframe-none imageframe-5 hover-type-none\"><img decoding=\"async\" width=\"225\" height=\"225\" alt=\"Let&#039;s care! | Quelle: Spotify\" title=\"Let&#8217;s care! | Quelle: Spotify\" src=\"https:\/\/www.mein-pflegejob.de\/blog\/media\/lets-care.jpg\" data-orig-src=\"https:\/\/www.mein-pflegejob.de\/blog\/media\/lets-care.jpg\" class=\"lazyload img-responsive wp-image-6857\" srcset=\"data:image\/svg+xml,%3Csvg%20xmlns%3D%27http%3A%2F%2Fwww.w3.org%2F2000%2Fsvg%27%20width%3D%27225%27%20height%3D%27225%27%20viewBox%3D%270%200%20225%20225%27%3E%3Crect%20width%3D%27225%27%20height%3D%27225%27%20fill-opacity%3D%220%22%2F%3E%3C%2Fsvg%3E\" data-srcset=\"https:\/\/www.mein-pflegejob.de\/blog\/media\/lets-care-200x200.jpg 200w, https:\/\/www.mein-pflegejob.de\/blog\/media\/lets-care.jpg 225w\" data-sizes=\"auto\" data-orig-sizes=\"(max-width: 1024px) 100vw, (max-width: 640px) 100vw, 225px\" \/><\/span><\/div><div class=\"fusion-text fusion-text-13\"><p>Let&#8217;s care! | Quelle: Spotify<\/p>\n<\/div><\/div><\/div><div class=\"fusion-layout-column fusion_builder_column fusion-builder-column-16 fusion_builder_column_2_3 2_3 fusion-flex-column\" style=\"--awb-bg-size:cover;--awb-width-large:66.666666666667%;--awb-margin-top-large:20px;--awb-spacing-right-large:2.88%;--awb-margin-bottom-large:20px;--awb-spacing-left-large:2.88%;--awb-width-medium:100%;--awb-spacing-right-medium:1.92%;--awb-spacing-left-medium:1.92%;--awb-width-small:100%;--awb-spacing-right-small:1.92%;--awb-spacing-left-small:1.92%;\"><div class=\"fusion-column-wrapper fusion-column-has-shadow fusion-flex-justify-content-flex-start fusion-content-layout-column\"><div class=\"fusion-text fusion-text-14\"><p style=\"text-align: center;\">Ein recht neuer Podcast, welcher im Januar 2022 gestartet ist, ist der Pflegepodcast \u201eLet\u2019s care!\u201c von den drei Gesundheits- und Krankenpfleger:innen M\u00e1rcio, Vanessa und Eva. Sie arbeiten zusammen in einem Krankenhaus und nutzen den Podcast, um sich \u00fcber ihren Klinikalltag auszutauschen, um ihre Erlebnisse zu teilen, die Strukturen der Pflege zu vermitteln und wie sie sagen, um \u201eder Pflege eine Stimme zu geben\u201c.<\/p>\n<p style=\"text-align: center;\">Die Folgen sind auf <a href=\"https:\/\/open.spotify.com\/show\/4F1J98XzP7KE4BfcWRqKkV\" target=\"_blank\" rel=\"noopener\">Spotify <\/a>und <a href=\"https:\/\/www.podcast.de\/podcast\/2949810\/lets-care-der-pflegepodcast\" target=\"_blank\" rel=\"noopener\">Podcast.de<\/a> zu finden.<\/p>\n<\/div><\/div><\/div><div class=\"fusion-layout-column fusion_builder_column fusion-builder-column-17 fusion_builder_column_1_1 1_1 fusion-flex-column\" style=\"--awb-bg-size:cover;--awb-width-large:100%;--awb-margin-top-large:20px;--awb-spacing-right-large:1.92%;--awb-margin-bottom-large:20px;--awb-spacing-left-large:1.92%;--awb-width-medium:100%;--awb-order-medium:0;--awb-spacing-right-medium:1.92%;--awb-spacing-left-medium:1.92%;--awb-width-small:100%;--awb-order-small:0;--awb-spacing-right-small:1.92%;--awb-spacing-left-small:1.92%;\"><div class=\"fusion-column-wrapper fusion-column-has-shadow fusion-flex-justify-content-flex-start fusion-content-layout-column\"><div class=\"fusion-separator fusion-full-width-sep\" style=\"align-self: center;margin-left: auto;margin-right: auto;width:100%;\"><\/div><div class=\"fusion-separator fusion-full-width-sep\" style=\"align-self: center;margin-left: auto;margin-right: auto;margin-top:10px;margin-bottom:10px;width:100%;\"><div class=\"fusion-separator-border sep-single sep-solid\" style=\"--awb-height:20px;--awb-amount:20px;border-color:#d1d1d1;border-top-width:1px;\"><\/div><\/div><div class=\"fusion-separator fusion-full-width-sep\" style=\"align-self: center;margin-left: auto;margin-right: auto;width:100%;\"><\/div><\/div><\/div><\/div><\/div><div class=\"fusion-fullwidth fullwidth-box fusion-builder-row-6 fusion-flex-container has-pattern-background has-mask-background nonhundred-percent-fullwidth non-hundred-percent-height-scrolling\" style=\"--awb-border-radius-top-left:0px;--awb-border-radius-top-right:0px;--awb-border-radius-bottom-right:0px;--awb-border-radius-bottom-left:0px;--awb-flex-wrap:wrap;\" ><div class=\"fusion-builder-row fusion-row fusion-flex-align-items-center fusion-flex-justify-content-center fusion-flex-content-wrap\" style=\"max-width:93.6%;margin-left: calc(-4% \/ 2 );margin-right: calc(-4% \/ 2 );\"><div class=\"fusion-layout-column fusion_builder_column fusion-builder-column-18 fusion_builder_column_1_1 1_1 fusion-flex-column\" style=\"--awb-bg-size:cover;--awb-width-large:100%;--awb-margin-top-large:20px;--awb-spacing-right-large:1.92%;--awb-margin-bottom-large:20px;--awb-spacing-left-large:1.92%;--awb-width-medium:100%;--awb-order-medium:0;--awb-spacing-right-medium:1.92%;--awb-spacing-left-medium:1.92%;--awb-width-small:100%;--awb-order-small:0;--awb-spacing-right-small:1.92%;--awb-spacing-left-small:1.92%;\"><div class=\"fusion-column-wrapper fusion-column-has-shadow fusion-flex-justify-content-flex-start fusion-content-layout-column\"><div class=\"fusion-text fusion-text-15\"><h3 id=\"\u00e4rzteohnegrenzen\" style=\"text-align: center;\">NOTAUFNAHME PODCAST VON &#8222;\u00c4RZTE OHNE GRENZEN&#8220;<\/h3>\n<\/div><\/div><\/div><div class=\"fusion-layout-column fusion_builder_column fusion-builder-column-19 fusion_builder_column_1_4 1_4 fusion-flex-column\" style=\"--awb-bg-size:cover;--awb-width-large:25%;--awb-margin-top-large:20px;--awb-spacing-right-large:7.68%;--awb-margin-bottom-large:20px;--awb-spacing-left-large:7.68%;--awb-width-medium:100%;--awb-order-medium:0;--awb-spacing-right-medium:1.92%;--awb-spacing-left-medium:1.92%;--awb-width-small:100%;--awb-order-small:0;--awb-spacing-right-small:1.92%;--awb-spacing-left-small:1.92%;\"><div class=\"fusion-column-wrapper fusion-column-has-shadow fusion-flex-justify-content-flex-start fusion-content-layout-column\"><div class=\"fusion-image-element \" style=\"--awb-caption-title-font-family:var(--h2_typography-font-family);--awb-caption-title-font-weight:var(--h2_typography-font-weight);--awb-caption-title-font-style:var(--h2_typography-font-style);--awb-caption-title-size:var(--h2_typography-font-size);--awb-caption-title-transform:var(--h2_typography-text-transform);--awb-caption-title-line-height:var(--h2_typography-line-height);--awb-caption-title-letter-spacing:var(--h2_typography-letter-spacing);\"><span class=\" fusion-imageframe imageframe-none imageframe-6 hover-type-none\"><img decoding=\"async\" width=\"225\" height=\"225\" alt=\"Notaufnahme-Podcast von \u201e\u00c4rzte ohne Grenzen\u201c | Quelle: \u00c4rzte ohne Grenzen\" title=\"Notaufnahme-Podcast von \u201e\u00c4rzte ohne Grenzen\u201c | Quelle: \u00c4rzte ohne Grenzen\" src=\"https:\/\/www.mein-pflegejob.de\/blog\/media\/notaufnahme-aerzte.jpg\" data-orig-src=\"https:\/\/www.mein-pflegejob.de\/blog\/media\/notaufnahme-aerzte.jpg\" class=\"lazyload img-responsive wp-image-6858\" srcset=\"data:image\/svg+xml,%3Csvg%20xmlns%3D%27http%3A%2F%2Fwww.w3.org%2F2000%2Fsvg%27%20width%3D%27225%27%20height%3D%27225%27%20viewBox%3D%270%200%20225%20225%27%3E%3Crect%20width%3D%27225%27%20height%3D%27225%27%20fill-opacity%3D%220%22%2F%3E%3C%2Fsvg%3E\" data-srcset=\"https:\/\/www.mein-pflegejob.de\/blog\/media\/notaufnahme-aerzte-200x200.jpg 200w, https:\/\/www.mein-pflegejob.de\/blog\/media\/notaufnahme-aerzte.jpg 225w\" data-sizes=\"auto\" data-orig-sizes=\"(max-width: 1024px) 100vw, (max-width: 640px) 100vw, 225px\" \/><\/span><\/div><div class=\"fusion-text fusion-text-16\"><p>Notaufnahme-Podcast von \u201e\u00c4rzte ohne Grenzen\u201c | Quelle: \u00c4rzte ohne Grenzen<\/p>\n<\/div><\/div><\/div><div class=\"fusion-layout-column fusion_builder_column fusion-builder-column-20 fusion_builder_column_2_3 2_3 fusion-flex-column\" style=\"--awb-bg-size:cover;--awb-width-large:66.666666666667%;--awb-margin-top-large:20px;--awb-spacing-right-large:2.88%;--awb-margin-bottom-large:20px;--awb-spacing-left-large:2.88%;--awb-width-medium:100%;--awb-spacing-right-medium:1.92%;--awb-spacing-left-medium:1.92%;--awb-width-small:100%;--awb-spacing-right-small:1.92%;--awb-spacing-left-small:1.92%;\"><div class=\"fusion-column-wrapper fusion-column-has-shadow fusion-flex-justify-content-flex-start fusion-content-layout-column\"><div class=\"fusion-text fusion-text-17\"><p style=\"text-align: center;\">In diesem zweiten Notaufnahme-Podcast berichten \u00c4rzt:innen und Beteiligte der <a href=\"https:\/\/www.aerzte-ohne-grenzen.de\/\" target=\"_blank\" rel=\"noopener\">\u201e\u00c4rzte ohne Grenzen\u201c<\/a> in unregelm\u00e4\u00dfigen Abst\u00e4nden (ca. 1 Mal im Monat) von ihren Erfahrungen in Krisengebieten und Ausnahmesituationen.<\/p>\n<p style=\"text-align: center;\">Der NotAufnahme-Podcast wird von der Journalistin Anna Dushime und dem Gesch\u00e4ftsf\u00fchrer von \u201e\u00c4rzte ohne Grenzen\u201c, Christian Katzer, moderiert.<\/p>\n<p style=\"text-align: center;\">Obwohl der Pflegealltag in deutschen Einrichtungen nicht direkt behandelt wird, kann es besonders spannend sein, einmal reinzuh\u00f6ren und zu erfahren, wie die medizinische Arbeit und Versorgung in L\u00e4ndern funktioniert, welche mit Krieg, Konflikten oder Naturkatastrophen zu k\u00e4mpfen haben.<\/p>\n<p style=\"text-align: center;\">Der Podcast ist auf <a href=\"https:\/\/open.spotify.com\/show\/5pfwfpIpP22DzdUDdUg96Z\" target=\"_blank\" rel=\"noopener\">Spotify<\/a>, <a href=\"https:\/\/www.podcast.de\/podcast\/915690\/notaufnahme-der-podcast-von-aerzte-ohne-grenzen\" target=\"_blank\" rel=\"noopener\">Podcast.de<\/a>, <a href=\"https:\/\/podcasts.apple.com\/fr\/podcast\/notaufnahme-der-podcast-von-%C3%A4rzte-ohne-grenzen\/id1523442114\" target=\"_blank\" rel=\"noopener\">Apple Podcast<\/a> sowie auf der <a href=\"https:\/\/www.aerzte-ohne-grenzen.de\/unsere-arbeit\/podcast\" target=\"_blank\" rel=\"noopener\">Webseite von \u201e\u00c4rzte ohne Grenzen\u201c <\/a>verf\u00fcgbar.<\/p>\n<\/div><\/div><\/div><div class=\"fusion-layout-column fusion_builder_column fusion-builder-column-21 fusion_builder_column_1_1 1_1 fusion-flex-column\" style=\"--awb-bg-size:cover;--awb-width-large:100%;--awb-margin-top-large:20px;--awb-spacing-right-large:1.92%;--awb-margin-bottom-large:20px;--awb-spacing-left-large:1.92%;--awb-width-medium:100%;--awb-order-medium:0;--awb-spacing-right-medium:1.92%;--awb-spacing-left-medium:1.92%;--awb-width-small:100%;--awb-order-small:0;--awb-spacing-right-small:1.92%;--awb-spacing-left-small:1.92%;\"><div class=\"fusion-column-wrapper fusion-column-has-shadow fusion-flex-justify-content-flex-start fusion-content-layout-column\"><div class=\"fusion-separator fusion-full-width-sep\" style=\"align-self: center;margin-left: auto;margin-right: auto;width:100%;\"><\/div><div class=\"fusion-separator fusion-full-width-sep\" style=\"align-self: center;margin-left: auto;margin-right: auto;margin-top:10px;margin-bottom:10px;width:100%;\"><div class=\"fusion-separator-border sep-single sep-solid\" style=\"--awb-height:20px;--awb-amount:20px;border-color:#d1d1d1;border-top-width:1px;\"><\/div><\/div><div class=\"fusion-separator fusion-full-width-sep\" style=\"align-self: center;margin-left: auto;margin-right: auto;width:100%;\"><\/div><\/div><\/div><\/div><\/div><div class=\"fusion-fullwidth fullwidth-box fusion-builder-row-7 fusion-flex-container has-pattern-background has-mask-background nonhundred-percent-fullwidth non-hundred-percent-height-scrolling\" style=\"--awb-border-radius-top-left:0px;--awb-border-radius-top-right:0px;--awb-border-radius-bottom-right:0px;--awb-border-radius-bottom-left:0px;--awb-flex-wrap:wrap;\" ><div class=\"fusion-builder-row fusion-row fusion-flex-align-items-center fusion-flex-justify-content-center fusion-flex-content-wrap\" style=\"max-width:93.6%;margin-left: calc(-4% \/ 2 );margin-right: calc(-4% \/ 2 );\"><div class=\"fusion-layout-column fusion_builder_column fusion-builder-column-22 fusion_builder_column_1_1 1_1 fusion-flex-column\" style=\"--awb-bg-size:cover;--awb-width-large:100%;--awb-margin-top-large:20px;--awb-spacing-right-large:1.92%;--awb-margin-bottom-large:20px;--awb-spacing-left-large:1.92%;--awb-width-medium:100%;--awb-order-medium:0;--awb-spacing-right-medium:1.92%;--awb-spacing-left-medium:1.92%;--awb-width-small:100%;--awb-order-small:0;--awb-spacing-right-small:1.92%;--awb-spacing-left-small:1.92%;\"><div class=\"fusion-column-wrapper fusion-column-has-shadow fusion-flex-justify-content-flex-start fusion-content-layout-column\"><div class=\"fusion-text fusion-text-18\"><h3 id=\"ostfalia\" style=\"text-align: center;\">OSTFALIA-PODCAST: \u201ePFLEGESTANDARD\u201c \u2013 DER PFLEGEWISSENSCHAFTLICHE PODCAST<\/h3>\n<\/div><\/div><\/div><div class=\"fusion-layout-column fusion_builder_column fusion-builder-column-23 fusion_builder_column_1_4 1_4 fusion-flex-column\" style=\"--awb-bg-size:cover;--awb-width-large:25%;--awb-margin-top-large:20px;--awb-spacing-right-large:7.68%;--awb-margin-bottom-large:20px;--awb-spacing-left-large:7.68%;--awb-width-medium:100%;--awb-order-medium:0;--awb-spacing-right-medium:1.92%;--awb-spacing-left-medium:1.92%;--awb-width-small:100%;--awb-order-small:0;--awb-spacing-right-small:1.92%;--awb-spacing-left-small:1.92%;\"><div class=\"fusion-column-wrapper fusion-column-has-shadow fusion-flex-justify-content-flex-start fusion-content-layout-column\"><div class=\"fusion-image-element \" style=\"--awb-caption-title-font-family:var(--h2_typography-font-family);--awb-caption-title-font-weight:var(--h2_typography-font-weight);--awb-caption-title-font-style:var(--h2_typography-font-style);--awb-caption-title-size:var(--h2_typography-font-size);--awb-caption-title-transform:var(--h2_typography-text-transform);--awb-caption-title-line-height:var(--h2_typography-line-height);--awb-caption-title-letter-spacing:var(--h2_typography-letter-spacing);\"><span class=\" fusion-imageframe imageframe-none imageframe-7 hover-type-none\"><img decoding=\"async\" width=\"225\" height=\"225\" alt=\"\u201ePflegeStandard\u201c - Der pflegewissenschaftliche Podcast | Quelle: Spotify\" title=\"\u201ePflegeStandard\u201c &#8211; Der pflegewissenschaftliche Podcast | Quelle: Spotify\" src=\"https:\/\/www.mein-pflegejob.de\/blog\/media\/ostfalia.jpg\" data-orig-src=\"https:\/\/www.mein-pflegejob.de\/blog\/media\/ostfalia.jpg\" class=\"lazyload img-responsive wp-image-6859\" srcset=\"data:image\/svg+xml,%3Csvg%20xmlns%3D%27http%3A%2F%2Fwww.w3.org%2F2000%2Fsvg%27%20width%3D%27225%27%20height%3D%27225%27%20viewBox%3D%270%200%20225%20225%27%3E%3Crect%20width%3D%27225%27%20height%3D%27225%27%20fill-opacity%3D%220%22%2F%3E%3C%2Fsvg%3E\" data-srcset=\"https:\/\/www.mein-pflegejob.de\/blog\/media\/ostfalia-200x200.jpg 200w, https:\/\/www.mein-pflegejob.de\/blog\/media\/ostfalia.jpg 225w\" data-sizes=\"auto\" data-orig-sizes=\"(max-width: 1024px) 100vw, (max-width: 640px) 100vw, 225px\" \/><\/span><\/div><div class=\"fusion-text fusion-text-19\"><p>\u201ePflegeStandard\u201c &#8211; Der pflegewissenschaftliche Podcast | Quelle: Spotify<\/p>\n<\/div><\/div><\/div><div class=\"fusion-layout-column fusion_builder_column fusion-builder-column-24 fusion_builder_column_2_3 2_3 fusion-flex-column\" style=\"--awb-bg-size:cover;--awb-width-large:66.666666666667%;--awb-margin-top-large:20px;--awb-spacing-right-large:2.88%;--awb-margin-bottom-large:20px;--awb-spacing-left-large:2.88%;--awb-width-medium:100%;--awb-spacing-right-medium:1.92%;--awb-spacing-left-medium:1.92%;--awb-width-small:100%;--awb-spacing-right-small:1.92%;--awb-spacing-left-small:1.92%;\"><div class=\"fusion-column-wrapper fusion-column-has-shadow fusion-flex-justify-content-flex-start fusion-content-layout-column\"><div class=\"fusion-text fusion-text-20\"><p style=\"text-align: center;\">Der Podcast &#8222;PflegeStandard&#8220;, den die <a href=\"https:\/\/www.ostfalia.de\/cms\/de\/\" target=\"_blank\" rel=\"noopener\">Fakult\u00e4t Gesundheitswesen der Hochschule f\u00fcr angewandte Wissenschaften Ostfalia<\/a> im Herbst 2020 gestartet hat, besch\u00e4ftigt sich unter anderem mit den Fragen, wohin sich die <a href=\"https:\/\/www.mein-pflegejob.de\/blog\/generalistische-pflegeausbildung-vs-alte-ausbildungsform\/\" target=\"_blank\" rel=\"noopener\">Pflegeausbildung in Deutschland<\/a> entwickelt und wie das Land den Anschluss an professionelle Pflegekr\u00e4fte in Europa findet. Oder aber warum Pflege h\u00e4ufig mit Begriffen wie Aufopferung und Hingabe statt mit Professionalit\u00e4t und dem Mehrwert f\u00fcr die Gesellschaft verbunden ist.<\/p>\n<p style=\"text-align: center;\">Auf diese und weitere Fragen versucht Prof. Dr. Martina Hasseler im Podcast in einzelnen Interviews mit Entscheidungstr\u00e4ger:innen, Antworten zu finden, die bisher im \u00f6ffentlichen Diskurs nicht angesprochen wurden. Als Pflegewissenschaftlerin m\u00f6chte sie damit einen Beitrag dazu leisten, die Pflege in Deutschland zu verbessern.<\/p>\n<p style=\"text-align: center;\">Einmal im Monat wurde hier eine Podcastfolge ver\u00f6ffentlicht, wobei die letzte am 22. Februar 2022 ver\u00f6ffentlicht wurde.<\/p>\n<p style=\"text-align: center;\">Zu finden ist der Podcast auf <a href=\"https:\/\/www.podcast.de\/podcast\/890215\/pflegestandard\" target=\"_blank\" rel=\"noopener\">Podcast.de<\/a>, <a href=\"https:\/\/open.spotify.com\/show\/5bELQPmtqDZUchEOcG5t1c\" target=\"_blank\" rel=\"noopener\">Spotify<\/a>, der <a href=\"https:\/\/www.ostfalia.de\/cms\/de\/huk\/kommunikation\/presse\/pressemitteilungen-2020\/podcast-pflegestandard-fakultaet-gesundheitswesen\/\" target=\"_blank\" rel=\"noopener\">Ostfalia Webseite<\/a> sowie auf dem <a href=\"https:\/\/blogs.sonia.de\/pflegestandard\/team\/\" target=\"_blank\" rel=\"noopener\">PflegeStandard Blog<\/a>.<\/p>\n<\/div><\/div><\/div><div class=\"fusion-layout-column fusion_builder_column fusion-builder-column-25 fusion_builder_column_1_1 1_1 fusion-flex-column\" style=\"--awb-bg-size:cover;--awb-width-large:100%;--awb-margin-top-large:20px;--awb-spacing-right-large:1.92%;--awb-margin-bottom-large:20px;--awb-spacing-left-large:1.92%;--awb-width-medium:100%;--awb-order-medium:0;--awb-spacing-right-medium:1.92%;--awb-spacing-left-medium:1.92%;--awb-width-small:100%;--awb-order-small:0;--awb-spacing-right-small:1.92%;--awb-spacing-left-small:1.92%;\"><div class=\"fusion-column-wrapper fusion-column-has-shadow fusion-flex-justify-content-flex-start fusion-content-layout-column\"><div class=\"fusion-separator fusion-full-width-sep\" style=\"align-self: center;margin-left: auto;margin-right: auto;width:100%;\"><\/div><div class=\"fusion-separator fusion-full-width-sep\" style=\"align-self: center;margin-left: auto;margin-right: auto;margin-top:10px;margin-bottom:10px;width:100%;\"><div class=\"fusion-separator-border sep-single sep-solid\" style=\"--awb-height:20px;--awb-amount:20px;border-color:#d1d1d1;border-top-width:1px;\"><\/div><\/div><div class=\"fusion-separator fusion-full-width-sep\" style=\"align-self: center;margin-left: auto;margin-right: auto;width:100%;\"><\/div><\/div><\/div><\/div><\/div><div class=\"fusion-fullwidth fullwidth-box fusion-builder-row-8 fusion-flex-container has-pattern-background has-mask-background nonhundred-percent-fullwidth non-hundred-percent-height-scrolling\" style=\"--awb-border-radius-top-left:0px;--awb-border-radius-top-right:0px;--awb-border-radius-bottom-right:0px;--awb-border-radius-bottom-left:0px;--awb-flex-wrap:wrap;\" ><div class=\"fusion-builder-row fusion-row fusion-flex-align-items-center fusion-flex-justify-content-center fusion-flex-content-wrap\" style=\"max-width:93.6%;margin-left: calc(-4% \/ 2 );margin-right: calc(-4% \/ 2 );\"><div class=\"fusion-layout-column fusion_builder_column fusion-builder-column-26 fusion_builder_column_1_1 1_1 fusion-flex-column\" style=\"--awb-bg-size:cover;--awb-width-large:100%;--awb-margin-top-large:20px;--awb-spacing-right-large:1.92%;--awb-margin-bottom-large:20px;--awb-spacing-left-large:1.92%;--awb-width-medium:100%;--awb-order-medium:0;--awb-spacing-right-medium:1.92%;--awb-spacing-left-medium:1.92%;--awb-width-small:100%;--awb-order-small:0;--awb-spacing-right-small:1.92%;--awb-spacing-left-small:1.92%;\"><div class=\"fusion-column-wrapper fusion-column-has-shadow fusion-flex-justify-content-flex-start fusion-content-layout-column\"><div class=\"fusion-text fusion-text-21\"><h3 id=\"ukhd\" style=\"text-align: center;\">PFLEGE UKHD<\/h3>\n<\/div><\/div><\/div><div class=\"fusion-layout-column fusion_builder_column fusion-builder-column-27 fusion_builder_column_1_4 1_4 fusion-flex-column\" style=\"--awb-bg-size:cover;--awb-width-large:25%;--awb-margin-top-large:20px;--awb-spacing-right-large:7.68%;--awb-margin-bottom-large:20px;--awb-spacing-left-large:7.68%;--awb-width-medium:100%;--awb-order-medium:0;--awb-spacing-right-medium:1.92%;--awb-spacing-left-medium:1.92%;--awb-width-small:100%;--awb-order-small:0;--awb-spacing-right-small:1.92%;--awb-spacing-left-small:1.92%;\"><div class=\"fusion-column-wrapper fusion-column-has-shadow fusion-flex-justify-content-flex-start fusion-content-layout-column\"><div class=\"fusion-image-element \" style=\"--awb-caption-title-font-family:var(--h2_typography-font-family);--awb-caption-title-font-weight:var(--h2_typography-font-weight);--awb-caption-title-font-style:var(--h2_typography-font-style);--awb-caption-title-size:var(--h2_typography-font-size);--awb-caption-title-transform:var(--h2_typography-text-transform);--awb-caption-title-line-height:var(--h2_typography-line-height);--awb-caption-title-letter-spacing:var(--h2_typography-letter-spacing);\"><span class=\" fusion-imageframe imageframe-none imageframe-8 hover-type-none\"><img decoding=\"async\" width=\"225\" height=\"225\" alt=\"Pflege UKHD | Quelle: Spotify\" title=\"Pflege UKHD | Quelle: Spotify\" src=\"https:\/\/www.mein-pflegejob.de\/blog\/media\/ukhd.jpg\" data-orig-src=\"https:\/\/www.mein-pflegejob.de\/blog\/media\/ukhd.jpg\" class=\"lazyload img-responsive wp-image-6860\" srcset=\"data:image\/svg+xml,%3Csvg%20xmlns%3D%27http%3A%2F%2Fwww.w3.org%2F2000%2Fsvg%27%20width%3D%27225%27%20height%3D%27225%27%20viewBox%3D%270%200%20225%20225%27%3E%3Crect%20width%3D%27225%27%20height%3D%27225%27%20fill-opacity%3D%220%22%2F%3E%3C%2Fsvg%3E\" data-srcset=\"https:\/\/www.mein-pflegejob.de\/blog\/media\/ukhd-200x200.jpg 200w, https:\/\/www.mein-pflegejob.de\/blog\/media\/ukhd.jpg 225w\" data-sizes=\"auto\" data-orig-sizes=\"(max-width: 1024px) 100vw, (max-width: 640px) 100vw, 225px\" \/><\/span><\/div><div class=\"fusion-text fusion-text-22\"><p>Pflege UKHD | Quelle: Spotify<\/p>\n<\/div><\/div><\/div><div class=\"fusion-layout-column fusion_builder_column fusion-builder-column-28 fusion_builder_column_2_3 2_3 fusion-flex-column\" style=\"--awb-bg-size:cover;--awb-width-large:66.666666666667%;--awb-margin-top-large:20px;--awb-spacing-right-large:2.88%;--awb-margin-bottom-large:20px;--awb-spacing-left-large:2.88%;--awb-width-medium:100%;--awb-spacing-right-medium:1.92%;--awb-spacing-left-medium:1.92%;--awb-width-small:100%;--awb-spacing-right-small:1.92%;--awb-spacing-left-small:1.92%;\"><div class=\"fusion-column-wrapper fusion-column-has-shadow fusion-flex-justify-content-flex-start fusion-content-layout-column\"><div class=\"fusion-text fusion-text-23\"><p style=\"text-align: center;\">Robin Kr\u00fcger, Gesundheits- und Krankenpfleger an der <a href=\"https:\/\/www.klinikum.uni-heidelberg.de\/\" target=\"_blank\" rel=\"noopener\">Uniklinik Heidelberg (UKHD)<\/a>, unterh\u00e4lt sich im Podcast \u201ePflege UKHD\u201c mit Kolleg:innen seines Hauses \u00fcber innovative, interessante und abwechslungsreiche Pflegethemen am UKHD. Dazu geh\u00f6ren beispielsweise der &#8222;Innovationsraum Pflege&#8220; oder der Einsatz von Virtual-Reality-Brillen in der Schmerztherapie.<\/p>\n<p style=\"text-align: center;\">Den Pflege-Podcast gibt es seit M\u00e4rz 2021 auf <a href=\"https:\/\/open.spotify.com\/show\/18vjIrBxTLDFBdABiPNYM2\" target=\"_blank\" rel=\"noopener\">Spotify<\/a> und auf der <a href=\"https:\/\/www.klinikum.uni-heidelberg.de\/organisation\/pflege\/pflegedienst-am-ukhd\/wir-sind-intensiv-podcast\" target=\"_blank\" rel=\"noopener\">Webseite des Universit\u00e4tsklinikums Heidelberg<\/a>.<\/p>\n<\/div><\/div><\/div><div class=\"fusion-layout-column fusion_builder_column fusion-builder-column-29 fusion_builder_column_1_1 1_1 fusion-flex-column\" style=\"--awb-bg-size:cover;--awb-width-large:100%;--awb-margin-top-large:20px;--awb-spacing-right-large:1.92%;--awb-margin-bottom-large:20px;--awb-spacing-left-large:1.92%;--awb-width-medium:100%;--awb-order-medium:0;--awb-spacing-right-medium:1.92%;--awb-spacing-left-medium:1.92%;--awb-width-small:100%;--awb-order-small:0;--awb-spacing-right-small:1.92%;--awb-spacing-left-small:1.92%;\"><div class=\"fusion-column-wrapper fusion-column-has-shadow fusion-flex-justify-content-flex-start fusion-content-layout-column\"><div class=\"fusion-separator fusion-full-width-sep\" style=\"align-self: center;margin-left: auto;margin-right: auto;width:100%;\"><\/div><div class=\"fusion-separator fusion-full-width-sep\" style=\"align-self: center;margin-left: auto;margin-right: auto;margin-top:10px;margin-bottom:10px;width:100%;\"><div class=\"fusion-separator-border sep-single sep-solid\" style=\"--awb-height:20px;--awb-amount:20px;border-color:#d1d1d1;border-top-width:1px;\"><\/div><\/div><div class=\"fusion-separator fusion-full-width-sep\" style=\"align-self: center;margin-left: auto;margin-right: auto;width:100%;\"><\/div><\/div><\/div><\/div><\/div><div class=\"fusion-fullwidth fullwidth-box fusion-builder-row-9 fusion-flex-container has-pattern-background has-mask-background nonhundred-percent-fullwidth non-hundred-percent-height-scrolling\" style=\"--awb-border-radius-top-left:0px;--awb-border-radius-top-right:0px;--awb-border-radius-bottom-right:0px;--awb-border-radius-bottom-left:0px;--awb-flex-wrap:wrap;\" ><div class=\"fusion-builder-row fusion-row fusion-flex-align-items-center fusion-flex-justify-content-center fusion-flex-content-wrap\" style=\"max-width:93.6%;margin-left: calc(-4% \/ 2 );margin-right: calc(-4% \/ 2 );\"><div class=\"fusion-layout-column fusion_builder_column fusion-builder-column-30 fusion_builder_column_1_1 1_1 fusion-flex-column\" style=\"--awb-bg-size:cover;--awb-width-large:100%;--awb-margin-top-large:20px;--awb-spacing-right-large:1.92%;--awb-margin-bottom-large:20px;--awb-spacing-left-large:1.92%;--awb-width-medium:100%;--awb-order-medium:0;--awb-spacing-right-medium:1.92%;--awb-spacing-left-medium:1.92%;--awb-width-small:100%;--awb-order-small:0;--awb-spacing-right-small:1.92%;--awb-spacing-left-small:1.92%;\"><div class=\"fusion-column-wrapper fusion-column-has-shadow fusion-flex-justify-content-flex-start fusion-content-layout-column\"><div class=\"fusion-text fusion-text-24\"><h3 id=\"ohren\" style=\"text-align: center;\">PFLEGE F\u00dcR DIE OHREN<\/h3>\n<\/div><\/div><\/div><div class=\"fusion-layout-column fusion_builder_column fusion-builder-column-31 fusion_builder_column_1_4 1_4 fusion-flex-column\" style=\"--awb-bg-size:cover;--awb-width-large:25%;--awb-margin-top-large:20px;--awb-spacing-right-large:7.68%;--awb-margin-bottom-large:20px;--awb-spacing-left-large:7.68%;--awb-width-medium:100%;--awb-order-medium:0;--awb-spacing-right-medium:1.92%;--awb-spacing-left-medium:1.92%;--awb-width-small:100%;--awb-order-small:0;--awb-spacing-right-small:1.92%;--awb-spacing-left-small:1.92%;\"><div class=\"fusion-column-wrapper fusion-column-has-shadow fusion-flex-justify-content-flex-start fusion-content-layout-column\"><div class=\"fusion-image-element \" style=\"--awb-caption-title-font-family:var(--h2_typography-font-family);--awb-caption-title-font-weight:var(--h2_typography-font-weight);--awb-caption-title-font-style:var(--h2_typography-font-style);--awb-caption-title-size:var(--h2_typography-font-size);--awb-caption-title-transform:var(--h2_typography-text-transform);--awb-caption-title-line-height:var(--h2_typography-line-height);--awb-caption-title-letter-spacing:var(--h2_typography-letter-spacing);\"><span class=\" fusion-imageframe imageframe-none imageframe-9 hover-type-none\"><img decoding=\"async\" width=\"225\" height=\"225\" alt=\"Pflege f\u00fcr die Ohren | Quelle: Podigee\" title=\"Pflege f\u00fcr die Ohren | Quelle: Podigee\" src=\"https:\/\/www.mein-pflegejob.de\/blog\/media\/ohren.jpg\" data-orig-src=\"https:\/\/www.mein-pflegejob.de\/blog\/media\/ohren.jpg\" class=\"lazyload img-responsive wp-image-6861\" srcset=\"data:image\/svg+xml,%3Csvg%20xmlns%3D%27http%3A%2F%2Fwww.w3.org%2F2000%2Fsvg%27%20width%3D%27225%27%20height%3D%27225%27%20viewBox%3D%270%200%20225%20225%27%3E%3Crect%20width%3D%27225%27%20height%3D%27225%27%20fill-opacity%3D%220%22%2F%3E%3C%2Fsvg%3E\" data-srcset=\"https:\/\/www.mein-pflegejob.de\/blog\/media\/ohren-200x200.jpg 200w, https:\/\/www.mein-pflegejob.de\/blog\/media\/ohren.jpg 225w\" data-sizes=\"auto\" data-orig-sizes=\"(max-width: 1024px) 100vw, (max-width: 640px) 100vw, 225px\" \/><\/span><\/div><div class=\"fusion-text fusion-text-25\"><p>Pflege f\u00fcr die Ohren | Quelle: Podigee<\/p>\n<\/div><\/div><\/div><div class=\"fusion-layout-column fusion_builder_column fusion-builder-column-32 fusion_builder_column_2_3 2_3 fusion-flex-column\" style=\"--awb-bg-size:cover;--awb-width-large:66.666666666667%;--awb-margin-top-large:20px;--awb-spacing-right-large:2.88%;--awb-margin-bottom-large:20px;--awb-spacing-left-large:2.88%;--awb-width-medium:100%;--awb-spacing-right-medium:1.92%;--awb-spacing-left-medium:1.92%;--awb-width-small:100%;--awb-spacing-right-small:1.92%;--awb-spacing-left-small:1.92%;\"><div class=\"fusion-column-wrapper fusion-column-has-shadow fusion-flex-justify-content-flex-start fusion-content-layout-column\"><div class=\"fusion-text fusion-text-26\"><p style=\"text-align: center;\">Bereits mit 44 Folgen (Stand Mai 2023) verschafft der Podcast \u201ePflege f\u00fcr die Ohren\u201c mit kurzen Folgen einen abwechslungs- und lehrreichen Zugang zu Themen aus der h\u00e4matologischen und onkologischen Pflege.<\/p>\n<p style=\"text-align: center;\">Der Podcast ist speziell f\u00fcr Pflegekr\u00e4fte und medizinisches Fachpersonal in der H\u00e4matologie und Onkologie angelegt und l\u00e4dt Expert:innen ein, um neben Praxistipps auch aktuelle Themen und Wissenswertes im Bereich zu besprechen.<\/p>\n<p style=\"text-align: center;\">Auf <a href=\"https:\/\/open.spotify.com\/show\/12zskqcO8B3l8ezMuJgVkF\" target=\"_blank\" rel=\"noopener\">Spotify<\/a>, <a href=\"https:\/\/www.deezer.com\/de\/show\/1720462\" target=\"_blank\" rel=\"noopener\">Deezer<\/a>, <a href=\"https:\/\/music.amazon.de\/podcasts\/780f4cd5-aa90-4fd7-89fa-d86d9b7172fe\/pflege-f%C3%BCr-die-ohren---der-pflege-onkologie-podcast\" target=\"_blank\" rel=\"noopener\">Amazon Music<\/a> und der <a href=\"https:\/\/www.pflege-onkologie.de\/infos-fuer-pflegekraefte\/podcast-onkologiepflege\" target=\"_blank\" rel=\"noopener\">Webseite <\/a>zu finden.<\/p>\n<\/div><\/div><\/div><div class=\"fusion-layout-column fusion_builder_column fusion-builder-column-33 fusion_builder_column_1_1 1_1 fusion-flex-column\" style=\"--awb-bg-size:cover;--awb-width-large:100%;--awb-margin-top-large:20px;--awb-spacing-right-large:1.92%;--awb-margin-bottom-large:20px;--awb-spacing-left-large:1.92%;--awb-width-medium:100%;--awb-order-medium:0;--awb-spacing-right-medium:1.92%;--awb-spacing-left-medium:1.92%;--awb-width-small:100%;--awb-order-small:0;--awb-spacing-right-small:1.92%;--awb-spacing-left-small:1.92%;\"><div class=\"fusion-column-wrapper fusion-column-has-shadow fusion-flex-justify-content-flex-start fusion-content-layout-column\"><div class=\"fusion-separator fusion-full-width-sep\" style=\"align-self: center;margin-left: auto;margin-right: auto;width:100%;\"><\/div><div class=\"fusion-separator fusion-full-width-sep\" style=\"align-self: center;margin-left: auto;margin-right: auto;margin-top:10px;margin-bottom:10px;width:100%;\"><div class=\"fusion-separator-border sep-single sep-solid\" style=\"--awb-height:20px;--awb-amount:20px;border-color:#d1d1d1;border-top-width:1px;\"><\/div><\/div><div class=\"fusion-separator fusion-full-width-sep\" style=\"align-self: center;margin-left: auto;margin-right: auto;width:100%;\"><\/div><\/div><\/div><\/div><\/div><div class=\"fusion-fullwidth fullwidth-box fusion-builder-row-10 fusion-flex-container has-pattern-background has-mask-background nonhundred-percent-fullwidth non-hundred-percent-height-scrolling\" style=\"--awb-border-radius-top-left:0px;--awb-border-radius-top-right:0px;--awb-border-radius-bottom-right:0px;--awb-border-radius-bottom-left:0px;--awb-flex-wrap:wrap;\" ><div class=\"fusion-builder-row fusion-row fusion-flex-align-items-center fusion-flex-justify-content-center fusion-flex-content-wrap\" style=\"max-width:93.6%;margin-left: calc(-4% \/ 2 );margin-right: calc(-4% \/ 2 );\"><div class=\"fusion-layout-column fusion_builder_column fusion-builder-column-34 fusion_builder_column_1_1 1_1 fusion-flex-column\" style=\"--awb-bg-size:cover;--awb-width-large:100%;--awb-margin-top-large:20px;--awb-spacing-right-large:1.92%;--awb-margin-bottom-large:20px;--awb-spacing-left-large:1.92%;--awb-width-medium:100%;--awb-order-medium:0;--awb-spacing-right-medium:1.92%;--awb-spacing-left-medium:1.92%;--awb-width-small:100%;--awb-order-small:0;--awb-spacing-right-small:1.92%;--awb-spacing-left-small:1.92%;\"><div class=\"fusion-column-wrapper fusion-column-has-shadow fusion-flex-justify-content-flex-start fusion-content-layout-column\"><div class=\"fusion-text fusion-text-27\"><h3 id=\"sozial\" style=\"text-align: center;\">SOZIAL BERUFEN<\/h3>\n<\/div><\/div><\/div><div class=\"fusion-layout-column fusion_builder_column fusion-builder-column-35 fusion_builder_column_1_4 1_4 fusion-flex-column\" style=\"--awb-bg-size:cover;--awb-width-large:25%;--awb-margin-top-large:20px;--awb-spacing-right-large:7.68%;--awb-margin-bottom-large:20px;--awb-spacing-left-large:7.68%;--awb-width-medium:100%;--awb-order-medium:0;--awb-spacing-right-medium:1.92%;--awb-spacing-left-medium:1.92%;--awb-width-small:100%;--awb-order-small:0;--awb-spacing-right-small:1.92%;--awb-spacing-left-small:1.92%;\"><div class=\"fusion-column-wrapper fusion-column-has-shadow fusion-flex-justify-content-flex-start fusion-content-layout-column\"><div class=\"fusion-image-element \" style=\"--awb-caption-title-font-family:var(--h2_typography-font-family);--awb-caption-title-font-weight:var(--h2_typography-font-weight);--awb-caption-title-font-style:var(--h2_typography-font-style);--awb-caption-title-size:var(--h2_typography-font-size);--awb-caption-title-transform:var(--h2_typography-text-transform);--awb-caption-title-line-height:var(--h2_typography-line-height);--awb-caption-title-letter-spacing:var(--h2_typography-letter-spacing);\"><span class=\" fusion-imageframe imageframe-none imageframe-10 hover-type-none\"><img decoding=\"async\" width=\"225\" height=\"225\" alt=\"sozial berufen | Quelle: Deezer\" title=\"sozial berufen | Quelle: Deezer\" src=\"https:\/\/www.mein-pflegejob.de\/blog\/media\/sozial.jpg\" data-orig-src=\"https:\/\/www.mein-pflegejob.de\/blog\/media\/sozial.jpg\" class=\"lazyload img-responsive wp-image-6862\" srcset=\"data:image\/svg+xml,%3Csvg%20xmlns%3D%27http%3A%2F%2Fwww.w3.org%2F2000%2Fsvg%27%20width%3D%27225%27%20height%3D%27225%27%20viewBox%3D%270%200%20225%20225%27%3E%3Crect%20width%3D%27225%27%20height%3D%27225%27%20fill-opacity%3D%220%22%2F%3E%3C%2Fsvg%3E\" data-srcset=\"https:\/\/www.mein-pflegejob.de\/blog\/media\/sozial-200x200.jpg 200w, https:\/\/www.mein-pflegejob.de\/blog\/media\/sozial.jpg 225w\" data-sizes=\"auto\" data-orig-sizes=\"(max-width: 1024px) 100vw, (max-width: 640px) 100vw, 225px\" \/><\/span><\/div><div class=\"fusion-text fusion-text-28\"><p>sozial berufen | Quelle: Deezer<\/p>\n<\/div><\/div><\/div><div class=\"fusion-layout-column fusion_builder_column fusion-builder-column-36 fusion_builder_column_2_3 2_3 fusion-flex-column\" style=\"--awb-bg-size:cover;--awb-width-large:66.666666666667%;--awb-margin-top-large:20px;--awb-spacing-right-large:2.88%;--awb-margin-bottom-large:20px;--awb-spacing-left-large:2.88%;--awb-width-medium:100%;--awb-spacing-right-medium:1.92%;--awb-spacing-left-medium:1.92%;--awb-width-small:100%;--awb-spacing-right-small:1.92%;--awb-spacing-left-small:1.92%;\"><div class=\"fusion-column-wrapper fusion-column-has-shadow fusion-flex-justify-content-flex-start fusion-content-layout-column\"><div class=\"fusion-text fusion-text-29\"><p style=\"text-align: center;\">Doreen Falkenthal, <a href=\"https:\/\/www.mein-pflegejob.de\/blog\/pflegefachfrau-mann\/\" target=\"_blank\" rel=\"noopener\">Pflegefachfrau<\/a> und Sozialp\u00e4dagogin aus Norddeutschland, hat sich zum Ziel gesetzt mit ihrem Podcast \u201esozial berufen\u201c Menschen in Sozialberufen eine Stimme zu geben. Seit zwei Jahren erscheinen regelm\u00e4\u00dfig neue Folgen mit Interviews und Themenshows, die inspirieren und motivieren sollen, sowie Einblicke in verschiedene soziale Bereiche gew\u00e4hren.<\/p>\n<p style=\"text-align: center;\">Der Hauptfokus ihrer Show liegt auf den <a href=\"https:\/\/www.mein-pflegejob.de\/blog\/pflegeberufe\/\" target=\"_blank\" rel=\"noopener\">pflegenden Berufen<\/a>, wobei auch andere Berufsgruppen, die einen sozialen Aspekt bedienen, thematisiert werden.<\/p>\n<p style=\"text-align: center;\">Auf <a href=\"https:\/\/open.spotify.com\/show\/42dnDGaSq7ifEvWv0uC190\" target=\"_blank\" rel=\"noopener\">Spotify<\/a>, <a href=\"https:\/\/podcasts.apple.com\/de\/podcast\/sozial-berufen\/id1525695626\" target=\"_blank\" rel=\"noopener\">Apple Podcast<\/a>, <a href=\"https:\/\/www.deezer.com\/de\/show\/1573142\" target=\"_blank\" rel=\"noopener\">Deezer <\/a>und <a href=\"https:\/\/www.podcast.de\/podcast\/841391\/sozial-berufen\" target=\"_blank\" rel=\"noopener\">Podcast.de<\/a> kann man sich \u00fcber 93 Folgen anh\u00f6ren.<\/p>\n<\/div><\/div><\/div><div class=\"fusion-layout-column fusion_builder_column fusion-builder-column-37 fusion_builder_column_1_1 1_1 fusion-flex-column\" style=\"--awb-bg-size:cover;--awb-width-large:100%;--awb-margin-top-large:20px;--awb-spacing-right-large:1.92%;--awb-margin-bottom-large:20px;--awb-spacing-left-large:1.92%;--awb-width-medium:100%;--awb-order-medium:0;--awb-spacing-right-medium:1.92%;--awb-spacing-left-medium:1.92%;--awb-width-small:100%;--awb-order-small:0;--awb-spacing-right-small:1.92%;--awb-spacing-left-small:1.92%;\"><div class=\"fusion-column-wrapper fusion-column-has-shadow fusion-flex-justify-content-flex-start fusion-content-layout-column\"><div class=\"fusion-separator fusion-full-width-sep\" style=\"align-self: center;margin-left: auto;margin-right: auto;width:100%;\"><\/div><div class=\"fusion-separator fusion-full-width-sep\" style=\"align-self: center;margin-left: auto;margin-right: auto;margin-top:10px;margin-bottom:10px;width:100%;\"><div class=\"fusion-separator-border sep-single sep-solid\" style=\"--awb-height:20px;--awb-amount:20px;border-color:#d1d1d1;border-top-width:1px;\"><\/div><\/div><div class=\"fusion-separator fusion-full-width-sep\" style=\"align-self: center;margin-left: auto;margin-right: auto;width:100%;\"><\/div><\/div><\/div><\/div><\/div><div class=\"fusion-fullwidth fullwidth-box fusion-builder-row-11 fusion-flex-container has-pattern-background has-mask-background nonhundred-percent-fullwidth non-hundred-percent-height-scrolling\" style=\"--awb-border-radius-top-left:0px;--awb-border-radius-top-right:0px;--awb-border-radius-bottom-right:0px;--awb-border-radius-bottom-left:0px;--awb-flex-wrap:wrap;\" ><div class=\"fusion-builder-row fusion-row fusion-flex-align-items-center fusion-flex-justify-content-center fusion-flex-content-wrap\" style=\"max-width:93.6%;margin-left: calc(-4% \/ 2 );margin-right: calc(-4% \/ 2 );\"><div class=\"fusion-layout-column fusion_builder_column fusion-builder-column-38 fusion_builder_column_1_1 1_1 fusion-flex-column\" style=\"--awb-bg-size:cover;--awb-width-large:100%;--awb-margin-top-large:20px;--awb-spacing-right-large:1.92%;--awb-margin-bottom-large:20px;--awb-spacing-left-large:1.92%;--awb-width-medium:100%;--awb-order-medium:0;--awb-spacing-right-medium:1.92%;--awb-spacing-left-medium:1.92%;--awb-width-small:100%;--awb-order-small:0;--awb-spacing-right-small:1.92%;--awb-spacing-left-small:1.92%;\"><div class=\"fusion-column-wrapper fusion-column-has-shadow fusion-flex-justify-content-flex-start fusion-content-layout-column\"><div class=\"fusion-text fusion-text-30\"><h3 id=\"charite\" style=\"text-align: center;\">CHARIT\u00c9 PODCAST: \u201eINFECTED\u201c &#8211; DER ANTIBIOTIKA PODCAST<\/h3>\n<\/div><\/div><\/div><div class=\"fusion-layout-column fusion_builder_column fusion-builder-column-39 fusion_builder_column_1_4 1_4 fusion-flex-column\" style=\"--awb-bg-size:cover;--awb-width-large:25%;--awb-margin-top-large:20px;--awb-spacing-right-large:7.68%;--awb-margin-bottom-large:20px;--awb-spacing-left-large:7.68%;--awb-width-medium:100%;--awb-order-medium:0;--awb-spacing-right-medium:1.92%;--awb-spacing-left-medium:1.92%;--awb-width-small:100%;--awb-order-small:0;--awb-spacing-right-small:1.92%;--awb-spacing-left-small:1.92%;\"><div class=\"fusion-column-wrapper fusion-column-has-shadow fusion-flex-justify-content-flex-start fusion-content-layout-column\"><div class=\"fusion-image-element \" style=\"--awb-caption-title-font-family:var(--h2_typography-font-family);--awb-caption-title-font-weight:var(--h2_typography-font-weight);--awb-caption-title-font-style:var(--h2_typography-font-style);--awb-caption-title-size:var(--h2_typography-font-size);--awb-caption-title-transform:var(--h2_typography-text-transform);--awb-caption-title-line-height:var(--h2_typography-line-height);--awb-caption-title-letter-spacing:var(--h2_typography-letter-spacing);\"><span class=\" fusion-imageframe imageframe-none imageframe-11 hover-type-none\"><img decoding=\"async\" width=\"225\" height=\"225\" alt=\"Charit\u00e9 Podcast \u201eInfectEd\" title=\"Charit\u00e9 Podcast \u201eInfectEd&#8220; | Quelle: Podigee\" src=\"https:\/\/www.mein-pflegejob.de\/blog\/media\/infected.jpg\" data-orig-src=\"https:\/\/www.mein-pflegejob.de\/blog\/media\/infected.jpg\" class=\"lazyload img-responsive wp-image-6863\" srcset=\"data:image\/svg+xml,%3Csvg%20xmlns%3D%27http%3A%2F%2Fwww.w3.org%2F2000%2Fsvg%27%20width%3D%27225%27%20height%3D%27225%27%20viewBox%3D%270%200%20225%20225%27%3E%3Crect%20width%3D%27225%27%20height%3D%27225%27%20fill-opacity%3D%220%22%2F%3E%3C%2Fsvg%3E\" data-srcset=\"https:\/\/www.mein-pflegejob.de\/blog\/media\/infected-200x200.jpg 200w, https:\/\/www.mein-pflegejob.de\/blog\/media\/infected.jpg 225w\" data-sizes=\"auto\" data-orig-sizes=\"(max-width: 1024px) 100vw, (max-width: 640px) 100vw, 225px\" \/><\/span><\/div><div class=\"fusion-text fusion-text-31\"><p>Charit\u00e9 Podcast \u201eInfectEd&#8220; | Quelle: Podigee<\/p>\n<\/div><\/div><\/div><div class=\"fusion-layout-column fusion_builder_column fusion-builder-column-40 fusion_builder_column_2_3 2_3 fusion-flex-column\" style=\"--awb-bg-size:cover;--awb-width-large:66.666666666667%;--awb-margin-top-large:20px;--awb-spacing-right-large:2.88%;--awb-margin-bottom-large:20px;--awb-spacing-left-large:2.88%;--awb-width-medium:100%;--awb-spacing-right-medium:1.92%;--awb-spacing-left-medium:1.92%;--awb-width-small:100%;--awb-spacing-right-small:1.92%;--awb-spacing-left-small:1.92%;\"><div class=\"fusion-column-wrapper fusion-column-has-shadow fusion-flex-justify-content-flex-start fusion-content-layout-column\"><div class=\"fusion-text fusion-text-32\"><p style=\"text-align: center;\">Der Podcast \u201eInfectEd\u201c f\u00fcr Medizinstudierende, Berufsanf\u00e4nger:innen und Personen aus der Pflege, ist eine gemeinsame Produktion der <a href=\"https:\/\/www.charite.de\/\" target=\"_blank\" rel=\"noopener\">Charit\u00e9 Berlin<\/a> mit dem <a href=\"https:\/\/www.uniklinikum-jena.de\/infektionsmedizin\/\" target=\"_blank\" rel=\"noopener\">Institut f\u00fcr Infektionsmedizin und Krankenhaushygiene des Universit\u00e4tsklinikums Jena<\/a>, sowie dem<a href=\"https:\/\/www.hygiene.uni-wuerzburg.de\/startseite\/\" target=\"_blank\" rel=\"noopener\"> Institut f\u00fcr Hygiene und Mikrobiologie der Universit\u00e4t W\u00fcrzburg<\/a>. In den 22 Folgen treffen sich Medizinstudent:innen mit Expert:innen aus der Infektionsmedizin, um klinisch relevante Themen im Bereich bakterieller Infektionen praxisnah zu diskutieren. Dabei werden Erreger, Krankheitsbilder, Diagnostik, Pr\u00e4vention und nicht zuletzt Antibiotikatherapien behandelt.<\/p>\n<p style=\"text-align: center;\">\u201eInfectEd: Der Antibiotika-Podcast\u201d gibt es auf <a href=\"https:\/\/podcasts.apple.com\/de\/podcast\/infected-der-antibiotika-podcast\/id1601400216\" target=\"_blank\" rel=\"noopener\">Apple Podcast<\/a>, <a href=\"https:\/\/www.podcast.de\/podcast\/2630578\/infected-der-antibiotika-podcast\" target=\"_blank\" rel=\"noopener\">Podcast.de<\/a>, <a href=\"https:\/\/rai-infected.podigee.io\/\" target=\"_blank\" rel=\"noopener\">Podigee <\/a>und <a href=\"https:\/\/open.spotify.com\/show\/08qV6dw4to2pl4Yri2wGL2\" target=\"_blank\" rel=\"noopener\">Spotify<\/a>.<\/p>\n<\/div><\/div><\/div><div class=\"fusion-layout-column fusion_builder_column fusion-builder-column-41 fusion_builder_column_1_1 1_1 fusion-flex-column\" style=\"--awb-bg-size:cover;--awb-width-large:100%;--awb-margin-top-large:20px;--awb-spacing-right-large:1.92%;--awb-margin-bottom-large:20px;--awb-spacing-left-large:1.92%;--awb-width-medium:100%;--awb-order-medium:0;--awb-spacing-right-medium:1.92%;--awb-spacing-left-medium:1.92%;--awb-width-small:100%;--awb-order-small:0;--awb-spacing-right-small:1.92%;--awb-spacing-left-small:1.92%;\"><div class=\"fusion-column-wrapper fusion-column-has-shadow fusion-flex-justify-content-flex-start fusion-content-layout-column\"><div class=\"fusion-separator fusion-full-width-sep\" style=\"align-self: center;margin-left: auto;margin-right: auto;width:100%;\"><\/div><div class=\"fusion-separator fusion-full-width-sep\" style=\"align-self: center;margin-left: auto;margin-right: auto;margin-top:10px;margin-bottom:10px;width:100%;\"><div class=\"fusion-separator-border sep-single sep-solid\" style=\"--awb-height:20px;--awb-amount:20px;border-color:#d1d1d1;border-top-width:1px;\"><\/div><\/div><div class=\"fusion-separator fusion-full-width-sep\" style=\"align-self: center;margin-left: auto;margin-right: auto;width:100%;\"><\/div><\/div><\/div><\/div><\/div><div class=\"fusion-fullwidth fullwidth-box fusion-builder-row-12 fusion-flex-container has-pattern-background has-mask-background nonhundred-percent-fullwidth non-hundred-percent-height-scrolling\" style=\"--awb-border-radius-top-left:0px;--awb-border-radius-top-right:0px;--awb-border-radius-bottom-right:0px;--awb-border-radius-bottom-left:0px;--awb-flex-wrap:wrap;\" ><div class=\"fusion-builder-row fusion-row fusion-flex-align-items-center fusion-flex-justify-content-center fusion-flex-content-wrap\" style=\"max-width:93.6%;margin-left: calc(-4% \/ 2 );margin-right: calc(-4% \/ 2 );\"><div class=\"fusion-layout-column fusion_builder_column fusion-builder-column-42 fusion_builder_column_1_1 1_1 fusion-flex-column\" style=\"--awb-bg-size:cover;--awb-width-large:100%;--awb-margin-top-large:20px;--awb-spacing-right-large:1.92%;--awb-margin-bottom-large:20px;--awb-spacing-left-large:1.92%;--awb-width-medium:100%;--awb-order-medium:0;--awb-spacing-right-medium:1.92%;--awb-spacing-left-medium:1.92%;--awb-width-small:100%;--awb-order-small:0;--awb-spacing-right-small:1.92%;--awb-spacing-left-small:1.92%;\"><div class=\"fusion-column-wrapper fusion-column-has-shadow fusion-flex-justify-content-flex-start fusion-content-layout-column\"><div class=\"fusion-text fusion-text-33\"><h3 id=\"online\" style=\"text-align: center;\">PFLEGEN-ONLINE<\/h3>\n<\/div><\/div><\/div><div class=\"fusion-layout-column fusion_builder_column fusion-builder-column-43 fusion_builder_column_1_4 1_4 fusion-flex-column\" style=\"--awb-bg-size:cover;--awb-width-large:25%;--awb-margin-top-large:20px;--awb-spacing-right-large:7.68%;--awb-margin-bottom-large:20px;--awb-spacing-left-large:7.68%;--awb-width-medium:100%;--awb-order-medium:0;--awb-spacing-right-medium:1.92%;--awb-spacing-left-medium:1.92%;--awb-width-small:100%;--awb-order-small:0;--awb-spacing-right-small:1.92%;--awb-spacing-left-small:1.92%;\"><div class=\"fusion-column-wrapper fusion-column-has-shadow fusion-flex-justify-content-flex-start fusion-content-layout-column\"><div class=\"fusion-image-element \" style=\"--awb-caption-title-font-family:var(--h2_typography-font-family);--awb-caption-title-font-weight:var(--h2_typography-font-weight);--awb-caption-title-font-style:var(--h2_typography-font-style);--awb-caption-title-size:var(--h2_typography-font-size);--awb-caption-title-transform:var(--h2_typography-text-transform);--awb-caption-title-line-height:var(--h2_typography-line-height);--awb-caption-title-letter-spacing:var(--h2_typography-letter-spacing);\"><span class=\" fusion-imageframe imageframe-none imageframe-12 hover-type-none\"><img decoding=\"async\" width=\"225\" height=\"225\" alt=\"pflegen-online | Quelle: Podigee\" title=\"pflegen-online | Quelle: Podigee\" src=\"https:\/\/www.mein-pflegejob.de\/blog\/media\/pflege-online.jpg\" data-orig-src=\"https:\/\/www.mein-pflegejob.de\/blog\/media\/pflege-online.jpg\" class=\"lazyload img-responsive wp-image-6864\" srcset=\"data:image\/svg+xml,%3Csvg%20xmlns%3D%27http%3A%2F%2Fwww.w3.org%2F2000%2Fsvg%27%20width%3D%27225%27%20height%3D%27225%27%20viewBox%3D%270%200%20225%20225%27%3E%3Crect%20width%3D%27225%27%20height%3D%27225%27%20fill-opacity%3D%220%22%2F%3E%3C%2Fsvg%3E\" data-srcset=\"https:\/\/www.mein-pflegejob.de\/blog\/media\/pflege-online-200x200.jpg 200w, https:\/\/www.mein-pflegejob.de\/blog\/media\/pflege-online.jpg 225w\" data-sizes=\"auto\" data-orig-sizes=\"(max-width: 1024px) 100vw, (max-width: 640px) 100vw, 225px\" \/><\/span><\/div><div class=\"fusion-text fusion-text-34\"><p>pflegen-online | Quelle: Podigee<\/p>\n<\/div><\/div><\/div><div class=\"fusion-layout-column fusion_builder_column fusion-builder-column-44 fusion_builder_column_2_3 2_3 fusion-flex-column\" style=\"--awb-bg-size:cover;--awb-width-large:66.666666666667%;--awb-margin-top-large:20px;--awb-spacing-right-large:2.88%;--awb-margin-bottom-large:20px;--awb-spacing-left-large:2.88%;--awb-width-medium:100%;--awb-spacing-right-medium:1.92%;--awb-spacing-left-medium:1.92%;--awb-width-small:100%;--awb-spacing-right-small:1.92%;--awb-spacing-left-small:1.92%;\"><div class=\"fusion-column-wrapper fusion-column-has-shadow fusion-flex-justify-content-flex-start fusion-content-layout-column\"><div class=\"fusion-text fusion-text-35\"><p style=\"text-align: center;\">Bei <a href=\"https:\/\/www.pflegen-online.de\/\" target=\"_blank\" rel=\"noopener\">pflegen-online.de<\/a> handelt es sich um ein umfangreiches Ratgeberportal f\u00fcr Pflegekr\u00e4fte und <a href=\"https:\/\/www.mein-pflegejob.de\/blog\/pflegemanager\/\" target=\"_blank\" rel=\"noopener\">Pflegemanager<\/a>. Hier finden die Nutzer t\u00e4glich gut recherchierte Artikel, Interviews, Checklisten und Best-Practice-Beispiele, die ihnen im oft hektischen Berufsalltag Orientierung und Inspiration geben. Der zugeh\u00f6rige Podcast \u201ePflegen-online\u201c bietet Expertenwissen von Praktikern aus erster Hand und bietet wertvolle Tipps, Einsichten und News aus der Pflege.<\/p>\n<p style=\"text-align: center;\">Den Podcast gibt es auf <a href=\"https:\/\/open.spotify.com\/show\/6JvUsmx3S3C5k1ZaRmz4f5\" target=\"_blank\" rel=\"noopener\">Spotify<\/a>, <a href=\"https:\/\/pflegen-online.podigee.io\/\" target=\"_blank\" rel=\"noopener\">Podigee<\/a>, <a href=\"https:\/\/www.podcast.de\/podcast\/2859599\/archiv\" target=\"_blank\" rel=\"noopener\">Podcast.de<\/a> und <a href=\"https:\/\/music.amazon.de\/podcasts\/0de57c48-0a5e-4cb0-ba80-d019b98dbb92\/pflegen-online-%E2%80%93-der-podcast-f%C3%BCr-die-pflege\" target=\"_blank\" rel=\"noopener\">Amazon Music<\/a> zu h\u00f6ren.<\/p>\n<\/div><\/div><\/div><div class=\"fusion-layout-column fusion_builder_column fusion-builder-column-45 fusion_builder_column_1_1 1_1 fusion-flex-column\" style=\"--awb-bg-size:cover;--awb-width-large:100%;--awb-margin-top-large:20px;--awb-spacing-right-large:1.92%;--awb-margin-bottom-large:20px;--awb-spacing-left-large:1.92%;--awb-width-medium:100%;--awb-order-medium:0;--awb-spacing-right-medium:1.92%;--awb-spacing-left-medium:1.92%;--awb-width-small:100%;--awb-order-small:0;--awb-spacing-right-small:1.92%;--awb-spacing-left-small:1.92%;\"><div class=\"fusion-column-wrapper fusion-column-has-shadow fusion-flex-justify-content-flex-start fusion-content-layout-column\"><div class=\"fusion-separator fusion-full-width-sep\" style=\"align-self: center;margin-left: auto;margin-right: auto;width:100%;\"><\/div><div class=\"fusion-separator fusion-full-width-sep\" style=\"align-self: center;margin-left: auto;margin-right: auto;margin-top:10px;margin-bottom:10px;width:100%;\"><div class=\"fusion-separator-border sep-single sep-solid\" style=\"--awb-height:20px;--awb-amount:20px;border-color:#d1d1d1;border-top-width:1px;\"><\/div><\/div><div class=\"fusion-separator fusion-full-width-sep\" style=\"align-self: center;margin-left: auto;margin-right: auto;width:100%;\"><\/div><\/div><\/div><\/div><\/div><div class=\"fusion-fullwidth fullwidth-box fusion-builder-row-13 fusion-flex-container has-pattern-background has-mask-background nonhundred-percent-fullwidth non-hundred-percent-height-scrolling\" style=\"--awb-border-radius-top-left:0px;--awb-border-radius-top-right:0px;--awb-border-radius-bottom-right:0px;--awb-border-radius-bottom-left:0px;--awb-flex-wrap:wrap;\" ><div class=\"fusion-builder-row fusion-row fusion-flex-align-items-center fusion-flex-justify-content-center fusion-flex-content-wrap\" style=\"max-width:93.6%;margin-left: calc(-4% \/ 2 );margin-right: calc(-4% \/ 2 );\"><div class=\"fusion-layout-column fusion_builder_column fusion-builder-column-46 fusion_builder_column_1_1 1_1 fusion-flex-column\" style=\"--awb-bg-size:cover;--awb-width-large:100%;--awb-margin-top-large:20px;--awb-spacing-right-large:1.92%;--awb-margin-bottom-large:20px;--awb-spacing-left-large:1.92%;--awb-width-medium:100%;--awb-order-medium:0;--awb-spacing-right-medium:1.92%;--awb-spacing-left-medium:1.92%;--awb-width-small:100%;--awb-order-small:0;--awb-spacing-right-small:1.92%;--awb-spacing-left-small:1.92%;\"><div class=\"fusion-column-wrapper fusion-column-has-shadow fusion-flex-justify-content-flex-start fusion-content-layout-column\"><div class=\"fusion-text fusion-text-36\"><h3 id=\"demenz\" style=\"text-align: center;\">DER DEMENZ-PODCAST<\/h3>\n<\/div><\/div><\/div><div class=\"fusion-layout-column fusion_builder_column fusion-builder-column-47 fusion_builder_column_1_4 1_4 fusion-flex-column\" style=\"--awb-bg-size:cover;--awb-width-large:25%;--awb-margin-top-large:20px;--awb-spacing-right-large:7.68%;--awb-margin-bottom-large:20px;--awb-spacing-left-large:7.68%;--awb-width-medium:100%;--awb-order-medium:0;--awb-spacing-right-medium:1.92%;--awb-spacing-left-medium:1.92%;--awb-width-small:100%;--awb-order-small:0;--awb-spacing-right-small:1.92%;--awb-spacing-left-small:1.92%;\"><div class=\"fusion-column-wrapper fusion-column-has-shadow fusion-flex-justify-content-flex-start fusion-content-layout-column\"><div class=\"fusion-image-element \" style=\"--awb-caption-title-font-family:var(--h2_typography-font-family);--awb-caption-title-font-weight:var(--h2_typography-font-weight);--awb-caption-title-font-style:var(--h2_typography-font-style);--awb-caption-title-size:var(--h2_typography-font-size);--awb-caption-title-transform:var(--h2_typography-text-transform);--awb-caption-title-line-height:var(--h2_typography-line-height);--awb-caption-title-letter-spacing:var(--h2_typography-letter-spacing);\"><span class=\" fusion-imageframe imageframe-none imageframe-13 hover-type-none\"><img decoding=\"async\" width=\"225\" height=\"225\" alt=\"Demenz-Podcast | Quelle: Spotify\" title=\"Demenz-Podcast | Quelle: Spotify\" src=\"https:\/\/www.mein-pflegejob.de\/blog\/media\/demenz.jpg\" data-orig-src=\"https:\/\/www.mein-pflegejob.de\/blog\/media\/demenz.jpg\" class=\"lazyload img-responsive wp-image-6865\" srcset=\"data:image\/svg+xml,%3Csvg%20xmlns%3D%27http%3A%2F%2Fwww.w3.org%2F2000%2Fsvg%27%20width%3D%27225%27%20height%3D%27225%27%20viewBox%3D%270%200%20225%20225%27%3E%3Crect%20width%3D%27225%27%20height%3D%27225%27%20fill-opacity%3D%220%22%2F%3E%3C%2Fsvg%3E\" data-srcset=\"https:\/\/www.mein-pflegejob.de\/blog\/media\/demenz-200x200.jpg 200w, https:\/\/www.mein-pflegejob.de\/blog\/media\/demenz.jpg 225w\" data-sizes=\"auto\" data-orig-sizes=\"(max-width: 1024px) 100vw, (max-width: 640px) 100vw, 225px\" \/><\/span><\/div><div class=\"fusion-text fusion-text-37\"><p>Demenz-Podcast | Quelle: Spotify<\/p>\n<\/div><\/div><\/div><div class=\"fusion-layout-column fusion_builder_column fusion-builder-column-48 fusion_builder_column_2_3 2_3 fusion-flex-column\" style=\"--awb-bg-size:cover;--awb-width-large:66.666666666667%;--awb-margin-top-large:20px;--awb-spacing-right-large:2.88%;--awb-margin-bottom-large:20px;--awb-spacing-left-large:2.88%;--awb-width-medium:100%;--awb-spacing-right-medium:1.92%;--awb-spacing-left-medium:1.92%;--awb-width-small:100%;--awb-spacing-right-small:1.92%;--awb-spacing-left-small:1.92%;\"><div class=\"fusion-column-wrapper fusion-column-has-shadow fusion-flex-justify-content-flex-start fusion-content-layout-column\"><div class=\"fusion-text fusion-text-38\"><p style=\"text-align: center;\">Der Demenz-Podcast von Christine Sch\u00f6n, eine H\u00f6rfunkautorin mit 20 Jahren Erfahrung im Bereich Alter und <a href=\"https:\/\/www.wohnen-im-alter.de\/demenz\" target=\"_blank\" rel=\"noopener\">Demenz<\/a> und Redakteurin der Sendungsreihe &#8222;H\u00f6rzeit &#8211; Radio wie fr\u00fcher f\u00fcr Menschen mit Demenz&#8220;, bietet monatliche 30-min\u00fctige Episoden mit Informationen und konkreten Unterst\u00fctzungsm\u00f6glichkeiten f\u00fcr Angeh\u00f6rige und Betroffene. Es werden Themen wie Freizeitgestaltung, Umgang mit Verhaltens\u00e4nderungen, rechtliche Aspekte und ein erf\u00fclltes <a href=\"https:\/\/www.wohnen-im-alter.de\/demenz\/beschaeftigung\" target=\"_blank\" rel=\"noopener\">Leben trotz Demenz<\/a> behandelt.<\/p>\n<p style=\"text-align: center;\">Der Demenz-Podcast ist auf verschiedenen Plattformen wie <a href=\"https:\/\/open.spotify.com\/show\/0sx9A6opH0psSrE7cS0bXA\" target=\"_blank\" rel=\"noopener\">Spotify<\/a>, <a href=\"https:\/\/podcasts.apple.com\/de\/podcast\/demenz-podcast\/id1461465314\" target=\"_blank\" rel=\"noopener\">Apple Podcast<\/a> und der <a href=\"https:\/\/demenz-podcast.de\/\" target=\"_blank\" rel=\"noopener\">Webseite des Anbieters<\/a> verf\u00fcgbar.<\/p>\n<\/div><\/div><\/div><div class=\"fusion-layout-column fusion_builder_column fusion-builder-column-49 fusion_builder_column_1_1 1_1 fusion-flex-column\" style=\"--awb-bg-size:cover;--awb-width-large:100%;--awb-margin-top-large:20px;--awb-spacing-right-large:1.92%;--awb-margin-bottom-large:20px;--awb-spacing-left-large:1.92%;--awb-width-medium:100%;--awb-order-medium:0;--awb-spacing-right-medium:1.92%;--awb-spacing-left-medium:1.92%;--awb-width-small:100%;--awb-order-small:0;--awb-spacing-right-small:1.92%;--awb-spacing-left-small:1.92%;\"><div class=\"fusion-column-wrapper fusion-column-has-shadow fusion-flex-justify-content-flex-start fusion-content-layout-column\"><div class=\"fusion-separator fusion-full-width-sep\" style=\"align-self: center;margin-left: auto;margin-right: auto;width:100%;\"><\/div><div class=\"fusion-separator fusion-full-width-sep\" style=\"align-self: center;margin-left: auto;margin-right: auto;margin-top:10px;margin-bottom:10px;width:100%;\"><div class=\"fusion-separator-border sep-single sep-solid\" style=\"--awb-height:20px;--awb-amount:20px;border-color:#d1d1d1;border-top-width:1px;\"><\/div><\/div><div class=\"fusion-separator fusion-full-width-sep\" style=\"align-self: center;margin-left: auto;margin-right: auto;width:100%;\"><\/div><\/div><\/div><\/div><\/div><div class=\"fusion-fullwidth fullwidth-box fusion-builder-row-14 fusion-flex-container has-pattern-background has-mask-background nonhundred-percent-fullwidth non-hundred-percent-height-scrolling\" style=\"--awb-border-radius-top-left:0px;--awb-border-radius-top-right:0px;--awb-border-radius-bottom-right:0px;--awb-border-radius-bottom-left:0px;--awb-flex-wrap:wrap;\" ><div class=\"fusion-builder-row fusion-row fusion-flex-align-items-center fusion-flex-justify-content-center fusion-flex-content-wrap\" style=\"max-width:93.6%;margin-left: calc(-4% \/ 2 );margin-right: calc(-4% \/ 2 );\"><div class=\"fusion-layout-column fusion_builder_column fusion-builder-column-50 fusion_builder_column_2_3 2_3 fusion-flex-column\" style=\"--awb-bg-size:cover;--awb-width-large:66.666666666667%;--awb-margin-top-large:20px;--awb-spacing-right-large:2.88%;--awb-margin-bottom-large:20px;--awb-spacing-left-large:2.88%;--awb-width-medium:100%;--awb-spacing-right-medium:1.92%;--awb-spacing-left-medium:1.92%;--awb-width-small:100%;--awb-spacing-right-small:1.92%;--awb-spacing-left-small:1.92%;\"><div class=\"fusion-column-wrapper fusion-column-has-shadow fusion-flex-justify-content-flex-start fusion-content-layout-column\"><div class=\"fusion-text fusion-text-39\"><p style=\"text-align: center;\">Viel Spa\u00df beim Reinh\u00f6ren!<\/p>\n<\/div><\/div><\/div><\/div><\/div><\/p>\n","protected":false},"excerpt":{"rendered":"","protected":false},"author":7,"featured_media":6868,"comment_status":"closed","ping_status":"closed","sticky":false,"template":"","format":"standard","meta":{"footnotes":""},"categories":[1],"tags":[],"yoast_head":"<!-- This site is optimized with the Yoast SEO plugin v23.4 - https:\/\/yoast.com\/wordpress\/plugins\/seo\/ -->\n<title>Podcasts in der Pflege 2023 - Magazin Mein Pflegejob<\/title>\n<meta name=\"description\" content=\"Wir hatten schon einige Pflegepodcasts vorgestellt, mittlerweile gibt es deutlich mehr \u2013 wir zeigen euch die Podcasts in der Pflege 2023!\" \/>\n<meta name=\"robots\" content=\"index, follow, max-snippet:-1, max-image-preview:large, max-video-preview:-1\" \/>\n<link rel=\"canonical\" href=\"https:\/\/www.mein-pflegejob.de\/blog\/podcasts-in-der-pflege-2023\/\" \/>\n<meta property=\"og:locale\" content=\"de_DE\" \/>\n<meta property=\"og:type\" content=\"article\" \/>\n<meta property=\"og:title\" content=\"Podcasts in der Pflege 2023 - Magazin Mein Pflegejob\" \/>\n<meta property=\"og:description\" content=\"Wir hatten schon einige Pflegepodcasts vorgestellt, mittlerweile gibt es deutlich mehr \u2013 wir zeigen euch die Podcasts in der Pflege 2023!\" \/>\n<meta property=\"og:url\" content=\"https:\/\/www.mein-pflegejob.de\/blog\/podcasts-in-der-pflege-2023\/\" \/>\n<meta property=\"og:site_name\" content=\"Magazin Mein Pflegejob\" \/>\n<meta property=\"article:publisher\" content=\"https:\/\/www.facebook.com\/meinpflegejob.meintraumjob\/\" \/>\n<meta property=\"article:published_time\" content=\"2023-05-08T09:08:51+00:00\" \/>\n<meta property=\"article:modified_time\" content=\"2023-05-10T08:01:05+00:00\" \/>\n<meta property=\"og:image\" content=\"https:\/\/www.mein-pflegejob.de\/blog\/media\/pexels-pixabay-164879-1-scaled.jpg\" \/>\n\t<meta property=\"og:image:width\" content=\"1920\" \/>\n\t<meta property=\"og:image:height\" content=\"1280\" \/>\n\t<meta property=\"og:image:type\" content=\"image\/jpeg\" \/>\n<meta name=\"author\" content=\"Sonja\" \/>\n<meta name=\"twitter:card\" content=\"summary_large_image\" \/>\n<meta name=\"twitter:creator\" content=\"@mein_pflegejob\" \/>\n<meta name=\"twitter:site\" content=\"@mein_pflegejob\" \/>\n<script type=\"application\/ld+json\" class=\"yoast-schema-graph\">{\"@context\":\"https:\/\/schema.org\",\"@graph\":[{\"@type\":\"Article\",\"@id\":\"https:\/\/www.mein-pflegejob.de\/blog\/podcasts-in-der-pflege-2023\/#article\",\"isPartOf\":{\"@id\":\"https:\/\/www.mein-pflegejob.de\/blog\/podcasts-in-der-pflege-2023\/\"},\"author\":{\"name\":\"Sonja\",\"@id\":\"https:\/\/www.mein-pflegejob.de\/blog\/#\/schema\/person\/c744cb17a54d729741643e7346ad31cc\"},\"headline\":\"Podcasts in der Pflege 2023\",\"datePublished\":\"2023-05-08T09:08:51+00:00\",\"dateModified\":\"2023-05-10T08:01:05+00:00\",\"mainEntityOfPage\":{\"@id\":\"https:\/\/www.mein-pflegejob.de\/blog\/podcasts-in-der-pflege-2023\/\"},\"wordCount\":29922,\"publisher\":{\"@id\":\"https:\/\/www.mein-pflegejob.de\/blog\/#organization\"},\"image\":{\"@id\":\"https:\/\/www.mein-pflegejob.de\/blog\/podcasts-in-der-pflege-2023\/#primaryimage\"},\"thumbnailUrl\":\"https:\/\/www.mein-pflegejob.de\/blog\/media\/pexels-pixabay-164879-1-scaled.jpg\",\"inLanguage\":\"de\"},{\"@type\":\"WebPage\",\"@id\":\"https:\/\/www.mein-pflegejob.de\/blog\/podcasts-in-der-pflege-2023\/\",\"url\":\"https:\/\/www.mein-pflegejob.de\/blog\/podcasts-in-der-pflege-2023\/\",\"name\":\"Podcasts in der Pflege 2023 - Magazin Mein Pflegejob\",\"isPartOf\":{\"@id\":\"https:\/\/www.mein-pflegejob.de\/blog\/#website\"},\"primaryImageOfPage\":{\"@id\":\"https:\/\/www.mein-pflegejob.de\/blog\/podcasts-in-der-pflege-2023\/#primaryimage\"},\"image\":{\"@id\":\"https:\/\/www.mein-pflegejob.de\/blog\/podcasts-in-der-pflege-2023\/#primaryimage\"},\"thumbnailUrl\":\"https:\/\/www.mein-pflegejob.de\/blog\/media\/pexels-pixabay-164879-1-scaled.jpg\",\"datePublished\":\"2023-05-08T09:08:51+00:00\",\"dateModified\":\"2023-05-10T08:01:05+00:00\",\"description\":\"Wir hatten schon einige Pflegepodcasts vorgestellt, mittlerweile gibt es deutlich mehr \u2013 wir zeigen euch die Podcasts in der Pflege 2023!\",\"breadcrumb\":{\"@id\":\"https:\/\/www.mein-pflegejob.de\/blog\/podcasts-in-der-pflege-2023\/#breadcrumb\"},\"inLanguage\":\"de\",\"potentialAction\":[{\"@type\":\"ReadAction\",\"target\":[\"https:\/\/www.mein-pflegejob.de\/blog\/podcasts-in-der-pflege-2023\/\"]}]},{\"@type\":\"ImageObject\",\"inLanguage\":\"de\",\"@id\":\"https:\/\/www.mein-pflegejob.de\/blog\/podcasts-in-der-pflege-2023\/#primaryimage\",\"url\":\"https:\/\/www.mein-pflegejob.de\/blog\/media\/pexels-pixabay-164879-1-scaled.jpg\",\"contentUrl\":\"https:\/\/www.mein-pflegejob.de\/blog\/media\/pexels-pixabay-164879-1-scaled.jpg\",\"width\":1920,\"height\":1280,\"caption\":\"Podcast Mikrofon | Quelle: Pixabay\"},{\"@type\":\"BreadcrumbList\",\"@id\":\"https:\/\/www.mein-pflegejob.de\/blog\/podcasts-in-der-pflege-2023\/#breadcrumb\",\"itemListElement\":[{\"@type\":\"ListItem\",\"position\":1,\"name\":\"Home\",\"item\":\"https:\/\/www.mein-pflegejob.de\/blog\/\"},{\"@type\":\"ListItem\",\"position\":2,\"name\":\"Podcasts in der Pflege 2023\"}]},{\"@type\":\"WebSite\",\"@id\":\"https:\/\/www.mein-pflegejob.de\/blog\/#website\",\"url\":\"https:\/\/www.mein-pflegejob.de\/blog\/\",\"name\":\"Magazin Mein Pflegejob\",\"description\":\"Der Stellenmarkt f\u00fcr die Pflegebranche\",\"publisher\":{\"@id\":\"https:\/\/www.mein-pflegejob.de\/blog\/#organization\"},\"potentialAction\":[{\"@type\":\"SearchAction\",\"target\":{\"@type\":\"EntryPoint\",\"urlTemplate\":\"https:\/\/www.mein-pflegejob.de\/blog\/?s={search_term_string}\"},\"query-input\":{\"@type\":\"PropertyValueSpecification\",\"valueRequired\":true,\"valueName\":\"search_term_string\"}}],\"inLanguage\":\"de\"},{\"@type\":\"Organization\",\"@id\":\"https:\/\/www.mein-pflegejob.de\/blog\/#organization\",\"name\":\"mein-pflegejob\",\"url\":\"https:\/\/www.mein-pflegejob.de\/blog\/\",\"logo\":{\"@type\":\"ImageObject\",\"inLanguage\":\"de\",\"@id\":\"https:\/\/www.mein-pflegejob.de\/blog\/#\/schema\/logo\/image\/\",\"url\":\"https:\/\/www.mein-pflegejob.de\/blog\/media\/Logo_klein.png\",\"contentUrl\":\"https:\/\/www.mein-pflegejob.de\/blog\/media\/Logo_klein.png\",\"width\":256,\"height\":80,\"caption\":\"mein-pflegejob\"},\"image\":{\"@id\":\"https:\/\/www.mein-pflegejob.de\/blog\/#\/schema\/logo\/image\/\"},\"sameAs\":[\"https:\/\/www.facebook.com\/meinpflegejob.meintraumjob\/\",\"https:\/\/x.com\/mein_pflegejob\",\"https:\/\/www.instagram.com\/meinpflegejob\/\",\"https:\/\/www.linkedin.com\/company\/mein-pflegejob-de\/\"]},{\"@type\":\"Person\",\"@id\":\"https:\/\/www.mein-pflegejob.de\/blog\/#\/schema\/person\/c744cb17a54d729741643e7346ad31cc\",\"name\":\"Sonja\"}]}<\/script>\n<!-- \/ Yoast SEO plugin. -->","yoast_head_json":{"title":"Podcasts in der Pflege 2023 - Magazin Mein Pflegejob","description":"Wir hatten schon einige Pflegepodcasts vorgestellt, mittlerweile gibt es deutlich mehr \u2013 wir zeigen euch die Podcasts in der Pflege 2023!","robots":{"index":"index","follow":"follow","max-snippet":"max-snippet:-1","max-image-preview":"max-image-preview:large","max-video-preview":"max-video-preview:-1"},"canonical":"https:\/\/www.mein-pflegejob.de\/blog\/podcasts-in-der-pflege-2023\/","og_locale":"de_DE","og_type":"article","og_title":"Podcasts in der Pflege 2023 - Magazin Mein Pflegejob","og_description":"Wir hatten schon einige Pflegepodcasts vorgestellt, mittlerweile gibt es deutlich mehr \u2013 wir zeigen euch die Podcasts in der Pflege 2023!","og_url":"https:\/\/www.mein-pflegejob.de\/blog\/podcasts-in-der-pflege-2023\/","og_site_name":"Magazin Mein Pflegejob","article_publisher":"https:\/\/www.facebook.com\/meinpflegejob.meintraumjob\/","article_published_time":"2023-05-08T09:08:51+00:00","article_modified_time":"2023-05-10T08:01:05+00:00","og_image":[{"width":1920,"height":1280,"url":"https:\/\/www.mein-pflegejob.de\/blog\/media\/pexels-pixabay-164879-1-scaled.jpg","type":"image\/jpeg"}],"author":"Sonja","twitter_card":"summary_large_image","twitter_creator":"@mein_pflegejob","twitter_site":"@mein_pflegejob","schema":{"@context":"https:\/\/schema.org","@graph":[{"@type":"Article","@id":"https:\/\/www.mein-pflegejob.de\/blog\/podcasts-in-der-pflege-2023\/#article","isPartOf":{"@id":"https:\/\/www.mein-pflegejob.de\/blog\/podcasts-in-der-pflege-2023\/"},"author":{"name":"Sonja","@id":"https:\/\/www.mein-pflegejob.de\/blog\/#\/schema\/person\/c744cb17a54d729741643e7346ad31cc"},"headline":"Podcasts in der Pflege 2023","datePublished":"2023-05-08T09:08:51+00:00","dateModified":"2023-05-10T08:01:05+00:00","mainEntityOfPage":{"@id":"https:\/\/www.mein-pflegejob.de\/blog\/podcasts-in-der-pflege-2023\/"},"wordCount":29922,"publisher":{"@id":"https:\/\/www.mein-pflegejob.de\/blog\/#organization"},"image":{"@id":"https:\/\/www.mein-pflegejob.de\/blog\/podcasts-in-der-pflege-2023\/#primaryimage"},"thumbnailUrl":"https:\/\/www.mein-pflegejob.de\/blog\/media\/pexels-pixabay-164879-1-scaled.jpg","inLanguage":"de"},{"@type":"WebPage","@id":"https:\/\/www.mein-pflegejob.de\/blog\/podcasts-in-der-pflege-2023\/","url":"https:\/\/www.mein-pflegejob.de\/blog\/podcasts-in-der-pflege-2023\/","name":"Podcasts in der Pflege 2023 - Magazin Mein Pflegejob","isPartOf":{"@id":"https:\/\/www.mein-pflegejob.de\/blog\/#website"},"primaryImageOfPage":{"@id":"https:\/\/www.mein-pflegejob.de\/blog\/podcasts-in-der-pflege-2023\/#primaryimage"},"image":{"@id":"https:\/\/www.mein-pflegejob.de\/blog\/podcasts-in-der-pflege-2023\/#primaryimage"},"thumbnailUrl":"https:\/\/www.mein-pflegejob.de\/blog\/media\/pexels-pixabay-164879-1-scaled.jpg","datePublished":"2023-05-08T09:08:51+00:00","dateModified":"2023-05-10T08:01:05+00:00","description":"Wir hatten schon einige Pflegepodcasts vorgestellt, mittlerweile gibt es deutlich mehr \u2013 wir zeigen euch die Podcasts in der Pflege 2023!","breadcrumb":{"@id":"https:\/\/www.mein-pflegejob.de\/blog\/podcasts-in-der-pflege-2023\/#breadcrumb"},"inLanguage":"de","potentialAction":[{"@type":"ReadAction","target":["https:\/\/www.mein-pflegejob.de\/blog\/podcasts-in-der-pflege-2023\/"]}]},{"@type":"ImageObject","inLanguage":"de","@id":"https:\/\/www.mein-pflegejob.de\/blog\/podcasts-in-der-pflege-2023\/#primaryimage","url":"https:\/\/www.mein-pflegejob.de\/blog\/media\/pexels-pixabay-164879-1-scaled.jpg","contentUrl":"https:\/\/www.mein-pflegejob.de\/blog\/media\/pexels-pixabay-164879-1-scaled.jpg","width":1920,"height":1280,"caption":"Podcast Mikrofon | Quelle: Pixabay"},{"@type":"BreadcrumbList","@id":"https:\/\/www.mein-pflegejob.de\/blog\/podcasts-in-der-pflege-2023\/#breadcrumb","itemListElement":[{"@type":"ListItem","position":1,"name":"Home","item":"https:\/\/www.mein-pflegejob.de\/blog\/"},{"@type":"ListItem","position":2,"name":"Podcasts in der Pflege 2023"}]},{"@type":"WebSite","@id":"https:\/\/www.mein-pflegejob.de\/blog\/#website","url":"https:\/\/www.mein-pflegejob.de\/blog\/","name":"Magazin Mein Pflegejob","description":"Der Stellenmarkt f\u00fcr die Pflegebranche","publisher":{"@id":"https:\/\/www.mein-pflegejob.de\/blog\/#organization"},"potentialAction":[{"@type":"SearchAction","target":{"@type":"EntryPoint","urlTemplate":"https:\/\/www.mein-pflegejob.de\/blog\/?s={search_term_string}"},"query-input":{"@type":"PropertyValueSpecification","valueRequired":true,"valueName":"search_term_string"}}],"inLanguage":"de"},{"@type":"Organization","@id":"https:\/\/www.mein-pflegejob.de\/blog\/#organization","name":"mein-pflegejob","url":"https:\/\/www.mein-pflegejob.de\/blog\/","logo":{"@type":"ImageObject","inLanguage":"de","@id":"https:\/\/www.mein-pflegejob.de\/blog\/#\/schema\/logo\/image\/","url":"https:\/\/www.mein-pflegejob.de\/blog\/media\/Logo_klein.png","contentUrl":"https:\/\/www.mein-pflegejob.de\/blog\/media\/Logo_klein.png","width":256,"height":80,"caption":"mein-pflegejob"},"image":{"@id":"https:\/\/www.mein-pflegejob.de\/blog\/#\/schema\/logo\/image\/"},"sameAs":["https:\/\/www.facebook.com\/meinpflegejob.meintraumjob\/","https:\/\/x.com\/mein_pflegejob","https:\/\/www.instagram.com\/meinpflegejob\/","https:\/\/www.linkedin.com\/company\/mein-pflegejob-de\/"]},{"@type":"Person","@id":"https:\/\/www.mein-pflegejob.de\/blog\/#\/schema\/person\/c744cb17a54d729741643e7346ad31cc","name":"Sonja"}]}},"_links":{"self":[{"href":"https:\/\/www.mein-pflegejob.de\/blog\/wp-json\/wp\/v2\/posts\/6846"}],"collection":[{"href":"https:\/\/www.mein-pflegejob.de\/blog\/wp-json\/wp\/v2\/posts"}],"about":[{"href":"https:\/\/www.mein-pflegejob.de\/blog\/wp-json\/wp\/v2\/types\/post"}],"author":[{"embeddable":true,"href":"https:\/\/www.mein-pflegejob.de\/blog\/wp-json\/wp\/v2\/users\/7"}],"replies":[{"embeddable":true,"href":"https:\/\/www.mein-pflegejob.de\/blog\/wp-json\/wp\/v2\/comments?post=6846"}],"version-history":[{"count":28,"href":"https:\/\/www.mein-pflegejob.de\/blog\/wp-json\/wp\/v2\/posts\/6846\/revisions"}],"predecessor-version":[{"id":6898,"href":"https:\/\/www.mein-pflegejob.de\/blog\/wp-json\/wp\/v2\/posts\/6846\/revisions\/6898"}],"wp:featuredmedia":[{"embeddable":true,"href":"https:\/\/www.mein-pflegejob.de\/blog\/wp-json\/wp\/v2\/media\/6868"}],"wp:attachment":[{"href":"https:\/\/www.mein-pflegejob.de\/blog\/wp-json\/wp\/v2\/media?parent=6846"}],"wp:term":[{"taxonomy":"category","embeddable":true,"href":"https:\/\/www.mein-pflegejob.de\/blog\/wp-json\/wp\/v2\/categories?post=6846"},{"taxonomy":"post_tag","embeddable":true,"href":"https:\/\/www.mein-pflegejob.de\/blog\/wp-json\/wp\/v2\/tags?post=6846"}],"curies":[{"name":"wp","href":"https:\/\/api.w.org\/{rel}","templated":true}]}}