{"id":7114,"date":"2023-07-26T09:00:13","date_gmt":"2023-07-26T07:00:13","guid":{"rendered":"https:\/\/www.mein-pflegejob.de\/blog\/?p=7114"},"modified":"2023-07-25T09:43:18","modified_gmt":"2023-07-25T07:43:18","slug":"pflegestatistik-zahl-der-beschaeftigten-mehr-als-verdoppelt","status":"publish","type":"post","link":"https:\/\/www.mein-pflegejob.de\/blog\/pflegestatistik-zahl-der-beschaeftigten-mehr-als-verdoppelt\/","title":{"rendered":"Pflegestatistik zeigt: Zahl der Besch\u00e4ftigten in ambulanten Pflegediensten innerhalb von 20 Jahren mehr als verdoppelt"},"content":{"rendered":"<p><div class=\"fusion-fullwidth fullwidth-box fusion-builder-row-1 fusion-flex-container has-pattern-background has-mask-background hundred-percent-fullwidth non-hundred-percent-height-scrolling\" style=\"--awb-border-radius-top-left:0px;--awb-border-radius-top-right:0px;--awb-border-radius-bottom-right:0px;--awb-border-radius-bottom-left:0px;--awb-margin-top:-75px;--awb-flex-wrap:wrap;\" ><div class=\"fusion-builder-row fusion-row fusion-flex-align-items-center fusion-flex-justify-content-center fusion-flex-content-wrap\" style=\"width:104% !important;max-width:104% !important;margin-left: calc(-4% \/ 2 );margin-right: calc(-4% \/ 2 );\"><div class=\"fusion-layout-column fusion_builder_column fusion-builder-column-0 fusion_builder_column_1_1 1_1 fusion-flex-column\" style=\"--awb-bg-size:cover;--awb-width-large:100%;--awb-margin-top-large:20px;--awb-spacing-right-large:1.92%;--awb-margin-bottom-large:20px;--awb-spacing-left-large:1.92%;--awb-width-medium:100%;--awb-order-medium:0;--awb-spacing-right-medium:1.92%;--awb-spacing-left-medium:1.92%;--awb-width-small:100%;--awb-order-small:0;--awb-spacing-right-small:1.92%;--awb-spacing-left-small:1.92%;\"><div class=\"fusion-column-wrapper fusion-column-has-shadow fusion-flex-justify-content-flex-start fusion-content-layout-column\"><div class=\"fusion-widget fusion-widget-element fusion-widget-area fusion-content-widget-area wpWidget-1 fusion-widget-align-center fusion-widget-mobile-align-center bcn_widget\" style=\"--awb-fusion-border-size:0px;--awb-fusion-border-style:solid;\"><div class=\"widget widget_breadcrumb_navxt\"><div class=\"breadcrumbs\" vocab=\"https:\/\/schema.org\/\" typeof=\"BreadcrumbList\"><!-- Breadcrumb NavXT 7.4.1 -->\n<span property=\"itemListElement\" typeof=\"ListItem\">\r\n<a property=\"item\" typeof=\"WebPage\" title=\"Gehe zur Startseite.\" href=\"https:\/\/www.mein-pflegejob.de\/blog\/\" class=\"home\" aria-current=\"page\"><span property=\"name\">Startseite<\/span><\/a>\r\n<meta property=\"position\" content=\"1\"><\/span><\/div><\/div><\/div><\/div><\/div><div class=\"fusion-layout-column fusion_builder_column fusion-builder-column-1 fusion_builder_column_2_3 2_3 fusion-flex-column\" style=\"--awb-bg-size:cover;--awb-width-large:66.666666666667%;--awb-margin-top-large:20px;--awb-spacing-right-large:2.88%;--awb-margin-bottom-large:20px;--awb-spacing-left-large:2.88%;--awb-width-medium:100%;--awb-spacing-right-medium:1.92%;--awb-spacing-left-medium:1.92%;--awb-width-small:100%;--awb-spacing-right-small:1.92%;--awb-spacing-left-small:1.92%;\"><div class=\"fusion-column-wrapper fusion-column-has-shadow fusion-flex-justify-content-flex-start fusion-content-layout-column\"><div class=\"fusion-text fusion-text-1\"><p style=\"text-align: center;\">Die Pflegebranche in Deutschland erlebt eine bemerkenswerte Entwicklung, die nicht nur durch die steigende Zahl pflegebed\u00fcrftiger Menschen, sondern auch durch eine zunehmende Bedeutung der ambulanten Pflegedienste gekennzeichnet ist. Laut einer <a href=\"https:\/\/www.destatis.de\/DE\/Presse\/Pressemitteilungen\/2023\/05\/PD23_N029_23.html\" target=\"_blank\" rel=\"noopener\">Pressemitteilung des Statistischen Bundesamtes (Destatis) vom 11. Mai 2023<\/a> hat sich die Zahl der Besch\u00e4ftigten in ambulanten Pflegediensten innerhalb von 20 Jahren mehr als verdoppelt. Diese positive Entwicklung ist ein wichtiger Indikator f\u00fcr den wachsenden Bedarf an Pflegepersonal, um den steigenden Anforderungen im Pflegebereich gerecht zu werden.<\/p>\n<\/div><div class=\"fusion-image-element \" style=\"text-align:center;--awb-caption-title-font-family:var(--h2_typography-font-family);--awb-caption-title-font-weight:var(--h2_typography-font-weight);--awb-caption-title-font-style:var(--h2_typography-font-style);--awb-caption-title-size:var(--h2_typography-font-size);--awb-caption-title-transform:var(--h2_typography-text-transform);--awb-caption-title-line-height:var(--h2_typography-line-height);--awb-caption-title-letter-spacing:var(--h2_typography-letter-spacing);\"><span class=\" fusion-imageframe imageframe-none imageframe-1 hover-type-none\"><img decoding=\"async\" width=\"800\" height=\"450\" alt=\"Destatis-Pflegestatistik der Besch\u00e4ftigten in ambulanten Pflege- und Betreuungsdiensten und Pflegeheimen | Quelle: Statistisches Bundesamt (Destatis), 2023\" title=\"Destatis-Pflegestatistik der Besch\u00e4ftigten in ambulanten Pflege- und Betreuungsdiensten und Pflegeheimen | Quelle: Statistisches Bundesamt (Destatis), 2023\" src=\"https:\/\/www.mein-pflegejob.de\/blog\/media\/Destatis-Pflegestatistik-der-Beschaeftigten-in-ambulanter-Pflege.png\" data-orig-src=\"https:\/\/www.mein-pflegejob.de\/blog\/media\/Destatis-Pflegestatistik-der-Beschaeftigten-in-ambulanter-Pflege-800x450.png\" class=\"lazyload img-responsive wp-image-7116\" srcset=\"data:image\/svg+xml,%3Csvg%20xmlns%3D%27http%3A%2F%2Fwww.w3.org%2F2000%2Fsvg%27%20width%3D%272048%27%20height%3D%271152%27%20viewBox%3D%270%200%202048%201152%27%3E%3Crect%20width%3D%272048%27%20height%3D%271152%27%20fill-opacity%3D%220%22%2F%3E%3C%2Fsvg%3E\" data-srcset=\"https:\/\/www.mein-pflegejob.de\/blog\/media\/Destatis-Pflegestatistik-der-Beschaeftigten-in-ambulanter-Pflege-200x113.png 200w, https:\/\/www.mein-pflegejob.de\/blog\/media\/Destatis-Pflegestatistik-der-Beschaeftigten-in-ambulanter-Pflege-400x225.png 400w, https:\/\/www.mein-pflegejob.de\/blog\/media\/Destatis-Pflegestatistik-der-Beschaeftigten-in-ambulanter-Pflege-600x338.png 600w, https:\/\/www.mein-pflegejob.de\/blog\/media\/Destatis-Pflegestatistik-der-Beschaeftigten-in-ambulanter-Pflege-800x450.png 800w, https:\/\/www.mein-pflegejob.de\/blog\/media\/Destatis-Pflegestatistik-der-Beschaeftigten-in-ambulanter-Pflege-1200x675.png 1200w\" data-sizes=\"auto\" data-orig-sizes=\"(max-width: 1024px) 100vw, (max-width: 640px) 100vw, 1200px\" \/><\/span><\/div><div class=\"fusion-text fusion-text-2\"><p style=\"text-align: center;\">Besch\u00e4ftigte in ambulanten Pflege- und Betreuungsdiensten und Pflegeheimen | Quelle: <a href=\"https:\/\/www.destatis.de\/DE\/Presse\/Pressemitteilungen\/2023\/05\/PD23_N029_23.html\" target=\"_blank\" rel=\"noopener\">Statistisches Bundesamt (Destatis), 2023<\/a><\/p>\n<\/div><div class=\"fusion-separator fusion-full-width-sep\" style=\"align-self: center;margin-left: auto;margin-right: auto;margin-top:20px;margin-bottom:20px;width:100%;\"><div class=\"fusion-separator-border sep-single sep-solid\" style=\"--awb-height:20px;--awb-amount:20px;border-color:#d1d1d1;border-top-width:1px;\"><\/div><\/div><\/div><\/div><\/div><\/div><div class=\"fusion-fullwidth fullwidth-box fusion-builder-row-2 fusion-flex-container has-pattern-background has-mask-background hundred-percent-fullwidth non-hundred-percent-height-scrolling\" style=\"--awb-border-radius-top-left:0px;--awb-border-radius-top-right:0px;--awb-border-radius-bottom-right:0px;--awb-border-radius-bottom-left:0px;--awb-flex-wrap:wrap;\" ><div class=\"fusion-builder-row fusion-row fusion-flex-align-items-center fusion-flex-justify-content-center fusion-flex-content-wrap\" style=\"width:104% !important;max-width:104% !important;margin-left: calc(-4% \/ 2 );margin-right: calc(-4% \/ 2 );\"><div class=\"fusion-layout-column fusion_builder_column fusion-builder-column-2 fusion_builder_column_2_3 2_3 fusion-flex-column\" style=\"--awb-bg-size:cover;--awb-width-large:66.666666666667%;--awb-margin-top-large:20px;--awb-spacing-right-large:2.88%;--awb-margin-bottom-large:20px;--awb-spacing-left-large:2.88%;--awb-width-medium:100%;--awb-spacing-right-medium:1.92%;--awb-spacing-left-medium:1.92%;--awb-width-small:100%;--awb-spacing-right-small:1.92%;--awb-spacing-left-small:1.92%;\"><div class=\"fusion-column-wrapper fusion-column-has-shadow fusion-flex-justify-content-flex-start fusion-content-layout-column\"><div class=\"fusion-text fusion-text-3\"><p style=\"text-align: center;\">Laut den Daten von Destatis waren zum Jahresende 2021 insgesamt 442.900 Personen bei ambulanten Pflegeeinrichtungen besch\u00e4ftigt, was einem Anstieg von 134 % im Vergleich zu 2001 entspricht. Diese Zunahme ist in erster Linie auf den steigenden Bedarf an ambulanter Pflege zur\u00fcckzuf\u00fchren, da immer mehr Pflegebed\u00fcrftige die M\u00f6glichkeit nutzen, zu Hause gepflegt zu werden. Im gleichen Zeitraum stieg die Zahl der Pflegebed\u00fcrftigen, die von solchen Diensten versorgt werden, um 141 % an.<\/p>\n<p style=\"text-align: center;\">Die Pflegebed\u00fcrftigen werden vorwiegend zu Hause versorgt, wobei von den insgesamt knapp 4,96 Millionen pflegebed\u00fcrftigen Menschen in Deutschland Ende 2021 nur rund ein Sechstel vollstation\u00e4r in Pflegeheimen betreut wurde. F\u00fcnf von sechs Pflegebed\u00fcrftigen erhielten ihre Pflege zu Hause, wobei auch ambulante Pflegedienste und Angeh\u00f6rige eine wichtige Rolle spielen. Selbst unter denjenigen mit dem h\u00f6chsten Pflegegrad (Pflegegrad 5) wurden noch 51,4 % zu Hause gepflegt.<\/p>\n<\/div><div class=\"fusion-separator fusion-full-width-sep\" style=\"align-self: center;margin-left: auto;margin-right: auto;margin-top:20px;margin-bottom:20px;width:100%;\"><div class=\"fusion-separator-border sep-single sep-solid\" style=\"--awb-height:20px;--awb-amount:20px;border-color:#d1d1d1;border-top-width:1px;\"><\/div><\/div><\/div><\/div><\/div><\/div><div class=\"fusion-fullwidth fullwidth-box fusion-builder-row-3 fusion-flex-container has-pattern-background has-mask-background hundred-percent-fullwidth non-hundred-percent-height-scrolling\" style=\"--awb-border-radius-top-left:0px;--awb-border-radius-top-right:0px;--awb-border-radius-bottom-right:0px;--awb-border-radius-bottom-left:0px;--awb-flex-wrap:wrap;\" ><div class=\"fusion-builder-row fusion-row fusion-flex-align-items-center fusion-flex-justify-content-center fusion-flex-content-wrap\" style=\"width:104% !important;max-width:104% !important;margin-left: calc(-4% \/ 2 );margin-right: calc(-4% \/ 2 );\"><div class=\"fusion-layout-column fusion_builder_column fusion-builder-column-3 fusion_builder_column_2_3 2_3 fusion-flex-column\" style=\"--awb-bg-size:cover;--awb-width-large:66.666666666667%;--awb-margin-top-large:20px;--awb-spacing-right-large:2.88%;--awb-margin-bottom-large:20px;--awb-spacing-left-large:2.88%;--awb-width-medium:100%;--awb-spacing-right-medium:1.92%;--awb-spacing-left-medium:1.92%;--awb-width-small:100%;--awb-spacing-right-small:1.92%;--awb-spacing-left-small:1.92%;\"><div class=\"fusion-column-wrapper fusion-column-has-shadow fusion-flex-justify-content-flex-start fusion-content-layout-column\"><div class=\"fusion-text fusion-text-4\"><h2 style=\"text-align: center;\">Zahl der ambulanten Pflegedienste<\/h2>\n<p style=\"text-align: center;\">Die Bedeutung der ambulanten Pflege spiegelt sich auch in der Zahl der Pflegedienste wider, die binnen 20 Jahren um 45,1 % gestiegen ist. Gab es 2001 noch 10.600 ambulante Dienste, waren es Ende 2021 bereits 15.400. Dabei werden gut zwei Drittel der Pflegedienste von privaten Tr\u00e4gern betrieben. Die Anzahl der Dienste in der Hand freigemeinn\u00fctziger Tr\u00e4ger (30,8 %) und \u00f6ffentlicher Tr\u00e4ger (1,3 %) ist dagegen gesunken.<\/p>\n<\/div><div class=\"fusion-separator fusion-full-width-sep\" style=\"align-self: center;margin-left: auto;margin-right: auto;margin-top:20px;margin-bottom:20px;width:100%;\"><div class=\"fusion-separator-border sep-single sep-solid\" style=\"--awb-height:20px;--awb-amount:20px;border-color:#d1d1d1;border-top-width:1px;\"><\/div><\/div><\/div><\/div><\/div><\/div><div class=\"fusion-fullwidth fullwidth-box fusion-builder-row-4 fusion-flex-container has-pattern-background has-mask-background hundred-percent-fullwidth non-hundred-percent-height-scrolling\" style=\"--awb-border-radius-top-left:0px;--awb-border-radius-top-right:0px;--awb-border-radius-bottom-right:0px;--awb-border-radius-bottom-left:0px;--awb-flex-wrap:wrap;\" ><div class=\"fusion-builder-row fusion-row fusion-flex-align-items-center fusion-flex-justify-content-center fusion-flex-content-wrap\" style=\"width:104% !important;max-width:104% !important;margin-left: calc(-4% \/ 2 );margin-right: calc(-4% \/ 2 );\"><div class=\"fusion-layout-column fusion_builder_column fusion-builder-column-4 fusion_builder_column_2_3 2_3 fusion-flex-column\" style=\"--awb-bg-size:cover;--awb-width-large:66.666666666667%;--awb-margin-top-large:20px;--awb-spacing-right-large:2.88%;--awb-margin-bottom-large:20px;--awb-spacing-left-large:2.88%;--awb-width-medium:100%;--awb-spacing-right-medium:1.92%;--awb-spacing-left-medium:1.92%;--awb-width-small:100%;--awb-spacing-right-small:1.92%;--awb-spacing-left-small:1.92%;\"><div class=\"fusion-column-wrapper fusion-column-has-shadow fusion-flex-justify-content-flex-start fusion-content-layout-column\"><div class=\"fusion-text fusion-text-5\"><h2 style=\"text-align: center;\">Zahl der Besch\u00e4ftigten<\/h2>\n<p style=\"text-align: center;\">Auch die Zahl der Besch\u00e4ftigten in Pflegeheimen ist in den letzten 20 Jahren gewachsen, wenn auch nicht so stark wie bei den ambulanten Pflegediensten. Von 2001 bis 2021 stieg die Zahl der Besch\u00e4ftigten in Pflegeheimen um 71 %, von 475.400 auf 814.000 Personen. Parallel dazu hat sich die Zahl der vollstation\u00e4r versorgten Pflegebed\u00fcrftigen um 31 % erh\u00f6ht, w\u00e4hrend die Zahl der teilstation\u00e4r versorgten Pflegebed\u00fcrftigen im gleichen Zeitraum sogar um 1.090 % gestiegen ist. Diese Zahlen verdeutlichen die wachsende Bedeutung der Pflegeheime als eine wichtige Option f\u00fcr die Unterbringung und Versorgung von pflegebed\u00fcrftigen Menschen.<\/p>\n<p style=\"text-align: center;\">Ein weiteres interessantes Detail, das aus den Daten hervorgeht, ist die Teilzeitquote bei den Besch\u00e4ftigten in ambulanten Pflegediensten und Pflegeheimen. Bei den ambulanten Pflegediensten betr\u00e4gt die Teilzeitquote 68,1 %, w\u00e4hrend sie in Pflegeheimen bei 63,3 % liegt. Bei beiden Pflegedienstleistungen ist die Teilzeitquote bei weiblichen Besch\u00e4ftigten deutlich h\u00f6her als bei den m\u00e4nnlichen. Diese hohe Teilzeitbesch\u00e4ftigung spiegelt die Flexibilit\u00e4t und Anpassungsf\u00e4higkeit der Pflegebranche wider, um den Bed\u00fcrfnissen der Besch\u00e4ftigten gerecht zu werden und gleichzeitig die Pflegequalit\u00e4t aufrechtzuerhalten.<\/p>\n<p style=\"text-align: center;\">Ein Faktor, der weiterhin ber\u00fccksichtigt werden muss, ist der Bildungsstand der Besch\u00e4ftigten. Laut den Zahlen von Destatis verf\u00fcgt ein Viertel der Besch\u00e4ftigten in der Pflege \u00fcber keinen Berufsabschluss. Dies unterstreicht die Notwendigkeit von Bildungs- und Aufstiegschancen in der Pflegebranche, um die Qualifikation und Professionalisierung des Pflegepersonals voranzutreiben.<\/p>\n<\/div><div class=\"fusion-separator fusion-full-width-sep\" style=\"align-self: center;margin-left: auto;margin-right: auto;margin-top:20px;margin-bottom:20px;width:100%;\"><div class=\"fusion-separator-border sep-single sep-solid\" style=\"--awb-height:20px;--awb-amount:20px;border-color:#d1d1d1;border-top-width:1px;\"><\/div><\/div><\/div><\/div><\/div><\/div><div class=\"fusion-fullwidth fullwidth-box fusion-builder-row-5 fusion-flex-container has-pattern-background has-mask-background hundred-percent-fullwidth non-hundred-percent-height-scrolling\" style=\"--awb-border-radius-top-left:0px;--awb-border-radius-top-right:0px;--awb-border-radius-bottom-right:0px;--awb-border-radius-bottom-left:0px;--awb-flex-wrap:wrap;\" ><div class=\"fusion-builder-row fusion-row fusion-flex-align-items-center fusion-flex-justify-content-center fusion-flex-content-wrap\" style=\"width:104% !important;max-width:104% !important;margin-left: calc(-4% \/ 2 );margin-right: calc(-4% \/ 2 );\"><div class=\"fusion-layout-column fusion_builder_column fusion-builder-column-5 fusion_builder_column_2_3 2_3 fusion-flex-column\" style=\"--awb-bg-size:cover;--awb-width-large:66.666666666667%;--awb-margin-top-large:20px;--awb-spacing-right-large:2.88%;--awb-margin-bottom-large:20px;--awb-spacing-left-large:2.88%;--awb-width-medium:100%;--awb-spacing-right-medium:1.92%;--awb-spacing-left-medium:1.92%;--awb-width-small:100%;--awb-spacing-right-small:1.92%;--awb-spacing-left-small:1.92%;\"><div class=\"fusion-column-wrapper fusion-column-has-shadow fusion-flex-justify-content-flex-start fusion-content-layout-column\"><div class=\"fusion-text fusion-text-6\"><h2 style=\"text-align: center;\">Fazit<\/h2>\n<p style=\"text-align: center;\">Insgesamt verdeutlichen die Daten des Statistischen Bundesamtes, wie wichtig die Pflegebranche f\u00fcr die Gesellschaft ist und wie sehr sie sich in den letzten zwei Jahrzehnten entwickelt hat. Die steigende Zahl pflegebed\u00fcrftiger Menschen und die Bedeutung der ambulanten Pflege veranschaulichen den wachsenden Bedarf an qualifiziertem Pflegepersonal und die Herausforderungen, die die Pflegebranche in den kommenden Jahren bew\u00e4ltigen muss. Die Zunahme der Besch\u00e4ftigten in ambulanten Pflegediensten ist demnach ein positives Zeichen f\u00fcr die steigende Relevanz der ambulanten Pflege und die Bereitschaft, pflegebed\u00fcrftige Menschen in ihrem h\u00e4uslichen Umfeld zu unterst\u00fctzen. Es bleibt zu hoffen, dass diese Entwicklung auch in Zukunft anh\u00e4lt und weiterhin Investitionen in die Pflegebranche get\u00e4tigt werden, um die Versorgung pflegebed\u00fcrftiger Menschen auf einem hohen Niveau sicherzustellen.<\/p>\n<h4 style=\"text-align: center;\">Weitere Ergebnisse und Statistiken:<\/h4>\n<ul style=\"text-align: center;\">\n<li style=\"text-align: left;\">Publikation\u00a0<a href=\"https:\/\/www.wohnen-im-alter.de\/files-10187\/Pflegestatistik-Deutschland-2019.pdf\" target=\"_blank\" rel=\"noopener\">\u201ePflegestatistik 2019 \u2013 Deutschlandergebnisse\u201c<\/a><\/li>\n<li style=\"text-align: left;\">Blog Artikel: <a href=\"https:\/\/news.wohnen-im-alter.de\/2020\/12\/zahl-der-pflegebedurftigen-gestiegen\/\" target=\"_blank\" rel=\"noopener\">\u201eZahl der Pflegebed\u00fcrftigen gestiegen\u201c\u00a0<\/a><\/li>\n<li style=\"text-align: left;\">Blog Artikel: <a href=\"https:\/\/www.mein-pflegejob.de\/blog\/destatis-pflegestatistik-personal\/\" target=\"_blank\" rel=\"noopener\">\u201eDestatis Pflegestatistik &#8211; Personal\u201c<\/a><\/li>\n<\/ul>\n<h2 style=\"text-align: center;\"><\/h2>\n<\/div><div class=\"fusion-separator fusion-full-width-sep\" style=\"align-self: center;margin-left: auto;margin-right: auto;margin-top:20px;margin-bottom:20px;width:100%;\"><div class=\"fusion-separator-border sep-single sep-solid\" style=\"--awb-height:20px;--awb-amount:20px;border-color:#d1d1d1;border-top-width:1px;\"><\/div><\/div><\/div><\/div><\/div><\/div><div class=\"fusion-fullwidth fullwidth-box fusion-builder-row-6 fusion-flex-container has-pattern-background has-mask-background hundred-percent-fullwidth non-hundred-percent-height-scrolling\" style=\"--awb-border-radius-top-left:0px;--awb-border-radius-top-right:0px;--awb-border-radius-bottom-right:0px;--awb-border-radius-bottom-left:0px;--awb-flex-wrap:wrap;\" ><div class=\"fusion-builder-row fusion-row fusion-flex-align-items-center fusion-flex-justify-content-center fusion-flex-content-wrap\" style=\"width:104% !important;max-width:104% !important;margin-left: calc(-4% \/ 2 );margin-right: calc(-4% \/ 2 );\"><div class=\"fusion-layout-column fusion_builder_column fusion-builder-column-6 fusion_builder_column_2_3 2_3 fusion-flex-column\" style=\"--awb-bg-size:cover;--awb-width-large:66.666666666667%;--awb-margin-top-large:20px;--awb-spacing-right-large:2.88%;--awb-margin-bottom-large:20px;--awb-spacing-left-large:2.88%;--awb-width-medium:100%;--awb-spacing-right-medium:1.92%;--awb-spacing-left-medium:1.92%;--awb-width-small:100%;--awb-spacing-right-small:1.92%;--awb-spacing-left-small:1.92%;\"><div class=\"fusion-column-wrapper fusion-column-has-shadow fusion-flex-justify-content-flex-start fusion-content-layout-column\"><div class=\"fusion-text fusion-text-7\"><h2 style=\"text-align: center;\">Quellen<\/h2>\n<ul>\n<li><a href=\"https:\/\/www.destatis.de\/DE\/Presse\/Pressemitteilungen\/2023\/05\/PD23_N029_23.html\" target=\"_blank\" rel=\"noopener\">https:\/\/www.destatis.de\/DE\/Presse\/Pressemitteilungen\/2023\/05\/PD23_N029_23.html<\/a><\/li>\n<li><a href=\"https:\/\/www.destatis.de\/DE\/Themen\/Gesellschaft-Umwelt\/Gesundheit\/Pflege\/_inhalt.html\" target=\"_blank\" rel=\"noopener\">https:\/\/www.destatis.de\/DE\/Themen\/Gesellschaft-Umwelt\/Gesundheit\/Pflege\/_inhalt.html<\/a><\/li>\n<li><a href=\"https:\/\/www.destatis.de\/DE\/Themen\/Gesellschaft-Umwelt\/Gesundheit\/Pflege\/Tabellen\/personal-pflegeeinrichtungen.html\" target=\"_blank\" rel=\"noopener\">https:\/\/www.destatis.de\/DE\/Themen\/Gesellschaft-Umwelt\/Gesundheit\/Pflege\/Tabellen\/personal-pflegeeinrichtungen.html<\/a><\/li>\n<\/ul>\n<\/div><\/div><\/div><\/div><\/div><\/p>\n","protected":false},"excerpt":{"rendered":"","protected":false},"author":7,"featured_media":7116,"comment_status":"closed","ping_status":"closed","sticky":false,"template":"","format":"standard","meta":{"footnotes":""},"categories":[1,15],"tags":[],"yoast_head":"<!-- This site is optimized with the Yoast SEO plugin v23.4 - https:\/\/yoast.com\/wordpress\/plugins\/seo\/ -->\n<title>Pflegestatistik zeigt: Zahl der Besch\u00e4ftigten in ambulanten Pflegediensten innerhalb von 20 Jahren mehr als verdoppelt - Magazin Mein Pflegejob<\/title>\n<meta name=\"description\" content=\"Zahl der Besch\u00e4ftigten in ambulanten Pflegediensten hat sich mehr als verdoppelt \u27a4 wichtiger Indikator f\u00fcr den wachsenden Bedarf an Pflegepersonal\" \/>\n<meta name=\"robots\" content=\"index, follow, max-snippet:-1, max-image-preview:large, max-video-preview:-1\" \/>\n<link rel=\"canonical\" href=\"https:\/\/www.mein-pflegejob.de\/blog\/pflegestatistik-zahl-der-beschaeftigten-mehr-als-verdoppelt\/\" \/>\n<meta property=\"og:locale\" content=\"de_DE\" \/>\n<meta property=\"og:type\" content=\"article\" \/>\n<meta property=\"og:title\" content=\"Pflegestatistik zeigt: Zahl der Besch\u00e4ftigten in ambulanten Pflegediensten innerhalb von 20 Jahren mehr als verdoppelt - Magazin Mein Pflegejob\" \/>\n<meta property=\"og:description\" content=\"Zahl der Besch\u00e4ftigten in ambulanten Pflegediensten hat sich mehr als verdoppelt \u27a4 wichtiger Indikator f\u00fcr den wachsenden Bedarf an Pflegepersonal\" \/>\n<meta property=\"og:url\" content=\"https:\/\/www.mein-pflegejob.de\/blog\/pflegestatistik-zahl-der-beschaeftigten-mehr-als-verdoppelt\/\" \/>\n<meta property=\"og:site_name\" content=\"Magazin Mein Pflegejob\" \/>\n<meta property=\"article:publisher\" content=\"https:\/\/www.facebook.com\/meinpflegejob.meintraumjob\/\" \/>\n<meta property=\"article:published_time\" content=\"2023-07-26T07:00:13+00:00\" \/>\n<meta property=\"article:modified_time\" content=\"2023-07-25T07:43:18+00:00\" \/>\n<meta property=\"og:image\" content=\"https:\/\/www.mein-pflegejob.de\/blog\/media\/Destatis-Pflegestatistik-der-Beschaeftigten-in-ambulanter-Pflege.png\" \/>\n\t<meta property=\"og:image:width\" content=\"2048\" \/>\n\t<meta property=\"og:image:height\" content=\"1152\" \/>\n\t<meta property=\"og:image:type\" content=\"image\/png\" \/>\n<meta name=\"author\" content=\"Sonja\" \/>\n<meta name=\"twitter:card\" content=\"summary_large_image\" \/>\n<meta name=\"twitter:creator\" content=\"@mein_pflegejob\" \/>\n<meta name=\"twitter:site\" content=\"@mein_pflegejob\" \/>\n<script type=\"application\/ld+json\" class=\"yoast-schema-graph\">{\"@context\":\"https:\/\/schema.org\",\"@graph\":[{\"@type\":\"Article\",\"@id\":\"https:\/\/www.mein-pflegejob.de\/blog\/pflegestatistik-zahl-der-beschaeftigten-mehr-als-verdoppelt\/#article\",\"isPartOf\":{\"@id\":\"https:\/\/www.mein-pflegejob.de\/blog\/pflegestatistik-zahl-der-beschaeftigten-mehr-als-verdoppelt\/\"},\"author\":{\"name\":\"Sonja\",\"@id\":\"https:\/\/www.mein-pflegejob.de\/blog\/#\/schema\/person\/c744cb17a54d729741643e7346ad31cc\"},\"headline\":\"Pflegestatistik zeigt: Zahl der Besch\u00e4ftigten in ambulanten Pflegediensten innerhalb von 20 Jahren mehr als verdoppelt\",\"datePublished\":\"2023-07-26T07:00:13+00:00\",\"dateModified\":\"2023-07-25T07:43:18+00:00\",\"mainEntityOfPage\":{\"@id\":\"https:\/\/www.mein-pflegejob.de\/blog\/pflegestatistik-zahl-der-beschaeftigten-mehr-als-verdoppelt\/\"},\"wordCount\":5538,\"publisher\":{\"@id\":\"https:\/\/www.mein-pflegejob.de\/blog\/#organization\"},\"image\":{\"@id\":\"https:\/\/www.mein-pflegejob.de\/blog\/pflegestatistik-zahl-der-beschaeftigten-mehr-als-verdoppelt\/#primaryimage\"},\"thumbnailUrl\":\"https:\/\/www.mein-pflegejob.de\/blog\/media\/Destatis-Pflegestatistik-der-Beschaeftigten-in-ambulanter-Pflege.png\",\"articleSection\":{\"1\":\"News\"},\"inLanguage\":\"de\"},{\"@type\":\"WebPage\",\"@id\":\"https:\/\/www.mein-pflegejob.de\/blog\/pflegestatistik-zahl-der-beschaeftigten-mehr-als-verdoppelt\/\",\"url\":\"https:\/\/www.mein-pflegejob.de\/blog\/pflegestatistik-zahl-der-beschaeftigten-mehr-als-verdoppelt\/\",\"name\":\"Pflegestatistik zeigt: Zahl der Besch\u00e4ftigten in ambulanten Pflegediensten innerhalb von 20 Jahren mehr als verdoppelt - Magazin Mein Pflegejob\",\"isPartOf\":{\"@id\":\"https:\/\/www.mein-pflegejob.de\/blog\/#website\"},\"primaryImageOfPage\":{\"@id\":\"https:\/\/www.mein-pflegejob.de\/blog\/pflegestatistik-zahl-der-beschaeftigten-mehr-als-verdoppelt\/#primaryimage\"},\"image\":{\"@id\":\"https:\/\/www.mein-pflegejob.de\/blog\/pflegestatistik-zahl-der-beschaeftigten-mehr-als-verdoppelt\/#primaryimage\"},\"thumbnailUrl\":\"https:\/\/www.mein-pflegejob.de\/blog\/media\/Destatis-Pflegestatistik-der-Beschaeftigten-in-ambulanter-Pflege.png\",\"datePublished\":\"2023-07-26T07:00:13+00:00\",\"dateModified\":\"2023-07-25T07:43:18+00:00\",\"description\":\"Zahl der Besch\u00e4ftigten in ambulanten Pflegediensten hat sich mehr als verdoppelt \u27a4 wichtiger Indikator f\u00fcr den wachsenden Bedarf an Pflegepersonal\",\"breadcrumb\":{\"@id\":\"https:\/\/www.mein-pflegejob.de\/blog\/pflegestatistik-zahl-der-beschaeftigten-mehr-als-verdoppelt\/#breadcrumb\"},\"inLanguage\":\"de\",\"potentialAction\":[{\"@type\":\"ReadAction\",\"target\":[\"https:\/\/www.mein-pflegejob.de\/blog\/pflegestatistik-zahl-der-beschaeftigten-mehr-als-verdoppelt\/\"]}]},{\"@type\":\"ImageObject\",\"inLanguage\":\"de\",\"@id\":\"https:\/\/www.mein-pflegejob.de\/blog\/pflegestatistik-zahl-der-beschaeftigten-mehr-als-verdoppelt\/#primaryimage\",\"url\":\"https:\/\/www.mein-pflegejob.de\/blog\/media\/Destatis-Pflegestatistik-der-Beschaeftigten-in-ambulanter-Pflege.png\",\"contentUrl\":\"https:\/\/www.mein-pflegejob.de\/blog\/media\/Destatis-Pflegestatistik-der-Beschaeftigten-in-ambulanter-Pflege.png\",\"width\":2048,\"height\":1152,\"caption\":\"Destatis-Pflegestatistik der Besch\u00e4ftigten in ambulanten Pflege- und Betreuungsdiensten und Pflegeheimen | Quelle: Statistisches Bundesamt (Destatis), 2023\"},{\"@type\":\"BreadcrumbList\",\"@id\":\"https:\/\/www.mein-pflegejob.de\/blog\/pflegestatistik-zahl-der-beschaeftigten-mehr-als-verdoppelt\/#breadcrumb\",\"itemListElement\":[{\"@type\":\"ListItem\",\"position\":1,\"name\":\"Home\",\"item\":\"https:\/\/www.mein-pflegejob.de\/blog\/\"},{\"@type\":\"ListItem\",\"position\":2,\"name\":\"Pflegestatistik zeigt: Zahl der Besch\u00e4ftigten in ambulanten Pflegediensten innerhalb von 20 Jahren mehr als verdoppelt\"}]},{\"@type\":\"WebSite\",\"@id\":\"https:\/\/www.mein-pflegejob.de\/blog\/#website\",\"url\":\"https:\/\/www.mein-pflegejob.de\/blog\/\",\"name\":\"Magazin Mein Pflegejob\",\"description\":\"Der Stellenmarkt f\u00fcr die Pflegebranche\",\"publisher\":{\"@id\":\"https:\/\/www.mein-pflegejob.de\/blog\/#organization\"},\"potentialAction\":[{\"@type\":\"SearchAction\",\"target\":{\"@type\":\"EntryPoint\",\"urlTemplate\":\"https:\/\/www.mein-pflegejob.de\/blog\/?s={search_term_string}\"},\"query-input\":{\"@type\":\"PropertyValueSpecification\",\"valueRequired\":true,\"valueName\":\"search_term_string\"}}],\"inLanguage\":\"de\"},{\"@type\":\"Organization\",\"@id\":\"https:\/\/www.mein-pflegejob.de\/blog\/#organization\",\"name\":\"mein-pflegejob\",\"url\":\"https:\/\/www.mein-pflegejob.de\/blog\/\",\"logo\":{\"@type\":\"ImageObject\",\"inLanguage\":\"de\",\"@id\":\"https:\/\/www.mein-pflegejob.de\/blog\/#\/schema\/logo\/image\/\",\"url\":\"https:\/\/www.mein-pflegejob.de\/blog\/media\/Logo_klein.png\",\"contentUrl\":\"https:\/\/www.mein-pflegejob.de\/blog\/media\/Logo_klein.png\",\"width\":256,\"height\":80,\"caption\":\"mein-pflegejob\"},\"image\":{\"@id\":\"https:\/\/www.mein-pflegejob.de\/blog\/#\/schema\/logo\/image\/\"},\"sameAs\":[\"https:\/\/www.facebook.com\/meinpflegejob.meintraumjob\/\",\"https:\/\/x.com\/mein_pflegejob\",\"https:\/\/www.instagram.com\/meinpflegejob\/\",\"https:\/\/www.linkedin.com\/company\/mein-pflegejob-de\/\"]},{\"@type\":\"Person\",\"@id\":\"https:\/\/www.mein-pflegejob.de\/blog\/#\/schema\/person\/c744cb17a54d729741643e7346ad31cc\",\"name\":\"Sonja\"}]}<\/script>\n<!-- \/ Yoast SEO plugin. -->","yoast_head_json":{"title":"Pflegestatistik zeigt: Zahl der Besch\u00e4ftigten in ambulanten Pflegediensten innerhalb von 20 Jahren mehr als verdoppelt - Magazin Mein Pflegejob","description":"Zahl der Besch\u00e4ftigten in ambulanten Pflegediensten hat sich mehr als verdoppelt \u27a4 wichtiger Indikator f\u00fcr den wachsenden Bedarf an Pflegepersonal","robots":{"index":"index","follow":"follow","max-snippet":"max-snippet:-1","max-image-preview":"max-image-preview:large","max-video-preview":"max-video-preview:-1"},"canonical":"https:\/\/www.mein-pflegejob.de\/blog\/pflegestatistik-zahl-der-beschaeftigten-mehr-als-verdoppelt\/","og_locale":"de_DE","og_type":"article","og_title":"Pflegestatistik zeigt: Zahl der Besch\u00e4ftigten in ambulanten Pflegediensten innerhalb von 20 Jahren mehr als verdoppelt - Magazin Mein Pflegejob","og_description":"Zahl der Besch\u00e4ftigten in ambulanten Pflegediensten hat sich mehr als verdoppelt \u27a4 wichtiger Indikator f\u00fcr den wachsenden Bedarf an Pflegepersonal","og_url":"https:\/\/www.mein-pflegejob.de\/blog\/pflegestatistik-zahl-der-beschaeftigten-mehr-als-verdoppelt\/","og_site_name":"Magazin Mein Pflegejob","article_publisher":"https:\/\/www.facebook.com\/meinpflegejob.meintraumjob\/","article_published_time":"2023-07-26T07:00:13+00:00","article_modified_time":"2023-07-25T07:43:18+00:00","og_image":[{"width":2048,"height":1152,"url":"https:\/\/www.mein-pflegejob.de\/blog\/media\/Destatis-Pflegestatistik-der-Beschaeftigten-in-ambulanter-Pflege.png","type":"image\/png"}],"author":"Sonja","twitter_card":"summary_large_image","twitter_creator":"@mein_pflegejob","twitter_site":"@mein_pflegejob","schema":{"@context":"https:\/\/schema.org","@graph":[{"@type":"Article","@id":"https:\/\/www.mein-pflegejob.de\/blog\/pflegestatistik-zahl-der-beschaeftigten-mehr-als-verdoppelt\/#article","isPartOf":{"@id":"https:\/\/www.mein-pflegejob.de\/blog\/pflegestatistik-zahl-der-beschaeftigten-mehr-als-verdoppelt\/"},"author":{"name":"Sonja","@id":"https:\/\/www.mein-pflegejob.de\/blog\/#\/schema\/person\/c744cb17a54d729741643e7346ad31cc"},"headline":"Pflegestatistik zeigt: Zahl der Besch\u00e4ftigten in ambulanten Pflegediensten innerhalb von 20 Jahren mehr als verdoppelt","datePublished":"2023-07-26T07:00:13+00:00","dateModified":"2023-07-25T07:43:18+00:00","mainEntityOfPage":{"@id":"https:\/\/www.mein-pflegejob.de\/blog\/pflegestatistik-zahl-der-beschaeftigten-mehr-als-verdoppelt\/"},"wordCount":5538,"publisher":{"@id":"https:\/\/www.mein-pflegejob.de\/blog\/#organization"},"image":{"@id":"https:\/\/www.mein-pflegejob.de\/blog\/pflegestatistik-zahl-der-beschaeftigten-mehr-als-verdoppelt\/#primaryimage"},"thumbnailUrl":"https:\/\/www.mein-pflegejob.de\/blog\/media\/Destatis-Pflegestatistik-der-Beschaeftigten-in-ambulanter-Pflege.png","articleSection":{"1":"News"},"inLanguage":"de"},{"@type":"WebPage","@id":"https:\/\/www.mein-pflegejob.de\/blog\/pflegestatistik-zahl-der-beschaeftigten-mehr-als-verdoppelt\/","url":"https:\/\/www.mein-pflegejob.de\/blog\/pflegestatistik-zahl-der-beschaeftigten-mehr-als-verdoppelt\/","name":"Pflegestatistik zeigt: Zahl der Besch\u00e4ftigten in ambulanten Pflegediensten innerhalb von 20 Jahren mehr als verdoppelt - Magazin Mein Pflegejob","isPartOf":{"@id":"https:\/\/www.mein-pflegejob.de\/blog\/#website"},"primaryImageOfPage":{"@id":"https:\/\/www.mein-pflegejob.de\/blog\/pflegestatistik-zahl-der-beschaeftigten-mehr-als-verdoppelt\/#primaryimage"},"image":{"@id":"https:\/\/www.mein-pflegejob.de\/blog\/pflegestatistik-zahl-der-beschaeftigten-mehr-als-verdoppelt\/#primaryimage"},"thumbnailUrl":"https:\/\/www.mein-pflegejob.de\/blog\/media\/Destatis-Pflegestatistik-der-Beschaeftigten-in-ambulanter-Pflege.png","datePublished":"2023-07-26T07:00:13+00:00","dateModified":"2023-07-25T07:43:18+00:00","description":"Zahl der Besch\u00e4ftigten in ambulanten Pflegediensten hat sich mehr als verdoppelt \u27a4 wichtiger Indikator f\u00fcr den wachsenden Bedarf an Pflegepersonal","breadcrumb":{"@id":"https:\/\/www.mein-pflegejob.de\/blog\/pflegestatistik-zahl-der-beschaeftigten-mehr-als-verdoppelt\/#breadcrumb"},"inLanguage":"de","potentialAction":[{"@type":"ReadAction","target":["https:\/\/www.mein-pflegejob.de\/blog\/pflegestatistik-zahl-der-beschaeftigten-mehr-als-verdoppelt\/"]}]},{"@type":"ImageObject","inLanguage":"de","@id":"https:\/\/www.mein-pflegejob.de\/blog\/pflegestatistik-zahl-der-beschaeftigten-mehr-als-verdoppelt\/#primaryimage","url":"https:\/\/www.mein-pflegejob.de\/blog\/media\/Destatis-Pflegestatistik-der-Beschaeftigten-in-ambulanter-Pflege.png","contentUrl":"https:\/\/www.mein-pflegejob.de\/blog\/media\/Destatis-Pflegestatistik-der-Beschaeftigten-in-ambulanter-Pflege.png","width":2048,"height":1152,"caption":"Destatis-Pflegestatistik der Besch\u00e4ftigten in ambulanten Pflege- und Betreuungsdiensten und Pflegeheimen | Quelle: Statistisches Bundesamt (Destatis), 2023"},{"@type":"BreadcrumbList","@id":"https:\/\/www.mein-pflegejob.de\/blog\/pflegestatistik-zahl-der-beschaeftigten-mehr-als-verdoppelt\/#breadcrumb","itemListElement":[{"@type":"ListItem","position":1,"name":"Home","item":"https:\/\/www.mein-pflegejob.de\/blog\/"},{"@type":"ListItem","position":2,"name":"Pflegestatistik zeigt: Zahl der Besch\u00e4ftigten in ambulanten Pflegediensten innerhalb von 20 Jahren mehr als verdoppelt"}]},{"@type":"WebSite","@id":"https:\/\/www.mein-pflegejob.de\/blog\/#website","url":"https:\/\/www.mein-pflegejob.de\/blog\/","name":"Magazin Mein Pflegejob","description":"Der Stellenmarkt f\u00fcr die Pflegebranche","publisher":{"@id":"https:\/\/www.mein-pflegejob.de\/blog\/#organization"},"potentialAction":[{"@type":"SearchAction","target":{"@type":"EntryPoint","urlTemplate":"https:\/\/www.mein-pflegejob.de\/blog\/?s={search_term_string}"},"query-input":{"@type":"PropertyValueSpecification","valueRequired":true,"valueName":"search_term_string"}}],"inLanguage":"de"},{"@type":"Organization","@id":"https:\/\/www.mein-pflegejob.de\/blog\/#organization","name":"mein-pflegejob","url":"https:\/\/www.mein-pflegejob.de\/blog\/","logo":{"@type":"ImageObject","inLanguage":"de","@id":"https:\/\/www.mein-pflegejob.de\/blog\/#\/schema\/logo\/image\/","url":"https:\/\/www.mein-pflegejob.de\/blog\/media\/Logo_klein.png","contentUrl":"https:\/\/www.mein-pflegejob.de\/blog\/media\/Logo_klein.png","width":256,"height":80,"caption":"mein-pflegejob"},"image":{"@id":"https:\/\/www.mein-pflegejob.de\/blog\/#\/schema\/logo\/image\/"},"sameAs":["https:\/\/www.facebook.com\/meinpflegejob.meintraumjob\/","https:\/\/x.com\/mein_pflegejob","https:\/\/www.instagram.com\/meinpflegejob\/","https:\/\/www.linkedin.com\/company\/mein-pflegejob-de\/"]},{"@type":"Person","@id":"https:\/\/www.mein-pflegejob.de\/blog\/#\/schema\/person\/c744cb17a54d729741643e7346ad31cc","name":"Sonja"}]}},"_links":{"self":[{"href":"https:\/\/www.mein-pflegejob.de\/blog\/wp-json\/wp\/v2\/posts\/7114"}],"collection":[{"href":"https:\/\/www.mein-pflegejob.de\/blog\/wp-json\/wp\/v2\/posts"}],"about":[{"href":"https:\/\/www.mein-pflegejob.de\/blog\/wp-json\/wp\/v2\/types\/post"}],"author":[{"embeddable":true,"href":"https:\/\/www.mein-pflegejob.de\/blog\/wp-json\/wp\/v2\/users\/7"}],"replies":[{"embeddable":true,"href":"https:\/\/www.mein-pflegejob.de\/blog\/wp-json\/wp\/v2\/comments?post=7114"}],"version-history":[{"count":7,"href":"https:\/\/www.mein-pflegejob.de\/blog\/wp-json\/wp\/v2\/posts\/7114\/revisions"}],"predecessor-version":[{"id":7122,"href":"https:\/\/www.mein-pflegejob.de\/blog\/wp-json\/wp\/v2\/posts\/7114\/revisions\/7122"}],"wp:featuredmedia":[{"embeddable":true,"href":"https:\/\/www.mein-pflegejob.de\/blog\/wp-json\/wp\/v2\/media\/7116"}],"wp:attachment":[{"href":"https:\/\/www.mein-pflegejob.de\/blog\/wp-json\/wp\/v2\/media?parent=7114"}],"wp:term":[{"taxonomy":"category","embeddable":true,"href":"https:\/\/www.mein-pflegejob.de\/blog\/wp-json\/wp\/v2\/categories?post=7114"},{"taxonomy":"post_tag","embeddable":true,"href":"https:\/\/www.mein-pflegejob.de\/blog\/wp-json\/wp\/v2\/tags?post=7114"}],"curies":[{"name":"wp","href":"https:\/\/api.w.org\/{rel}","templated":true}]}}