{"id":7262,"date":"2024-06-14T13:07:04","date_gmt":"2024-06-14T11:07:04","guid":{"rendered":"https:\/\/www.mein-pflegejob.de\/blog\/?p=7262"},"modified":"2024-06-14T13:07:04","modified_gmt":"2024-06-14T11:07:04","slug":"geplante-landespflegekammer-in-baden-wuerttemberg-gescheitert","status":"publish","type":"post","link":"https:\/\/www.mein-pflegejob.de\/blog\/geplante-landespflegekammer-in-baden-wuerttemberg-gescheitert\/","title":{"rendered":"Geplante Landespflegekammer in Baden-W\u00fcrttemberg gescheitert"},"content":{"rendered":"<p><div class=\"fusion-fullwidth fullwidth-box fusion-builder-row-1 fusion-flex-container has-pattern-background has-mask-background hundred-percent-fullwidth non-hundred-percent-height-scrolling\" style=\"--awb-border-radius-top-left:0px;--awb-border-radius-top-right:0px;--awb-border-radius-bottom-right:0px;--awb-border-radius-bottom-left:0px;--awb-padding-bottom:0px;--awb-margin-top:-75px;--awb-flex-wrap:wrap;\" ><div class=\"fusion-builder-row fusion-row fusion-flex-align-items-center fusion-flex-justify-content-center fusion-flex-content-wrap\" style=\"width:104% !important;max-width:104% !important;margin-left: calc(-4% \/ 2 );margin-right: calc(-4% \/ 2 );\"><div class=\"fusion-layout-column fusion_builder_column fusion-builder-column-0 fusion_builder_column_1_1 1_1 fusion-flex-column\" style=\"--awb-bg-size:cover;--awb-width-large:100%;--awb-margin-top-large:20px;--awb-spacing-right-large:1.92%;--awb-margin-bottom-large:20px;--awb-spacing-left-large:1.92%;--awb-width-medium:100%;--awb-order-medium:0;--awb-spacing-right-medium:1.92%;--awb-spacing-left-medium:1.92%;--awb-width-small:100%;--awb-order-small:0;--awb-spacing-right-small:1.92%;--awb-spacing-left-small:1.92%;\" data-scroll-devices=\"small-visibility,medium-visibility,large-visibility\"><div class=\"fusion-column-wrapper fusion-column-has-shadow fusion-flex-justify-content-flex-start fusion-content-layout-column\"><div class=\"fusion-widget fusion-widget-element fusion-widget-area fusion-content-widget-area wpWidget-1 fusion-widget-align-center fusion-widget-mobile-align-center bcn_widget\" style=\"--awb-fusion-border-size:0px;--awb-fusion-border-style:solid;\"><div class=\"widget widget_breadcrumb_navxt\"><div class=\"breadcrumbs\" vocab=\"https:\/\/schema.org\/\" typeof=\"BreadcrumbList\"><!-- Breadcrumb NavXT 7.4.1 -->\n<span property=\"itemListElement\" typeof=\"ListItem\">\r\n<a property=\"item\" typeof=\"WebPage\" title=\"Gehe zur Startseite.\" href=\"https:\/\/www.mein-pflegejob.de\/blog\/\" class=\"home\" aria-current=\"page\"><span property=\"name\">Startseite<\/span><\/a>\r\n<meta property=\"position\" content=\"1\"><\/span><\/div><\/div><\/div><\/div><\/div><div class=\"fusion-layout-column fusion_builder_column fusion-builder-column-1 fusion_builder_column_2_3 2_3 fusion-flex-column\" style=\"--awb-bg-blend:overlay;--awb-bg-size:cover;--awb-width-large:66.666666666667%;--awb-margin-top-large:20px;--awb-spacing-right-large:2.88%;--awb-margin-bottom-large:20px;--awb-spacing-left-large:2.88%;--awb-width-medium:100%;--awb-spacing-right-medium:1.92%;--awb-spacing-left-medium:1.92%;--awb-width-small:100%;--awb-spacing-right-small:1.92%;--awb-spacing-left-small:1.92%;\"><div class=\"fusion-column-wrapper fusion-column-has-shadow fusion-flex-justify-content-flex-start fusion-content-layout-column\"><div class=\"fusion-text fusion-text-1\"><p><b>Die geplante <a href=\"https:\/\/www.mein-pflegejob.de\/blog\/vor-und-nachteile-von-pflegekammern\/\" target=\"_blank\" rel=\"noreferrer noopener\">Pflegekammer<\/a> in Baden-W\u00fcrttemberg wird nicht eingerichtet. Wie das Sozialministerium am Montag mitteilte (10. Juni 2024), wurde das notwendige Quorum um \u00fcber 3.000 Stimmen verfehlt. Damit endet ein jahrelanger Prozess, in dem das Ministerium versucht hatte, Pflegekr\u00e4fte f\u00fcr das Vorhaben zu gewinnen.<\/b><\/p>\n<\/div><div class=\"fusion-image-element \" style=\"text-align:center;--awb-caption-title-font-family:var(--h2_typography-font-family);--awb-caption-title-font-weight:var(--h2_typography-font-weight);--awb-caption-title-font-style:var(--h2_typography-font-style);--awb-caption-title-size:var(--h2_typography-font-size);--awb-caption-title-transform:var(--h2_typography-text-transform);--awb-caption-title-line-height:var(--h2_typography-line-height);--awb-caption-title-letter-spacing:var(--h2_typography-letter-spacing);\"><span class=\" fusion-imageframe imageframe-none imageframe-1 hover-type-none\"><img decoding=\"async\" width=\"400\" height=\"266\" alt=\"Pflegekammer-Diskussion\" title=\"Pflegekammer-Diskussion\" src=\"https:\/\/www.mein-pflegejob.de\/blog\/media\/Pflegekammer-Diskussion-400x266.jpg\" class=\"img-responsive wp-image-4652 disable-lazyload\" srcset=\"https:\/\/www.mein-pflegejob.de\/blog\/media\/Pflegekammer-Diskussion-200x133.jpg 200w, https:\/\/www.mein-pflegejob.de\/blog\/media\/Pflegekammer-Diskussion-400x266.jpg 400w, https:\/\/www.mein-pflegejob.de\/blog\/media\/Pflegekammer-Diskussion-600x399.jpg 600w, https:\/\/www.mein-pflegejob.de\/blog\/media\/Pflegekammer-Diskussion.jpg 640w\" sizes=\"(max-width: 1024px) 100vw, (max-width: 640px) 100vw, 400px\" \/><\/span><\/div><\/div><\/div><\/div><\/div><div class=\"fusion-fullwidth fullwidth-box fusion-builder-row-2 fusion-flex-container has-pattern-background has-mask-background hundred-percent-fullwidth non-hundred-percent-height-scrolling\" style=\"--awb-border-radius-top-left:0px;--awb-border-radius-top-right:0px;--awb-border-radius-bottom-right:0px;--awb-border-radius-bottom-left:0px;--awb-flex-wrap:wrap;\" ><div class=\"fusion-builder-row fusion-row fusion-flex-align-items-center fusion-flex-justify-content-center fusion-flex-content-wrap\" style=\"width:104% !important;max-width:104% !important;margin-left: calc(-4% \/ 2 );margin-right: calc(-4% \/ 2 );\"><div class=\"fusion-layout-column fusion_builder_column fusion-builder-column-2 fusion_builder_column_2_3 2_3 fusion-flex-column\" style=\"--awb-bg-blend:overlay;--awb-bg-size:cover;--awb-width-large:66.666666666667%;--awb-margin-top-large:20px;--awb-spacing-right-large:2.88%;--awb-margin-bottom-large:20px;--awb-spacing-left-large:2.88%;--awb-width-medium:100%;--awb-spacing-right-medium:1.92%;--awb-spacing-left-medium:1.92%;--awb-width-small:100%;--awb-spacing-right-small:1.92%;--awb-spacing-left-small:1.92%;\"><div class=\"fusion-column-wrapper fusion-column-has-shadow fusion-flex-justify-content-flex-start fusion-content-layout-column\"><div class=\"fusion-text fusion-text-2\"><p id=\"wie\">F\u00fcr die Errichtung der Kammer w\u00e4ren mindestens 60 Prozent Zustimmung von den rund 120.000 kontaktierten Pflegefachkr\u00e4ften notwendig gewesen. Obwohl der Gr\u00fcndungsausschuss zun\u00e4chst von einer erfolgreichen Abstimmung ausging, ergab eine \u00dcberpr\u00fcfung des Ministeriums, dass nur etwa 64.000 Personen zugestimmt hatten &#8211; 3.400 zu wenig. Mehr als 53.000 Pflegekr\u00e4fte hatten Einwendungen gegen die Kammer erhoben.<\/p>\n<\/div><div class=\"fusion-separator fusion-full-width-sep\" style=\"align-self: center;margin-left: auto;margin-right: auto;margin-top:20px;margin-bottom:20px;width:100%;\"><\/div><div class=\"fusion-testimonials classic awb-speech-bubble-show fusion-testimonials-1\" style=\"--awb-textcolor:#4a4e57;--awb-backgroundcolor:#e3e3e3;--awb-testimonial-border-style:solid;--awb-testimonial-border-color:var(--awb-color3);--awb-navigation-size:12px;--awb-border-top-left-radius:0px;--awb-border-top-right-radius:0px;--awb-border-bottom-left-radius:0px;--awb-border-bottom-right-radius:0px;--testimonial-border-width-top:0px;--testimonial-border-width-right:0px;--testimonial-border-width-bottom:0px;--testimonial-border-width-left:0px;\" data-random=\"0\" data-speed=\"4000\"><div class=\"reviews\"><div class=\"review active-testimonial alignment-left male\"><blockquote><div class=\"awb-quote\"><div class=\"awb-quote-content\">\r\n<p><em>Es ist kein Geheimnis, dass ich mir die Errichtung einer Pflegekammer gew\u00fcnscht h\u00e4tte. Mit dem vorgeschalteten Quorum wollten wir in Baden-W\u00fcrttemberg einer Landespflegekammer von Anfang an eine starke Legitimation geben. Dies ist nach dem Ergebnis des Registrierungsverfahren leider nicht der Fall. Jetzt gilt es, dieses Ergebnis zu akzeptieren.<\/em><\/p>\r\n<\/div><\/div><span class=\"awb-triangle\"><\/span><\/blockquote><div class=\"author\"><span class=\"testimonial-thumbnail doe\"><\/span><span class=\"company-name\"><strong>Manfred Lucha, Gr\u00fcne<\/strong><\/span><\/div><\/div><\/div><\/div><div class=\"fusion-separator fusion-full-width-sep\" style=\"align-self: center;margin-left: auto;margin-right: auto;margin-top:20px;margin-bottom:20px;width:100%;\"><\/div><div class=\"fusion-title title fusion-title-1 fusion-sep-none fusion-title-center fusion-title-text fusion-title-size-two\"><h2 class=\"fusion-title-heading title-heading-center fusion-responsive-typography-calculated\" style=\"margin:0;--fontSize:36;line-height:1.28;\">Kontroverse um Auslegung der Ergebnisse<\/h2><\/div><div class=\"fusion-text fusion-text-3\"><\/p>\n<p>Der <a href=\"https:\/\/www.pflegekammer-bw.de\/wp-content\/uploads\/2022\/08\/pflege-spielball-der-politik.pdf\" target=\"_blank\" rel=\"noreferrer noopener\">Gr\u00fcndungsausschuss der Landespflegekammer kritisierte die Auslegung der Ergebnisse<\/a> und hielt die gesetzliche Zustimmungsquote f\u00fcr erreicht. Das Sozialministerium erkl\u00e4rte jedoch, dass Einwendungen anders bewertet wurden und somit nicht als Zustimmung galten. Diese unterschiedlichen Bewertungen f\u00fchrten zu einem Disput \u00fcber die tats\u00e4chliche Unterst\u00fctzung f\u00fcr die Kammer.<\/p><\/p>\n<\/div><div class=\"fusion-title title fusion-title-2 fusion-sep-none fusion-title-center fusion-title-text fusion-title-size-three\"><h3 class=\"fusion-title-heading title-heading-center fusion-responsive-typography-calculated\" style=\"margin:0;--fontSize:32;line-height:1.28;\"><h3 style=\"text-align: center;\">Reaktionen aus der Politik und Verb\u00e4nden<\/h3><\/h3><\/div><ul style=\"--awb-line-height:30.6px;--awb-icon-width:30.6px;--awb-icon-height:30.6px;--awb-icon-margin:12.6px;--awb-content-margin:43.2px;--awb-circlecolor:#ffbd00;--awb-circle-yes-font-size:15.84px;\" class=\"fusion-checklist fusion-checklist-1 fusion-checklist-default type-icons\"><li class=\"fusion-li-item\" style=\"\"><span class=\"icon-wrapper circle-yes\"><i class=\"fusion-li-icon fa-angle-right fas\" aria-hidden=\"true\"><\/i><\/span><div class=\"fusion-li-item-content\">\r\n<p>Sozialminister Manfred Lucha (Gr\u00fcne) bedauerte das Scheitern, betonte jedoch, dass die Bem\u00fchungen um eine St\u00e4rkung der Pflege weitergehen m\u00fcssten<\/p>\r\n<\/div><\/li><li class=\"fusion-li-item\" style=\"\"><span class=\"icon-wrapper circle-yes\"><i class=\"fusion-li-icon fa-angle-right fas\" aria-hidden=\"true\"><\/i><\/span><div class=\"fusion-li-item-content\">\r\n<p>Der Deutsche Berufsverband f\u00fcr Pflegeberufe (DBfK) zeigte sich entt\u00e4uscht und kritisierte die zahlreichen Debatten, die den Fokus vom eigentlichen Ziel der Kammer abgelenkt h\u00e4tten.<\/p>\r\n<\/div><\/li><li class=\"fusion-li-item\" style=\"\"><span class=\"icon-wrapper circle-yes\"><i class=\"fusion-li-icon fa-angle-right fas\" aria-hidden=\"true\"><\/i><\/span><div class=\"fusion-li-item-content\">\r\n<p>Die Gewerkschaft ver.di nannte das Verfahren undemokratisch, lobte jedoch Lucha f\u00fcr seine rechtsstaatliche Haltung.<\/p>\r\n<\/div><\/li><li class=\"fusion-li-item\" style=\"\"><span class=\"icon-wrapper circle-yes\"><i class=\"fusion-li-icon fa-angle-right fas\" aria-hidden=\"true\"><\/i><\/span><div class=\"fusion-li-item-content\">\r\n<p>Die SPD sprach von einem &#8222;Scheitern mit Ansage&#8220; und warf Lucha vor, wichtige Stimmen im Vorfeld ignoriert zu haben.<\/p>\r\n<\/div><\/li><\/ul><div class=\"fusion-text fusion-text-4\"><\/p>\n<p>Das Ziel der geplanten Landespflegekammer war unter anderem, durch eine Erh\u00f6hung der Attraktivit\u00e4t des Pflegeberufs ein Beitrag zur Sicherung des Fachkr\u00e4ftebedarfs zu leisten. Wichtige Aufgaben wie zum Beispiel die F\u00f6rderung der Ausbildungen sollten schrittweise der Pflegekammer \u00fcbertragen werden.\u00a0<\/p>\n<p>Eine Expertenmeinung zum Thema Pflegekammer: <a href=\"https:\/\/www.mein-pflegejob.de\/blog\/pflegekammern-eine-expertenmeinung\/\">Pflegekammern \u2013 eine Expertenmeinung<\/a><\/p>\n<p>Quellen<\/p>\n<ul>\n<li><a href=\"https:\/\/sozialministerium.baden-wuerttemberg.de\/de\/service\/presse\/pressemitteilung\/pid\/quorum-zur-errichtung-einer-landespflegekammer-verfehlt\">https:\/\/sozialministerium.baden-wuerttemberg.de\/de\/service\/presse\/pressemitteilung\/pid\/quorum-zur-errichtung-einer-landespflegekammer-verfehlt<\/a><\/li>\n<li><a href=\"https:\/\/www.swr.de\/swraktuell\/baden-wuerttemberg\/pflegekammer-in-bw-endgueltig-gescheitert-100.html\">https:\/\/www.swr.de\/swraktuell\/baden-wuerttemberg\/pflegekammer-in-bw-endgueltig-gescheitert-100.html<\/a><\/li>\n<\/ul>\n<p>&nbsp;<\/p><\/p>\n<\/div><\/div><\/div><\/div><\/div><\/p>","protected":false},"excerpt":{"rendered":"","protected":false},"author":1,"featured_media":4689,"comment_status":"closed","ping_status":"closed","sticky":false,"template":"","format":"standard","meta":{"footnotes":""},"categories":[15],"tags":[],"yoast_head":"<!-- This site is optimized with the Yoast SEO plugin v23.4 - https:\/\/yoast.com\/wordpress\/plugins\/seo\/ -->\n<title>Geplante Landespflegekammer in Baden-W\u00fcrttemberg gescheitert - Magazin Mein Pflegejob<\/title>\n<meta name=\"robots\" content=\"index, follow, max-snippet:-1, max-image-preview:large, max-video-preview:-1\" \/>\n<link rel=\"canonical\" href=\"https:\/\/www.mein-pflegejob.de\/blog\/geplante-landespflegekammer-in-baden-wuerttemberg-gescheitert\/\" \/>\n<meta property=\"og:locale\" content=\"de_DE\" \/>\n<meta property=\"og:type\" content=\"article\" \/>\n<meta property=\"og:title\" content=\"Geplante Landespflegekammer in Baden-W\u00fcrttemberg gescheitert - Magazin Mein Pflegejob\" \/>\n<meta property=\"og:url\" content=\"https:\/\/www.mein-pflegejob.de\/blog\/geplante-landespflegekammer-in-baden-wuerttemberg-gescheitert\/\" \/>\n<meta property=\"og:site_name\" content=\"Magazin Mein Pflegejob\" \/>\n<meta property=\"article:publisher\" content=\"https:\/\/www.facebook.com\/meinpflegejob.meintraumjob\/\" \/>\n<meta property=\"article:published_time\" content=\"2024-06-14T11:07:04+00:00\" \/>\n<meta property=\"og:image\" content=\"https:\/\/www.mein-pflegejob.de\/blog\/media\/diskussion-pflegekammer.jpg\" \/>\n\t<meta property=\"og:image:width\" content=\"1920\" \/>\n\t<meta property=\"og:image:height\" content=\"1280\" \/>\n\t<meta property=\"og:image:type\" content=\"image\/jpeg\" \/>\n<meta name=\"author\" content=\"Isabel\" \/>\n<meta name=\"twitter:card\" content=\"summary_large_image\" \/>\n<meta name=\"twitter:creator\" content=\"@mein_pflegejob\" \/>\n<meta name=\"twitter:site\" content=\"@mein_pflegejob\" \/>\n<script type=\"application\/ld+json\" class=\"yoast-schema-graph\">{\"@context\":\"https:\/\/schema.org\",\"@graph\":[{\"@type\":\"Article\",\"@id\":\"https:\/\/www.mein-pflegejob.de\/blog\/geplante-landespflegekammer-in-baden-wuerttemberg-gescheitert\/#article\",\"isPartOf\":{\"@id\":\"https:\/\/www.mein-pflegejob.de\/blog\/geplante-landespflegekammer-in-baden-wuerttemberg-gescheitert\/\"},\"author\":{\"name\":\"Isabel\",\"@id\":\"https:\/\/www.mein-pflegejob.de\/blog\/#\/schema\/person\/ff30bbd0c3f8ce574c42841b6dbef780\"},\"headline\":\"Geplante Landespflegekammer in Baden-W\u00fcrttemberg gescheitert\",\"datePublished\":\"2024-06-14T11:07:04+00:00\",\"dateModified\":\"2024-06-14T11:07:04+00:00\",\"mainEntityOfPage\":{\"@id\":\"https:\/\/www.mein-pflegejob.de\/blog\/geplante-landespflegekammer-in-baden-wuerttemberg-gescheitert\/\"},\"wordCount\":2350,\"publisher\":{\"@id\":\"https:\/\/www.mein-pflegejob.de\/blog\/#organization\"},\"image\":{\"@id\":\"https:\/\/www.mein-pflegejob.de\/blog\/geplante-landespflegekammer-in-baden-wuerttemberg-gescheitert\/#primaryimage\"},\"thumbnailUrl\":\"https:\/\/www.mein-pflegejob.de\/blog\/media\/diskussion-pflegekammer.jpg\",\"articleSection\":[\"News\"],\"inLanguage\":\"de\"},{\"@type\":\"WebPage\",\"@id\":\"https:\/\/www.mein-pflegejob.de\/blog\/geplante-landespflegekammer-in-baden-wuerttemberg-gescheitert\/\",\"url\":\"https:\/\/www.mein-pflegejob.de\/blog\/geplante-landespflegekammer-in-baden-wuerttemberg-gescheitert\/\",\"name\":\"Geplante Landespflegekammer in Baden-W\u00fcrttemberg gescheitert - Magazin Mein Pflegejob\",\"isPartOf\":{\"@id\":\"https:\/\/www.mein-pflegejob.de\/blog\/#website\"},\"primaryImageOfPage\":{\"@id\":\"https:\/\/www.mein-pflegejob.de\/blog\/geplante-landespflegekammer-in-baden-wuerttemberg-gescheitert\/#primaryimage\"},\"image\":{\"@id\":\"https:\/\/www.mein-pflegejob.de\/blog\/geplante-landespflegekammer-in-baden-wuerttemberg-gescheitert\/#primaryimage\"},\"thumbnailUrl\":\"https:\/\/www.mein-pflegejob.de\/blog\/media\/diskussion-pflegekammer.jpg\",\"datePublished\":\"2024-06-14T11:07:04+00:00\",\"dateModified\":\"2024-06-14T11:07:04+00:00\",\"breadcrumb\":{\"@id\":\"https:\/\/www.mein-pflegejob.de\/blog\/geplante-landespflegekammer-in-baden-wuerttemberg-gescheitert\/#breadcrumb\"},\"inLanguage\":\"de\",\"potentialAction\":[{\"@type\":\"ReadAction\",\"target\":[\"https:\/\/www.mein-pflegejob.de\/blog\/geplante-landespflegekammer-in-baden-wuerttemberg-gescheitert\/\"]}]},{\"@type\":\"ImageObject\",\"inLanguage\":\"de\",\"@id\":\"https:\/\/www.mein-pflegejob.de\/blog\/geplante-landespflegekammer-in-baden-wuerttemberg-gescheitert\/#primaryimage\",\"url\":\"https:\/\/www.mein-pflegejob.de\/blog\/media\/diskussion-pflegekammer.jpg\",\"contentUrl\":\"https:\/\/www.mein-pflegejob.de\/blog\/media\/diskussion-pflegekammer.jpg\",\"width\":1920,\"height\":1280,\"caption\":\"diskussion-pflegekammer | Quelle: Gerd Altmann auf Pixabay\"},{\"@type\":\"BreadcrumbList\",\"@id\":\"https:\/\/www.mein-pflegejob.de\/blog\/geplante-landespflegekammer-in-baden-wuerttemberg-gescheitert\/#breadcrumb\",\"itemListElement\":[{\"@type\":\"ListItem\",\"position\":1,\"name\":\"Home\",\"item\":\"https:\/\/www.mein-pflegejob.de\/blog\/\"},{\"@type\":\"ListItem\",\"position\":2,\"name\":\"Geplante Landespflegekammer in Baden-W\u00fcrttemberg gescheitert\"}]},{\"@type\":\"WebSite\",\"@id\":\"https:\/\/www.mein-pflegejob.de\/blog\/#website\",\"url\":\"https:\/\/www.mein-pflegejob.de\/blog\/\",\"name\":\"Magazin Mein Pflegejob\",\"description\":\"Der Stellenmarkt f\u00fcr die Pflegebranche\",\"publisher\":{\"@id\":\"https:\/\/www.mein-pflegejob.de\/blog\/#organization\"},\"potentialAction\":[{\"@type\":\"SearchAction\",\"target\":{\"@type\":\"EntryPoint\",\"urlTemplate\":\"https:\/\/www.mein-pflegejob.de\/blog\/?s={search_term_string}\"},\"query-input\":{\"@type\":\"PropertyValueSpecification\",\"valueRequired\":true,\"valueName\":\"search_term_string\"}}],\"inLanguage\":\"de\"},{\"@type\":\"Organization\",\"@id\":\"https:\/\/www.mein-pflegejob.de\/blog\/#organization\",\"name\":\"mein-pflegejob\",\"url\":\"https:\/\/www.mein-pflegejob.de\/blog\/\",\"logo\":{\"@type\":\"ImageObject\",\"inLanguage\":\"de\",\"@id\":\"https:\/\/www.mein-pflegejob.de\/blog\/#\/schema\/logo\/image\/\",\"url\":\"https:\/\/www.mein-pflegejob.de\/blog\/media\/Logo_klein.png\",\"contentUrl\":\"https:\/\/www.mein-pflegejob.de\/blog\/media\/Logo_klein.png\",\"width\":256,\"height\":80,\"caption\":\"mein-pflegejob\"},\"image\":{\"@id\":\"https:\/\/www.mein-pflegejob.de\/blog\/#\/schema\/logo\/image\/\"},\"sameAs\":[\"https:\/\/www.facebook.com\/meinpflegejob.meintraumjob\/\",\"https:\/\/x.com\/mein_pflegejob\",\"https:\/\/www.instagram.com\/meinpflegejob\/\",\"https:\/\/www.linkedin.com\/company\/mein-pflegejob-de\/\"]},{\"@type\":\"Person\",\"@id\":\"https:\/\/www.mein-pflegejob.de\/blog\/#\/schema\/person\/ff30bbd0c3f8ce574c42841b6dbef780\",\"name\":\"Isabel\"}]}<\/script>\n<!-- \/ Yoast SEO plugin. -->","yoast_head_json":{"title":"Geplante Landespflegekammer in Baden-W\u00fcrttemberg gescheitert - Magazin Mein Pflegejob","robots":{"index":"index","follow":"follow","max-snippet":"max-snippet:-1","max-image-preview":"max-image-preview:large","max-video-preview":"max-video-preview:-1"},"canonical":"https:\/\/www.mein-pflegejob.de\/blog\/geplante-landespflegekammer-in-baden-wuerttemberg-gescheitert\/","og_locale":"de_DE","og_type":"article","og_title":"Geplante Landespflegekammer in Baden-W\u00fcrttemberg gescheitert - Magazin Mein Pflegejob","og_url":"https:\/\/www.mein-pflegejob.de\/blog\/geplante-landespflegekammer-in-baden-wuerttemberg-gescheitert\/","og_site_name":"Magazin Mein Pflegejob","article_publisher":"https:\/\/www.facebook.com\/meinpflegejob.meintraumjob\/","article_published_time":"2024-06-14T11:07:04+00:00","og_image":[{"width":1920,"height":1280,"url":"https:\/\/www.mein-pflegejob.de\/blog\/media\/diskussion-pflegekammer.jpg","type":"image\/jpeg"}],"author":"Isabel","twitter_card":"summary_large_image","twitter_creator":"@mein_pflegejob","twitter_site":"@mein_pflegejob","schema":{"@context":"https:\/\/schema.org","@graph":[{"@type":"Article","@id":"https:\/\/www.mein-pflegejob.de\/blog\/geplante-landespflegekammer-in-baden-wuerttemberg-gescheitert\/#article","isPartOf":{"@id":"https:\/\/www.mein-pflegejob.de\/blog\/geplante-landespflegekammer-in-baden-wuerttemberg-gescheitert\/"},"author":{"name":"Isabel","@id":"https:\/\/www.mein-pflegejob.de\/blog\/#\/schema\/person\/ff30bbd0c3f8ce574c42841b6dbef780"},"headline":"Geplante Landespflegekammer in Baden-W\u00fcrttemberg gescheitert","datePublished":"2024-06-14T11:07:04+00:00","dateModified":"2024-06-14T11:07:04+00:00","mainEntityOfPage":{"@id":"https:\/\/www.mein-pflegejob.de\/blog\/geplante-landespflegekammer-in-baden-wuerttemberg-gescheitert\/"},"wordCount":2350,"publisher":{"@id":"https:\/\/www.mein-pflegejob.de\/blog\/#organization"},"image":{"@id":"https:\/\/www.mein-pflegejob.de\/blog\/geplante-landespflegekammer-in-baden-wuerttemberg-gescheitert\/#primaryimage"},"thumbnailUrl":"https:\/\/www.mein-pflegejob.de\/blog\/media\/diskussion-pflegekammer.jpg","articleSection":["News"],"inLanguage":"de"},{"@type":"WebPage","@id":"https:\/\/www.mein-pflegejob.de\/blog\/geplante-landespflegekammer-in-baden-wuerttemberg-gescheitert\/","url":"https:\/\/www.mein-pflegejob.de\/blog\/geplante-landespflegekammer-in-baden-wuerttemberg-gescheitert\/","name":"Geplante Landespflegekammer in Baden-W\u00fcrttemberg gescheitert - Magazin Mein Pflegejob","isPartOf":{"@id":"https:\/\/www.mein-pflegejob.de\/blog\/#website"},"primaryImageOfPage":{"@id":"https:\/\/www.mein-pflegejob.de\/blog\/geplante-landespflegekammer-in-baden-wuerttemberg-gescheitert\/#primaryimage"},"image":{"@id":"https:\/\/www.mein-pflegejob.de\/blog\/geplante-landespflegekammer-in-baden-wuerttemberg-gescheitert\/#primaryimage"},"thumbnailUrl":"https:\/\/www.mein-pflegejob.de\/blog\/media\/diskussion-pflegekammer.jpg","datePublished":"2024-06-14T11:07:04+00:00","dateModified":"2024-06-14T11:07:04+00:00","breadcrumb":{"@id":"https:\/\/www.mein-pflegejob.de\/blog\/geplante-landespflegekammer-in-baden-wuerttemberg-gescheitert\/#breadcrumb"},"inLanguage":"de","potentialAction":[{"@type":"ReadAction","target":["https:\/\/www.mein-pflegejob.de\/blog\/geplante-landespflegekammer-in-baden-wuerttemberg-gescheitert\/"]}]},{"@type":"ImageObject","inLanguage":"de","@id":"https:\/\/www.mein-pflegejob.de\/blog\/geplante-landespflegekammer-in-baden-wuerttemberg-gescheitert\/#primaryimage","url":"https:\/\/www.mein-pflegejob.de\/blog\/media\/diskussion-pflegekammer.jpg","contentUrl":"https:\/\/www.mein-pflegejob.de\/blog\/media\/diskussion-pflegekammer.jpg","width":1920,"height":1280,"caption":"diskussion-pflegekammer | Quelle: Gerd Altmann auf Pixabay"},{"@type":"BreadcrumbList","@id":"https:\/\/www.mein-pflegejob.de\/blog\/geplante-landespflegekammer-in-baden-wuerttemberg-gescheitert\/#breadcrumb","itemListElement":[{"@type":"ListItem","position":1,"name":"Home","item":"https:\/\/www.mein-pflegejob.de\/blog\/"},{"@type":"ListItem","position":2,"name":"Geplante Landespflegekammer in Baden-W\u00fcrttemberg gescheitert"}]},{"@type":"WebSite","@id":"https:\/\/www.mein-pflegejob.de\/blog\/#website","url":"https:\/\/www.mein-pflegejob.de\/blog\/","name":"Magazin Mein Pflegejob","description":"Der Stellenmarkt f\u00fcr die Pflegebranche","publisher":{"@id":"https:\/\/www.mein-pflegejob.de\/blog\/#organization"},"potentialAction":[{"@type":"SearchAction","target":{"@type":"EntryPoint","urlTemplate":"https:\/\/www.mein-pflegejob.de\/blog\/?s={search_term_string}"},"query-input":{"@type":"PropertyValueSpecification","valueRequired":true,"valueName":"search_term_string"}}],"inLanguage":"de"},{"@type":"Organization","@id":"https:\/\/www.mein-pflegejob.de\/blog\/#organization","name":"mein-pflegejob","url":"https:\/\/www.mein-pflegejob.de\/blog\/","logo":{"@type":"ImageObject","inLanguage":"de","@id":"https:\/\/www.mein-pflegejob.de\/blog\/#\/schema\/logo\/image\/","url":"https:\/\/www.mein-pflegejob.de\/blog\/media\/Logo_klein.png","contentUrl":"https:\/\/www.mein-pflegejob.de\/blog\/media\/Logo_klein.png","width":256,"height":80,"caption":"mein-pflegejob"},"image":{"@id":"https:\/\/www.mein-pflegejob.de\/blog\/#\/schema\/logo\/image\/"},"sameAs":["https:\/\/www.facebook.com\/meinpflegejob.meintraumjob\/","https:\/\/x.com\/mein_pflegejob","https:\/\/www.instagram.com\/meinpflegejob\/","https:\/\/www.linkedin.com\/company\/mein-pflegejob-de\/"]},{"@type":"Person","@id":"https:\/\/www.mein-pflegejob.de\/blog\/#\/schema\/person\/ff30bbd0c3f8ce574c42841b6dbef780","name":"Isabel"}]}},"_links":{"self":[{"href":"https:\/\/www.mein-pflegejob.de\/blog\/wp-json\/wp\/v2\/posts\/7262"}],"collection":[{"href":"https:\/\/www.mein-pflegejob.de\/blog\/wp-json\/wp\/v2\/posts"}],"about":[{"href":"https:\/\/www.mein-pflegejob.de\/blog\/wp-json\/wp\/v2\/types\/post"}],"author":[{"embeddable":true,"href":"https:\/\/www.mein-pflegejob.de\/blog\/wp-json\/wp\/v2\/users\/1"}],"replies":[{"embeddable":true,"href":"https:\/\/www.mein-pflegejob.de\/blog\/wp-json\/wp\/v2\/comments?post=7262"}],"version-history":[{"count":17,"href":"https:\/\/www.mein-pflegejob.de\/blog\/wp-json\/wp\/v2\/posts\/7262\/revisions"}],"predecessor-version":[{"id":7280,"href":"https:\/\/www.mein-pflegejob.de\/blog\/wp-json\/wp\/v2\/posts\/7262\/revisions\/7280"}],"wp:featuredmedia":[{"embeddable":true,"href":"https:\/\/www.mein-pflegejob.de\/blog\/wp-json\/wp\/v2\/media\/4689"}],"wp:attachment":[{"href":"https:\/\/www.mein-pflegejob.de\/blog\/wp-json\/wp\/v2\/media?parent=7262"}],"wp:term":[{"taxonomy":"category","embeddable":true,"href":"https:\/\/www.mein-pflegejob.de\/blog\/wp-json\/wp\/v2\/categories?post=7262"},{"taxonomy":"post_tag","embeddable":true,"href":"https:\/\/www.mein-pflegejob.de\/blog\/wp-json\/wp\/v2\/tags?post=7262"}],"curies":[{"name":"wp","href":"https:\/\/api.w.org\/{rel}","templated":true}]}}